{"id":173196,"date":"2022-09-28T11:13:11","date_gmt":"2022-09-28T14:13:11","guid":{"rendered":"https:\/\/www.novaconcursos.com.br\/portal\/?p=173196"},"modified":"2024-11-19T13:38:14","modified_gmt":"2024-11-19T16:38:14","slug":"concurso-publico-decreto-altera-limite-de-aprovados-e-validade-de-certame","status":"publish","type":"post","link":"https:\/\/www.novaconcursos.com.br\/portal\/noticias\/concurso-publico-decreto-altera-limite-de-aprovados-e-validade-de-certame\/","title":{"rendered":"Concurso P\u00fablico: Decreto altera limite de aprovados e validade de certame!"},"content":{"rendered":"<p>Muita aten\u00e7\u00e3o concurseiros! Foi <strong>publicado <\/strong>um <strong>decreto <\/strong>nesta semana, que restringe a quantidade de aprovados em <a href=\"https:\/\/www.novaconcursos.com.br\/portal\/concursos-previstos\/nacional\">concurso p\u00fablico<\/a> e tamb\u00e9m a validade dos certames! Entenda melhor!<\/p>\n\n\n\n<ul class=\"wp-block-list\"><li><strong>Confira:<\/strong>\u00a0<a rel=\"noreferrer noopener\" aria-label=\" (abre numa nova aba)\" href=\"https:\/\/www.novaconcursos.com.br\/eventos\/guia-definitivo-como-montar-um-mapa-mental\/\" target=\"_blank\">Guia Definitivo Como montar um mapa mental (Gr\u00e1tis)<\/a><\/li>\n<\/ul><p><\/p>\n\n\n\n<p>Estude para o concurso dos seus sonhos com o\u00a0<strong>M\u00e9todo<\/strong>\u00a0que j\u00e1 ajudou na\u00a0<strong>aprova\u00e7\u00e3o de mais de 70 mil alunos.<\/strong>\u00a0<a rel=\"noreferrer noopener\" aria-label=\" (abre numa nova aba)\" href=\"https:\/\/aprovacao.novaconcursos.com.br\/assinatura\" target=\"_blank\">Clique aqui<\/a>\u00a0e saiba mais!<\/p>\n\n\n\n<h2 class=\"wp-block-heading\" id=\"concurso-pblico-entenda-o-que-muda-com-o-novo-decreto\">Concurso P\u00fablico: entenda o que muda com o novo decreto<\/h2>\n\n\n\n<p>Sendo assim, foi publicado um novo <strong>decreto <\/strong>no Di\u00e1rio Oficial da Uni\u00e3o desta ter\u00e7a-feira (27), que traz mudan\u00e7as em <a href=\"https:\/\/www.novaconcursos.com.br\/portal\/concursos-abertos\/nacional\">concursos p\u00fablicos<\/a>.<\/p>\n\n\n\n<p>Sendo assim, o texto <strong>flexibilizou <\/strong>a cl\u00e1usula de barreira para editais federais que s\u00e3o realizados em mais de uma etapa. <\/p>\n\n\n\n<p>Vale destacar que a<strong> cl\u00e1usula de barreira<\/strong> \u00e9 uma forma de restringir a quantidade de aprovados que seguem para as etapas de um certame. <\/p>\n\n\n\n<p>Sendo assim, ainda que o candidato tenha atingido a<strong> pontua\u00e7\u00e3o m\u00ednima <\/strong>estabelecida em edital, ele pode ser eliminado do concurso.<\/p>\n\n\n\n<p>Ent\u00e3o, anteriormente, em editais com <strong>30 ou mais vagas,<\/strong> o n\u00famero de aprovados deveria corresponder ao dobro do n\u00famero de oportunidades. <\/p>\n\n\n\n<p>Agora, com a flexibiliza\u00e7\u00e3o <strong>atrav\u00e9s do decreto, <\/strong>os editais federais podem convocar o triplo de aprovados em editais com mais de 30 vagas.<\/p>\n\n\n\n<p>Al\u00e9m disso, tamb\u00e9m h\u00e1 mudan\u00e7a <strong>quanto a validade<\/strong> de cada edital dos concursos p\u00fablicos federais. Veja abaixo a nova tabela quanto aos aprovados:<\/p>\n\n\n\n<figure class=\"wp-block-image size-large\"><img decoding=\"async\" width=\"265\" height=\"474\" src=\"https:\/\/www.novaconcursos.com.br\/portal\/wp-content\/uploads\/2022\/09\/tabela-numeros.jpg\" alt=\"\" class=\"wp-image-173200\" loading=\"lazy\" title=\"\" srcset=\"https:\/\/www.novaconcursos.com.br\/portal\/wp-content\/uploads\/2022\/09\/tabela-numeros-168x300.jpg 168w, https:\/\/www.novaconcursos.com.br\/portal\/wp-content\/uploads\/2022\/09\/tabela-numeros.jpg 265w\" sizes=\"auto, (max-width: 480px) 100vw, (max-width: 768px) 100vw, (max-width: 1200px) 70vw, 768px\"><figcaption><\/figcaption><\/figure><h2 class=\"wp-block-heading\" id=\"h-concurso-p-blico-editais-federais-previstos-e-abertos\">Concurso p\u00fablico: veja os editais federais previstos e abertos<\/h2>\n\n\n\n<p>Sendo assim, o decreto pode alterar informa\u00e7\u00f5es nos editais de concursos abertos e previstos no \u00e2mbito federal. Veja alguns:<\/p>\n\n\n\n<h3 class=\"wp-block-heading\">INSS<\/h3>\n\n\n\n<p>Publicado com a oferta de 3.373 vagas, o\u00a0<a href=\"https:\/\/www.novaconcursos.com.br\/portal\/concursos\/concurso-inss\/\">concurso INSS<\/a>\u00a0tem inscri\u00e7\u00f5es abertas at\u00e9 o dia 3 de outubro, por meio do site da banca organizadora, o\u00a0<a rel=\"noreferrer noopener\" href=\"https:\/\/www.cebraspe.org.br\/concursos\/\" target=\"_blank\">Cebraspe<\/a>. O sal\u00e1rio inicial \u00e9 de <strong>R$ 5.905,79<\/strong>\u00a0e a prova objetiva ser\u00e1 aplicada no dia 27 de novembro. <\/p>\n\n\n\n<h3 class=\"wp-block-heading\">Receita Federal<\/h3>\n\n\n\n<p>O novo\u00a0<a href=\"https:\/\/www.novaconcursos.com.br\/portal\/concursos\/concurso-receita-federal\/\">concurso Receita Federal<\/a>\u00a0est\u00e1\u00a0<strong>cada vez mais perto<\/strong>. A\u00a0<strong>banca FGV<\/strong>\u00a0poder\u00e1 receber a qualquer momento a minuta de edital para aprova\u00e7\u00e3o.\u00a0A sele\u00e7\u00e3o ofertar\u00e1\u00a0<strong>699 vagas.<\/strong> O edital deve sair em outubro e as provas serem aplicadas em janeiro de 2023.<\/p>\n\n\n\n<h3 class=\"wp-block-heading\">Bacen<\/h3>\n\n\n\n<p>De acordo com o\u00a0<strong>secret\u00e1rio Especial do Minist\u00e9rio da Economia (ME)<\/strong>, Leonardo Sultani, a pr\u00f3xima sele\u00e7\u00e3o do\u00a0<a href=\"https:\/\/www.novaconcursos.com.br\/portal\/concursos\/concurso-bacen\/\">concurso Bacen<\/a>\u00a0ser\u00e1 realizada em 2023. O aval \u00e9 aguardado ansiosamente. Foram solicitadas<strong> 245 vagas <\/strong>para os cargos de Analista, T\u00e9cnicos e Procuradores. Assim, veja:<\/p>\n\n\n\n<ul class=\"wp-block-list\"><li><strong>Analistas:<\/strong>\u00a0200 vagas;<\/li>\n\n\n\n<li><strong>T\u00e9cnicos:<\/strong>\u00a030 vagas<\/li>\n\n\n\n<li><strong>Procuradores:<\/strong>\u00a015 vagas<\/li>\n<\/ul><p><\/p>\n\n\n\n<p>No entanto, de acordo com o \u00f3rg\u00e3o, atualmente o Banco Central tem<strong>\u00a03.035 cargos vagos<\/strong>. Ent\u00e3o, veja a distribui\u00e7\u00e3o:<\/p>\n\n\n\n<ul class=\"wp-block-list\"><li><strong>Analista:<\/strong>\u00a02.470 vac\u00e2ncias;<\/li>\n\n\n\n<li><strong>Procurador:<\/strong>\u00a0138 vac\u00e2ncias;<\/li>\n\n\n\n<li><strong>T\u00e9cnico:<\/strong>\u00a0427 vac\u00e2ncias.<\/li>\n<\/ul><figure class=\"wp-block-image size-large\"><a href=\"https:\/\/aprovacao.novaconcursos.com.br\/assinatura\"><img decoding=\"async\" src=\"https:\/\/www.novaconcursos.com.br\/portal\/wp-content\/uploads\/2022\/01\/Faixa-Frete-Gr%E2%80%A0tis-portal.png\" alt=\"assinatura completa\" class=\"wp-image-153078\" loading=\"lazy\" title=\"\"><\/a><figcaption><\/figcaption><\/figure>","protected":false},"excerpt":{"rendered":"<p>Muita aten\u00e7\u00e3o concurseiros! Foi publicado um decreto nesta semana, que restringe a quantidade de aprovados em concurso p\u00fablico e tamb\u00e9m a validade dos certames! Entenda melhor! Estude para o concurso dos seus sonhos com o\u00a0M\u00e9todo\u00a0que j\u00e1 ajudou na\u00a0aprova\u00e7\u00e3o de mais de 70 mil alunos.\u00a0Clique aqui\u00a0e saiba mais! Concurso P\u00fablico: entenda o que muda com o [&hellip;]<\/p>\n","protected":false},"author":54671,"featured_media":156720,"comment_status":"closed","ping_status":"closed","sticky":false,"template":"","format":"standard","meta":{"_acf_changed":false,"footnotes":"","_wp_rev_ctl_limit":""},"categories":[228],"tags":[],"class_list":["post-173196","post","type-post","status-publish","format-standard","has-post-thumbnail","hentry","category-noticias"],"acf":[],"_links":{"self":[{"href":"https:\/\/www.novaconcursos.com.br\/portal\/wp-json\/wp\/v2\/posts\/173196","targetHints":{"allow":["GET"]}}],"collection":[{"href":"https:\/\/www.novaconcursos.com.br\/portal\/wp-json\/wp\/v2\/posts"}],"about":[{"href":"https:\/\/www.novaconcursos.com.br\/portal\/wp-json\/wp\/v2\/types\/post"}],"author":[{"embeddable":true,"href":"https:\/\/www.novaconcursos.com.br\/portal\/wp-json\/wp\/v2\/users\/54671"}],"replies":[{"embeddable":true,"href":"https:\/\/www.novaconcursos.com.br\/portal\/wp-json\/wp\/v2\/comments?post=173196"}],"version-history":[{"count":6,"href":"https:\/\/www.novaconcursos.com.br\/portal\/wp-json\/wp\/v2\/posts\/173196\/revisions"}],"predecessor-version":[{"id":262038,"href":"https:\/\/www.novaconcursos.com.br\/portal\/wp-json\/wp\/v2\/posts\/173196\/revisions\/262038"}],"wp:featuredmedia":[{"embeddable":true,"href":"https:\/\/www.novaconcursos.com.br\/portal\/wp-json\/wp\/v2\/media\/156720"}],"wp:attachment":[{"href":"https:\/\/www.novaconcursos.com.br\/portal\/wp-json\/wp\/v2\/media?parent=173196"}],"wp:term":[{"taxonomy":"category","embeddable":true,"href":"https:\/\/www.novaconcursos.com.br\/portal\/wp-json\/wp\/v2\/categories?post=173196"},{"taxonomy":"post_tag","embeddable":true,"href":"https:\/\/www.novaconcursos.com.br\/portal\/wp-json\/wp\/v2\/tags?post=173196"}],"curies":[{"name":"wp","href":"https:\/\/api.w.org\/{rel}","templated":true}]}}