{"id":173205,"date":"2022-09-28T11:44:32","date_gmt":"2022-09-28T14:44:32","guid":{"rendered":"https:\/\/www.novaconcursos.com.br\/portal\/?p=173205"},"modified":"2022-09-28T11:44:37","modified_gmt":"2022-09-28T14:44:37","slug":"concurso-agetransp-rj-novo-edital-autorizado","status":"publish","type":"post","link":"https:\/\/www.novaconcursos.com.br\/portal\/noticias\/concurso-agetransp-rj-novo-edital-autorizado\/","title":{"rendered":"Concurso Agetransp RJ: Novo edital autorizado!"},"content":{"rendered":"<p>Aten\u00e7\u00e3o concurseiros! Est\u00e1 <strong>autorizado <\/strong>um novo edital para o <a href=\"https:\/\/www.novaconcursos.com.br\/portal\/concursos\/concurso-agetransp-rj\/\">concurso Agetransp RJ<\/a> (Ag\u00eancia Reguladora de Servi\u00e7os P\u00fablicos Concedidos de Transportes do Rio de Janeiro). Ser\u00e3o ofertadas<strong> 25 vagas<\/strong> segundo a previs\u00e3o. Saiba detalhes!<\/p>\n\n\n\n<ul class=\"wp-block-list\"><li><strong>Confira:<\/strong>\u00a0<a rel=\"noreferrer noopener\" aria-label=\" (abre numa nova aba)\" href=\"https:\/\/www.novaconcursos.com.br\/eventos\/guia-definitivo-como-montar-um-mapa-mental\/\" target=\"_blank\">Guia Definitivo Como montar um mapa mental (Gr\u00e1tis)<\/a><\/li><\/ul><p><\/p>\n\n\n\n<p>Estude para o concurso dos seus sonhos com o\u00a0<strong>M\u00e9todo<\/strong>\u00a0que j\u00e1 ajudou na\u00a0<strong>aprova\u00e7\u00e3o de mais de 70 mil alunos.<\/strong>\u00a0<a rel=\"noreferrer noopener\" aria-label=\" (abre numa nova aba)\" href=\"https:\/\/aprovacao.novaconcursos.com.br\/assinatura\" target=\"_blank\">Clique aqui<\/a>\u00a0e saiba mais!<\/p>\n\n\n\n<h2 class=\"wp-block-heading\" id=\"concurso-agetransp-rj-quando-sai-o-novo-edital\">Concurso Agetransp RJ: quando sai o novo edital?<\/h2>\n\n\n\n<p>\u00c9 o que os concurseiros querem saber! E o edital do concurso da Ag\u00eancia Reguladora de Servi\u00e7os P\u00fablicos Concedidos de Transportes do <a href=\"https:\/\/www.novaconcursos.com.br\/portal\/concursos-previstos\/rj\/\">Rio de Janeiro<\/a> deve sair nos pr\u00f3ximos meses.<\/p>\n\n\n\n<p>Isso porque a sele\u00e7\u00e3o recebeu autoriza\u00e7\u00e3o nesta semana. Entretanto, <strong>n\u00e3o h\u00e1 uma data concreta <\/strong>para publica\u00e7\u00e3o.<\/p>\n\n\n\n<p>Assim,<strong> ser\u00e3o 25 vagas<\/strong>, sendo 15 vagas para Especialista em Regula\u00e7\u00e3o, 5 para Analista T\u00e9cnico e 5 para Assist\u00eancia T\u00e9cnico de Regula\u00e7\u00e3o. <\/p>\n\n\n\n<h3 class=\"wp-block-heading\">Concurso chegou a ser anunciado em 2015<\/h3>\n\n\n\n<p>Assim, em 2015, o concurso chegou a\u00a0ser anunciado e ter a Funda\u00e7\u00e3o Get\u00falio Vargas (<strong>FGV<\/strong>) confirmada como <strong>banca <\/strong>organizadora.<\/p>\n\n\n\n<p>Entretanto, ele acabou <strong>suspenso <\/strong>devido ao agravamento da crise econ\u00f4mica do Estado do Rio de Janeiro.<\/p>\n\n\n\n<p>Assim, segundo informa\u00e7\u00f5es, as remunera\u00e7\u00f5es eram\u00a0de <strong>R$2.160 <\/strong>para assistente, <strong>R$4.530<\/strong> para analista e <strong>R$5.670 <\/strong>para especialista.<\/p>\n\n\n\n<h3 class=\"wp-block-heading\">Quadro de pessoal<\/h3>\n\n\n\n<p>Atualmente, o quadro de pessoal da autarquia \u00e9 <strong>composto <\/strong>por servidores concursados e comissionados, al\u00e9m de funcion\u00e1rios cedidos de outros \u00f3rg\u00e3os.\u00a0<\/p>\n\n\n\n<p>Sendo assim, o maior desafio, nos \u00faltimos anos, \u00e9 <strong>estruturar <\/strong>o seu quadro de servidores. <\/p>\n\n\n\n<p>Portanto, em 2014, uma Lei criou<strong> 70 vagas <\/strong>para a empresa. Ent\u00e3o, veja:<\/p>\n\n\n\n<ul class=\"wp-block-list\"><li>15 para assistente t\u00e9cnico de regula\u00e7\u00e3o (n\u00edvel m\u00e9dio);<\/li><li>15 de analista t\u00e9cnico (superior); e<\/li><li>40 de especialista em regula\u00e7\u00e3o (superior).<\/li><\/ul><p><\/p>\n\n\n\n<p>Al\u00e9m disso, segundo um despacho do governador, o <strong>pr\u00f3ximo edital <\/strong>deve observar\u00a0a propor\u00e7\u00e3o de cargos prevista nesta lei. <\/p>\n\n\n\n<p>Desta forma, \u00e9 poss\u00edvel que um <strong>cadastro de reserva<\/strong> ainda seja formado, para que possa ser utilizado durante toda validade do concurso.<\/p>\n\n\n\n<h2 class=\"wp-block-heading\" id=\"concurso-agetransp-rj-foi-recomendado-na-cpi-dos-trens\"><strong>Concurso Agetransp RJ foi recomendado na CPI dos Trens<\/strong><\/h2>\n\n\n\n<p>Entre as recomenda\u00e7\u00f5es do relat\u00f3rio da<strong> CPI dos Trens da Alerj<\/strong> est\u00e1 um novo concurso Agetransp RJ.<\/p>\n\n\n\n<p>Vale destacar que o relat\u00f3rio foi conclu\u00eddo no \u00faltimo dia<strong> 5 de setembro<\/strong> e viabilizado pelo relator da comiss\u00e3o, deputado Waldeck Carneiro.<\/p>\n\n\n\n<p>Assim, o documento foi entregue na Assembleia Legislativa do Estado do Rio de Janeiro, e informou que a sele\u00e7\u00e3o \u00e9 <strong>necess\u00e1ria<\/strong>.<\/p>\n\n\n\n<p><em>\u201cOutra recomenda\u00e7\u00e3o urgent\u00edssima \u00e9 a realiza\u00e7\u00e3o de concurso p\u00fablico para a Agetransp, para que ela possa cumprir o papel regulat\u00f3rio fiscalizador, j\u00e1 que, at\u00e9 hoje, desde sua exist\u00eancia, nunca houve um concurso p\u00fablico\u201d, <\/em>disse o deputado.<\/p>\n\n\n\n<p><em>\u201cCriada em 2005, a ag\u00eancia reguladora do setor de transporte jamais realizou um concurso p\u00fablico! Este fato\u00a0somado \u00e0 alta rotatividade de secret\u00e1rios estaduais de transporte est\u00e3o na base do total descompromisso dos governos estaduais, inclusive do atual, com a estabilidade da pol\u00edtica de transporte e, sobretudo, com a melhoria e da qualidade dos servi\u00e7os prestados \u00e0 popula\u00e7\u00e3o\u201d,<\/em> diz trecho do relat\u00f3rio.<\/p>\n\n\n\n<h2 class=\"wp-block-heading\" id=\"ltimo-concurso-agetransp-rj-\">\u00daltimo concurso <strong>Agetransp RJ<\/strong> <\/h2>\n\n\n\n<p>Sendo assim, o <strong>\u00faltimo\u00a0concurso <\/strong>da Ag\u00eancia Reguladora de Servi\u00e7os P\u00fablicos Concedidos de Transportes do <a href=\"https:\/\/www.novaconcursos.com.br\/portal\/concursos-abertos\/rj\/\">Rio de Janeiro<\/a> ocorreu em <strong>2002<\/strong>, ou seja, h\u00e1 20 anos atr\u00e1s.<\/p>\n\n\n\n<figure class=\"wp-block-image size-large\"><a href=\"https:\/\/aprovacao.novaconcursos.com.br\/assinatura\" target=\"_blank\" rel=\"noreferrer noopener\"><img decoding=\"async\" src=\"https:\/\/www.novaconcursos.com.br\/portal\/wp-content\/uploads\/2022\/01\/Faixa-Frete-Gr%E2%80%A0tis-portal.png\" alt=\"assinatura completa\" class=\"wp-image-153078\" loading=\"lazy\" title=\"\"><\/a><figcaption><\/figcaption><\/figure>","protected":false},"excerpt":{"rendered":"<p>Aten\u00e7\u00e3o concurseiros! Est\u00e1 autorizado um novo edital para o concurso Agetransp RJ (Ag\u00eancia Reguladora de Servi\u00e7os P\u00fablicos Concedidos de Transportes do Rio de Janeiro). Ser\u00e3o ofertadas 25 vagas segundo a previs\u00e3o. Saiba detalhes! Confira:\u00a0Guia Definitivo Como montar um mapa mental (Gr\u00e1tis) Estude para o concurso dos seus sonhos com o\u00a0M\u00e9todo\u00a0que j\u00e1 ajudou na\u00a0aprova\u00e7\u00e3o de mais [&hellip;]<\/p>\n","protected":false},"author":54671,"featured_media":173208,"comment_status":"closed","ping_status":"closed","sticky":false,"template":"","format":"standard","meta":{"_acf_changed":false,"footnotes":"","_wp_rev_ctl_limit":""},"categories":[228],"tags":[],"class_list":["post-173205","post","type-post","status-publish","format-standard","has-post-thumbnail","hentry","category-noticias"],"acf":[],"_links":{"self":[{"href":"https:\/\/www.novaconcursos.com.br\/portal\/wp-json\/wp\/v2\/posts\/173205","targetHints":{"allow":["GET"]}}],"collection":[{"href":"https:\/\/www.novaconcursos.com.br\/portal\/wp-json\/wp\/v2\/posts"}],"about":[{"href":"https:\/\/www.novaconcursos.com.br\/portal\/wp-json\/wp\/v2\/types\/post"}],"author":[{"embeddable":true,"href":"https:\/\/www.novaconcursos.com.br\/portal\/wp-json\/wp\/v2\/users\/54671"}],"replies":[{"embeddable":true,"href":"https:\/\/www.novaconcursos.com.br\/portal\/wp-json\/wp\/v2\/comments?post=173205"}],"version-history":[{"count":5,"href":"https:\/\/www.novaconcursos.com.br\/portal\/wp-json\/wp\/v2\/posts\/173205\/revisions"}],"predecessor-version":[{"id":173217,"href":"https:\/\/www.novaconcursos.com.br\/portal\/wp-json\/wp\/v2\/posts\/173205\/revisions\/173217"}],"wp:featuredmedia":[{"embeddable":true,"href":"https:\/\/www.novaconcursos.com.br\/portal\/wp-json\/wp\/v2\/media\/173208"}],"wp:attachment":[{"href":"https:\/\/www.novaconcursos.com.br\/portal\/wp-json\/wp\/v2\/media?parent=173205"}],"wp:term":[{"taxonomy":"category","embeddable":true,"href":"https:\/\/www.novaconcursos.com.br\/portal\/wp-json\/wp\/v2\/categories?post=173205"},{"taxonomy":"post_tag","embeddable":true,"href":"https:\/\/www.novaconcursos.com.br\/portal\/wp-json\/wp\/v2\/tags?post=173205"}],"curies":[{"name":"wp","href":"https:\/\/api.w.org\/{rel}","templated":true}]}}