{"id":173571,"date":"2022-10-03T10:47:01","date_gmt":"2022-10-03T13:47:01","guid":{"rendered":"https:\/\/www.novaconcursos.com.br\/portal\/?p=173571"},"modified":"2024-11-07T14:01:47","modified_gmt":"2024-11-07T17:01:47","slug":"concurso-sedf-candidatos-ja-podem-conferir-locais-de-prova","status":"publish","type":"post","link":"https:\/\/www.novaconcursos.com.br\/portal\/noticias\/concurso-sedf-candidatos-ja-podem-conferir-locais-de-prova\/","title":{"rendered":"Concurso SEDF: Candidatos j\u00e1 podem conferir locais de prova!"},"content":{"rendered":"<p>Aten\u00e7\u00e3o concurseiros! As <strong>provas <\/strong>objetivas do\u00a0<a href=\"https:\/\/www.novaconcursos.com.br\/portal\/concursos\/concurso-sedf\/\">concurso SEDF<\/a>\u00a0ser\u00e3o aplicadas nos dias 9 e 16 de outubro para mais de 93 mil inscritos. Portanto, confira os locais de prova. S\u00e3o\u00a0<strong>4.254 vagas<\/strong>, com sal\u00e1rios de at\u00e9\u00a0<strong>R$ 5.497,13!\u00a0<\/strong> <\/p>\n\n\n\n<ul class=\"wp-block-list\"><li><strong>Confira:\u00a0<\/strong><a rel=\"noreferrer noopener\" aria-label=\" (abre numa nova aba)\" href=\"https:\/\/www.novaconcursos.com.br\/eventos\/guia-definitivo-como-montar-um-mapa-mental\/\" target=\"_blank\">Como montar um mapa mental \u2013 Gr\u00e1tis<\/a><\/li><\/ul><p><\/p>\n\n\n\n<p>Estude para o concurso dos seus sonhos com o\u00a0<strong>M\u00e9todo<\/strong>\u00a0que j\u00e1 ajudou na\u00a0<strong>aprova\u00e7\u00e3o de mais de 70 mil alunos.<\/strong>\u00a0<a rel=\"noreferrer noopener\" aria-label=\" (abre numa nova aba)\" href=\"https:\/\/aprovacao.novaconcursos.com.br\/assinatura\" target=\"_blank\">Clique aqui<\/a>\u00a0e saiba mais!<\/p>\n\n\n\n<h2 class=\"wp-block-heading\" id=\"concurso-sedf-provas-se-aproximando-saiba-detalhes\">Concurso SEDF: provas se aproximando; saiba detalhes!<\/h2>\n\n\n\n<p>Portanto, as <strong>provas <\/strong>objetivas do concurso da Secretaria de Educa\u00e7\u00e3o do\u00a0<a href=\"https:\/\/www.novaconcursos.com.br\/portal\/concursos-previstos\/df\/\">Distrito Federal<\/a>\u00a0est\u00e3o se aproximando e ser\u00e3o <strong>aplicadas em outubro.<\/strong><\/p>\n\n\n\n<p>Portanto, \u00e9 importante que os inscritos na sele\u00e7\u00e3o saibam <strong>detalhes das avalia\u00e7\u00f5es,<\/strong> como os locais de aplica\u00e7\u00e3o e o n\u00famero de inscritos!<\/p>\n\n\n\n<p><strong>Quando os aprovados ser\u00e3o convocados?\u00a0<\/strong><a href=\"https:\/\/www.novaconcursos.com.br\/portal\/noticias\/concurso-sedf-quando-aprovados-convocados-subsecretaria-revela\/\">Subsecret\u00e1ria revela detalhes da posse<\/a>!<\/p>\n\n\n\n<h3 class=\"wp-block-heading\">Datas de aplica\u00e7\u00e3o<\/h3>\n\n\n\n<p>Assim, as\u00a0<strong>provas\u00a0<\/strong>objetivas e discursivas ser\u00e3o aplicadas em outubro, em car\u00e1ter eliminat\u00f3rio e classificat\u00f3rio. Confira as\u00a0<strong>datas<\/strong>:<\/p>\n\n\n\n<ul class=\"wp-block-list\"><li>9 de outubro<ul><li>Pedagogo (turno da manh\u00e3)<\/li><li>Professor (turno da tarde);<\/li><\/ul><\/li><li>16 de outubro<ul><li>Gestor.<\/li><\/ul><\/li><\/ul><p><\/p>\n\n\n\n<h3 class=\"wp-block-heading\">Locais de prova<\/h3>\n\n\n\n<p>Portanto, os inscritos j\u00e1 podem consultar os locais de prova, atrav\u00e9s do portal do <a href=\"http:\/\/www.quadrix.org.br\/todos-os-concursos\/em-andamento\/seedfsecretaria-de-estado-de-educacao-do-distrito-federal.aspx\" target=\"_blank\" rel=\"noopener\">Instituto Quadrix<\/a>. <\/p>\n\n\n\n<h3 class=\"wp-block-heading\">Como ser\u00e3o as provas?<\/h3>\n\n\n\n<p>Ademais, a\u00a0<strong>avalia\u00e7\u00e3o <\/strong>ser\u00e1 composta por quest\u00f5es de conhecimentos gerais e espec\u00edficos. Sendo assim, confira:<\/p>\n\n\n\n<ul class=\"wp-block-list\"><li><strong>Conhecimentos b\u00e1sicos<\/strong>\u00a0\u2013 40 quest\u00f5es<ul><li>L\u00edngua Portuguesa<\/li><li>Lei Org\u00e2nica do Distrito Federal<\/li><li>No\u00e7\u00f5es de Direito Administrativo<\/li><li>Bases legais e temas da educa\u00e7\u00e3o nacional e distrital<\/li><li>Atualidades<\/li><\/ul><\/li><li><strong>Conhecimentos complementares (N\u00edvel Superior)<\/strong>\u00a0\u2013 30 quest\u00f5es<ul><li>Legisla\u00e7\u00e3o espec\u00edfica<\/li><li>Temas educacionais e pedag\u00f3gicos\u00a0<strong>(Magist\u00e9rio)<\/strong><\/li><\/ul><\/li><li><strong>Conhecimentos espec\u00edficos<\/strong>\u00a0\u2013 50 quest\u00f5es<\/li><\/ul><p><\/p>\n\n\n\n<h3 class=\"wp-block-heading\">Discursiva<\/h3>\n\n\n\n<p>Ademais, a prova discursiva valer\u00e1<strong>\u00a030 pontos!<\/strong>\u00a0Nesta etapa, os candidatos precisam elaborar um texto dissertativo de, no m\u00ednimo, 20 linhas e, no m\u00e1ximo, 30 linhas.<\/p>\n\n\n\n<p>Portanto, o tema ser\u00e1 relacionado aos\u00a0<strong>conhecimentos b\u00e1sicos<\/strong>\u00a0constantes no conte\u00fado program\u00e1tico do edital.<\/p>\n\n\n\n<h2 class=\"wp-block-heading\" id=\"concurso-sedf-vagas-cargos-e-salrios\">Concurso SEDF: vagas, cargos e sal\u00e1rios<\/h2>\n\n\n\n<p>Posteriormente, o concurso da Secretaria de Educa\u00e7\u00e3o do <a href=\"https:\/\/www.novaconcursos.com.br\/portal\/concursos-abertos\/df\/\">Distrito Federal<\/a> foi publicado em julho e est\u00e1\u00a0<strong>ofertando\u00a0<\/strong>um total de\u00a0<strong>4.254 vagas.<\/strong><\/p>\n\n\n\n<p>Assim, as oportunidades\u00a0est\u00e3o divididas\u00a0<strong>entre imediatas e cadastro reserva<\/strong>. Portanto, confira:<\/p>\n\n\n\n<ul class=\"wp-block-list\"><li><strong>Professor de Educa\u00e7\u00e3o B\u00e1sica:<\/strong>\u00a0776 vagas imediatas + 3.104 cadastro de reserva;<\/li><li><strong>Pedagogo-Orientador Educacional:<\/strong>\u00a020 vagas imediatas + 80 cadastro de reserva;<\/li><li><strong>Analista de Gest\u00e3o Educacional:<\/strong>\u00a016 vagas imediatas + 258 cadastro de reserva.<\/li><\/ul><p><\/p>\n\n\n\n<p>J\u00e1 em rela\u00e7\u00e3o aos sal\u00e1rios dos contratados, eles s\u00e3o entre\u00a0<strong>R$ 1.680 e R$ 6.619,20,<\/strong>\u00a0inicialmente. Portanto, veja a distribui\u00e7\u00e3o:<\/p>\n\n\n\n<ul class=\"wp-block-list\"><li><strong>Professor de Educa\u00e7\u00e3o B\u00e1sica:<\/strong>\u00a0R$ 5.497,13 (remunera\u00e7\u00e3o de R$ 4.228,56 + Gratifica\u00e7\u00e3o de Atividade Pedag\u00f3gica de R$ 1.268,57)<\/li><li><strong>Pedagogo:<\/strong>\u00a0R$ 5.497,13 (remunera\u00e7\u00e3o de R$ 4.228,56 + Gratifica\u00e7\u00e3o de Atividade Pedag\u00f3gica de R$ 1.268,57)<\/li><li><strong>Gestor em Pol\u00edticas P\u00fablicas e Gest\u00e3o Educacional:<\/strong>\u00a0R$ 4.223,76 (remunera\u00e7\u00e3o de R$ 3.016,97 + Gratifica\u00e7\u00e3o de Incentivo \u00e0 Carreira de R$ 1.206,79)<\/li><\/ul><p><\/p>\n\n\n\n<h3 class=\"wp-block-heading\">N\u00famero de inscritos<\/h3>\n\n\n\n<p>Portanto, foram registradas<strong>\u00a093.129 inscri\u00e7\u00f5es homologadas<\/strong>, segundo dados divulgados pelo Instituto Quadrix.<\/p>\n\n\n\n<p>Al\u00e9m disso, o destaque ficou por conta do cargo de Professor de Educa\u00e7\u00e3o B\u00e1sica na \u00e1rea de Atividades, que recebeu\u00a0<strong>43.115 inscri\u00e7\u00f5es.<\/strong><\/p>\n\n\n\n<figure class=\"wp-block-image size-large\"><a href=\"https:\/\/aprovacao.novaconcursos.com.br\/assinatura\" target=\"_blank\" rel=\"noreferrer noopener\"><img decoding=\"async\" src=\"https:\/\/www.novaconcursos.com.br\/portal\/wp-content\/uploads\/2022\/01\/Faixa-Frete-Gr%E2%80%A0tis-portal.png\" alt=\"assinatura completa\" class=\"wp-image-153078\" loading=\"lazy\" title=\"\"><\/a><figcaption><\/figcaption><\/figure>","protected":false},"excerpt":{"rendered":"<p>Aten\u00e7\u00e3o concurseiros! As provas objetivas do\u00a0concurso SEDF\u00a0ser\u00e3o aplicadas nos dias 9 e 16 de outubro para mais de 93 mil inscritos. Portanto, confira os locais de prova. S\u00e3o\u00a04.254 vagas, com sal\u00e1rios de at\u00e9\u00a0R$ 5.497,13!\u00a0 Confira:\u00a0Como montar um mapa mental \u2013 Gr\u00e1tis Estude para o concurso dos seus sonhos com o\u00a0M\u00e9todo\u00a0que j\u00e1 ajudou na\u00a0aprova\u00e7\u00e3o de mais [&hellip;]<\/p>\n","protected":false},"author":54671,"featured_media":157383,"comment_status":"closed","ping_status":"closed","sticky":false,"template":"","format":"standard","meta":{"_acf_changed":false,"footnotes":"","_wp_rev_ctl_limit":""},"categories":[228],"tags":[],"class_list":["post-173571","post","type-post","status-publish","format-standard","has-post-thumbnail","hentry","category-noticias"],"acf":[],"_links":{"self":[{"href":"https:\/\/www.novaconcursos.com.br\/portal\/wp-json\/wp\/v2\/posts\/173571","targetHints":{"allow":["GET"]}}],"collection":[{"href":"https:\/\/www.novaconcursos.com.br\/portal\/wp-json\/wp\/v2\/posts"}],"about":[{"href":"https:\/\/www.novaconcursos.com.br\/portal\/wp-json\/wp\/v2\/types\/post"}],"author":[{"embeddable":true,"href":"https:\/\/www.novaconcursos.com.br\/portal\/wp-json\/wp\/v2\/users\/54671"}],"replies":[{"embeddable":true,"href":"https:\/\/www.novaconcursos.com.br\/portal\/wp-json\/wp\/v2\/comments?post=173571"}],"version-history":[{"count":5,"href":"https:\/\/www.novaconcursos.com.br\/portal\/wp-json\/wp\/v2\/posts\/173571\/revisions"}],"predecessor-version":[{"id":300393,"href":"https:\/\/www.novaconcursos.com.br\/portal\/wp-json\/wp\/v2\/posts\/173571\/revisions\/300393"}],"wp:featuredmedia":[{"embeddable":true,"href":"https:\/\/www.novaconcursos.com.br\/portal\/wp-json\/wp\/v2\/media\/157383"}],"wp:attachment":[{"href":"https:\/\/www.novaconcursos.com.br\/portal\/wp-json\/wp\/v2\/media?parent=173571"}],"wp:term":[{"taxonomy":"category","embeddable":true,"href":"https:\/\/www.novaconcursos.com.br\/portal\/wp-json\/wp\/v2\/categories?post=173571"},{"taxonomy":"post_tag","embeddable":true,"href":"https:\/\/www.novaconcursos.com.br\/portal\/wp-json\/wp\/v2\/tags?post=173571"}],"curies":[{"name":"wp","href":"https:\/\/api.w.org\/{rel}","templated":true}]}}