{"id":173752,"date":"2022-10-05T08:41:54","date_gmt":"2022-10-05T11:41:54","guid":{"rendered":"https:\/\/www.novaconcursos.com.br\/portal\/?p=173752"},"modified":"2022-10-05T08:41:59","modified_gmt":"2022-10-05T11:41:59","slug":"concurso-see-mg-saiu-projeto-basico-19-mil-vagas-previstas","status":"publish","type":"post","link":"https:\/\/www.novaconcursos.com.br\/portal\/noticias\/concurso-see-mg-saiu-projeto-basico-19-mil-vagas-previstas\/","title":{"rendered":"Concurso SEE MG: Saiu o projeto b\u00e1sico! 19 mil vagas previstas!"},"content":{"rendered":"<p>Aten\u00e7\u00e3o concurseiros! De acordo com o projeto b\u00e1sico, o novo <a href=\"https:\/\/www.novaconcursos.com.br\/portal\/concursos\/concurso-educacao-mg-see-mg\/\">concurso SEE MG<\/a> pretende oferecer <strong>19.871 vagas<\/strong> para cargos dos n\u00edveis m\u00e9dio, t\u00e9cnico e superior. Saiba mais!<\/p>\n\n\n\n<p>Al\u00e9m disso, vale mencionar que a sele\u00e7\u00e3o j\u00e1 est\u00e1 em processo de <strong>escolha da banca<\/strong>. Dessa forma, ap\u00f3s a escolha e assinatura do contrato com a banca organizadora, o pr\u00f3ximo passo \u00e9 a publica\u00e7\u00e3o do edital.<\/p>\n\n\n\n<ul class=\"wp-block-list\"><li><strong>Confira: <\/strong><a href=\"https:\/\/www.novaconcursos.com.br\/livro\/600-questoes-comentadas-lingua-portuguesa-isabella-ramiro?q=600https:\/\/www.novaconcursos.com.br\/livro\/600-questoes-comentadas-lingua-portuguesa-isabella-ramiro?q=600\">Livro 600 Quest\u00f5es Comentadas L\u00edngua Portuguesa<\/a><\/li><\/ul><p><\/p>\n\n\n\n<p>Estude para o concurso dos seus sonhos com o <strong>M\u00e9todo <\/strong>que j\u00e1 ajudou na <strong>aprova\u00e7\u00e3o de mais de 70 mil alunos!<\/strong> <a rel=\"noreferrer noopener\" aria-label=\"Clique aqui (abre numa nova aba)\" href=\"https:\/\/aprovacao.novaconcursos.com.br\/assinatura\" target=\"_blank\">Clique aqui<\/a> e saiba mais!<\/p>\n\n\n\n<h2 class=\"wp-block-heading\" id=\"concurso-see-mg-vagas-oferecidas\">Concurso SEE MG: Vagas oferecidas<\/h2>\n\n\n\n<p>Ao todo, a sele\u00e7\u00e3o pretende oferecer 19.871 vagas divididas entre as seguintes especialidades:<\/p>\n\n\n\n<ul class=\"wp-block-list\"><li><strong>Professor de Educa\u00e7\u00e3o B\u00e1sica (PEB):<\/strong> 13.121 vagas<\/li><li><strong>Sal\u00e1rio: <\/strong>R$ 2,350.49 <ul><li> L\u00edngua Portuguesa<\/li><li>L\u00edngua Inglesa<\/li><li>Arte<\/li><li>Educa\u00e7\u00e3o F\u00edsica<\/li><li>Matem\u00e1tica<\/li><li>Qu\u00edmica<\/li><li>F\u00edsica<\/li><li>Biologia<\/li><li>Ci\u00eancias<\/li><li>Hist\u00f3ria<\/li><li>Geografia<\/li><li>Filosofia<\/li><li>Sociologia<\/li><li>Ensino Religioso<\/li><li>Pedagogia <\/li><\/ul><\/li><\/ul><p><\/p>\n\n\n\n<ul class=\"wp-block-list\"><li><strong>Especialista em Educa\u00e7\u00e3o B\u00e1sica (EEB)<\/strong>: 1.656 vagas<\/li><li><strong>Sal\u00e1rio:<\/strong> R$ 2.350,49<ul><li>Pedagogia<\/li><\/ul><\/li><\/ul><p><\/p>\n\n\n\n<ul class=\"wp-block-list\"><li><strong>Analista Educacional \u2013 Inspetor Escolar (ANE-IE)<\/strong>: 438 vagas<\/li><li><strong>Sal\u00e1rio:<\/strong> R$ 5.876,21<ul><li>Pedagogia ou Licenciatura <\/li><\/ul><\/li><\/ul><p><\/p>\n\n\n\n<ul class=\"wp-block-list\"><li><strong>Analista Educacional (ANE)<\/strong>: 407 vagas<\/li><li><strong>Sal\u00e1rio:<\/strong> R$ 3.917,48<ul><li> Pedagogia<\/li><li>Direito<\/li><li>Nutri\u00e7\u00e3o<\/li><li>Contabilidade<\/li><li>Tecnologia da Informa\u00e7\u00e3o <\/li><\/ul><\/li><\/ul><p><\/p>\n\n\n\n<ul class=\"wp-block-list\"><li><strong>Analista de Educa\u00e7\u00e3o B\u00e1sica (AEB)<\/strong>: 545 vagas<\/li><li><strong>Sal\u00e1rio:<\/strong> R$ 2.938,11<ul><li>Psicologia<\/li><li>Terapia Ocupacional<\/li><li>Fisioterapia<\/li><li>Fonoaudiologia Assist\u00eancia Social <\/li><\/ul><\/li><\/ul><p><\/p>\n\n\n\n<ul class=\"wp-block-list\"><li><strong>T\u00e9cnico da Educa\u00e7\u00e3o (TDE)<\/strong>: 311 vagas<\/li><li><strong>Sal\u00e1rio:<\/strong> R$ 2.165,25<ul><li>Ensino m\u00e9dio<\/li><\/ul><\/li><\/ul><p><\/p>\n\n\n\n<ul class=\"wp-block-list\"><li><strong>Assistente T\u00e9cnico de Educa\u00e7\u00e3o B\u00e1sica (ATB)<\/strong>: 3.393 vagas<\/li><li><strong>Sal\u00e1rio: <\/strong>R$ 1.623,94<ul><li>Ensino m\u00e9dio<\/li><\/ul><\/li><\/ul><p><\/p>\n\n\n\n<h2 class=\"wp-block-heading\" id=\"provas-e-etapas\">Provas e etapas<\/h2>\n\n\n\n<p>Segundo o projeto b\u00e1sico, a sele\u00e7\u00e3o ser\u00e1 divida em <strong>tr\u00eas etapas:<\/strong><\/p>\n\n\n\n<ul class=\"wp-block-list\"><li>Prova objetiva<\/li><li>Prova discursiva<\/li><li>Avalia\u00e7\u00e3o de t\u00edtulos (exceto para o cargo de t\u00e9cnico da Educa\u00e7\u00e3o)<\/li><\/ul><p><\/p>\n\n\n\n<p>Assim, a <strong>prova objetiva<\/strong> ser\u00e1 composta de <strong>50 quest\u00f5es <\/strong>de m\u00faltipla escolha divididas entre os seguintes conhecimentos:<\/p>\n\n\n\n<ul class=\"wp-block-list\"><li>L\u00edngua Portuguesa: 10 quest\u00f5es<\/li><li>Matem\u00e1tica: 5 quest\u00f5es<\/li><li>Conhecimentos Espec\u00edficos: 20 quest\u00f5es<\/li><li>Legisla\u00e7\u00e3o Educacional: 10 quest\u00f5es<\/li><li>Direitos Humanos: 5 quest\u00f5es<\/li><\/ul><p><\/p>\n\n\n\n<p>Em contrapartida, a<strong> prova discursiva<\/strong> ser\u00e1 composta de um texto dissertativo sobre um tema in\u00e9dito e atual.<\/p>\n\n\n\n<p>Contudo, vale mencionar que o governo prev\u00ea <strong>510 mil inscritos <\/strong>no certame, sendo a maioria para a carreira de professor e t\u00e9cnico da Educa\u00e7\u00e3o B\u00e1sica.<\/p>\n\n\n\n<figure class=\"wp-block-image size-large\"><a href=\"https:\/\/aprovacao.novaconcursos.com.br\/assinatura\" target=\"_blank\" rel=\"noreferrer noopener\"><img decoding=\"async\" src=\"https:\/\/www.novaconcursos.com.br\/portal\/wp-content\/uploads\/2022\/01\/Faixa-Frete-Gr%E2%80%A0tis-portal.png\" alt=\"assinatura completa\" class=\"wp-image-153078\" loading=\"lazy\" title=\"\"><\/a><figcaption><\/figcaption><\/figure>","protected":false},"excerpt":{"rendered":"<p>Aten\u00e7\u00e3o concurseiros! De acordo com o projeto b\u00e1sico, o novo concurso SEE MG pretende oferecer 19.871 vagas para cargos dos n\u00edveis m\u00e9dio, t\u00e9cnico e superior. Saiba mais! Al\u00e9m disso, vale mencionar que a sele\u00e7\u00e3o j\u00e1 est\u00e1 em processo de escolha da banca. Dessa forma, ap\u00f3s a escolha e assinatura do contrato com a banca organizadora, [&hellip;]<\/p>\n","protected":false},"author":54679,"featured_media":162782,"comment_status":"closed","ping_status":"closed","sticky":false,"template":"","format":"standard","meta":{"_acf_changed":false,"footnotes":"","_wp_rev_ctl_limit":""},"categories":[228],"tags":[],"class_list":["post-173752","post","type-post","status-publish","format-standard","has-post-thumbnail","hentry","category-noticias"],"acf":[],"_links":{"self":[{"href":"https:\/\/www.novaconcursos.com.br\/portal\/wp-json\/wp\/v2\/posts\/173752","targetHints":{"allow":["GET"]}}],"collection":[{"href":"https:\/\/www.novaconcursos.com.br\/portal\/wp-json\/wp\/v2\/posts"}],"about":[{"href":"https:\/\/www.novaconcursos.com.br\/portal\/wp-json\/wp\/v2\/types\/post"}],"author":[{"embeddable":true,"href":"https:\/\/www.novaconcursos.com.br\/portal\/wp-json\/wp\/v2\/users\/54679"}],"replies":[{"embeddable":true,"href":"https:\/\/www.novaconcursos.com.br\/portal\/wp-json\/wp\/v2\/comments?post=173752"}],"version-history":[{"count":10,"href":"https:\/\/www.novaconcursos.com.br\/portal\/wp-json\/wp\/v2\/posts\/173752\/revisions"}],"predecessor-version":[{"id":173777,"href":"https:\/\/www.novaconcursos.com.br\/portal\/wp-json\/wp\/v2\/posts\/173752\/revisions\/173777"}],"wp:featuredmedia":[{"embeddable":true,"href":"https:\/\/www.novaconcursos.com.br\/portal\/wp-json\/wp\/v2\/media\/162782"}],"wp:attachment":[{"href":"https:\/\/www.novaconcursos.com.br\/portal\/wp-json\/wp\/v2\/media?parent=173752"}],"wp:term":[{"taxonomy":"category","embeddable":true,"href":"https:\/\/www.novaconcursos.com.br\/portal\/wp-json\/wp\/v2\/categories?post=173752"},{"taxonomy":"post_tag","embeddable":true,"href":"https:\/\/www.novaconcursos.com.br\/portal\/wp-json\/wp\/v2\/tags?post=173752"}],"curies":[{"name":"wp","href":"https:\/\/api.w.org\/{rel}","templated":true}]}}