{"id":173960,"date":"2022-10-06T11:22:36","date_gmt":"2022-10-06T14:22:36","guid":{"rendered":"https:\/\/www.novaconcursos.com.br\/portal\/?p=173960"},"modified":"2022-10-06T11:22:41","modified_gmt":"2022-10-06T14:22:41","slug":"concurso-mp-rr-nova-selecao-para-promotores-em-pauta","status":"publish","type":"post","link":"https:\/\/www.novaconcursos.com.br\/portal\/noticias\/concurso-mp-rr-nova-selecao-para-promotores-em-pauta\/","title":{"rendered":"Concurso MP RR: Nova sele\u00e7\u00e3o para Promotores em pauta!"},"content":{"rendered":"<p>Aten\u00e7\u00e3o concurseiros! Um novo\u00a0<a href=\"https:\/\/www.novaconcursos.com.br\/portal\/concursos\/concurso-mp-rr\/\">concurso MP RR<\/a>\u00a0(Minist\u00e9rio P\u00fablico de Roraima) para <strong>Promotores <\/strong>est\u00e1 em pauta e deve ser publicado em breve. A comiss\u00e3o ir\u00e1 se <strong>reunir <\/strong>esta semana para analisar os documentos. Entenda!<\/p>\n\n\n\n<ul class=\"wp-block-list\"><li><strong>Confira:<\/strong>\u00a0<a rel=\"noreferrer noopener\" aria-label=\" (abre numa nova aba)\" href=\"https:\/\/www.novaconcursos.com.br\/eventos\/guia-definitivo-como-montar-um-mapa-mental\/\" target=\"_blank\">Guia Definitivo Como montar um mapa mental (Gr\u00e1tis)<\/a><\/li><\/ul><p><\/p>\n\n\n\n<p>Estude para o concurso dos seus sonhos com o\u00a0<strong>M\u00e9todo<\/strong>\u00a0que j\u00e1 ajudou na\u00a0<strong>aprova\u00e7\u00e3o de mais de 70 mil alunos.<\/strong>\u00a0<a rel=\"noreferrer noopener\" aria-label=\" (abre numa nova aba)\" href=\"https:\/\/aprovacao.novaconcursos.com.br\/assinatura\" target=\"_blank\">Clique aqui<\/a>\u00a0e saiba mais!<\/p>\n\n\n\n<h2 class=\"wp-block-heading\" id=\"concurso-mp-rr-novo-edital-em-breve\">Concurso MP RR: novo edital em breve<\/h2>\n\n\n\n<p>Portanto, \u00e9 importante destacar que <strong>novos editais<\/strong> para o concurso do Minist\u00e9rio P\u00fablico de\u00a0<a href=\"https:\/\/www.novaconcursos.com.br\/portal\/concursos-previstos\/rr\/\">Roraima<\/a> est\u00e3o em pauta.<\/p>\n\n\n\n<p>Assim, nesta pr\u00f3xima sexta-feira, 7 de outubro, a comiss\u00e3o organizadora da sele\u00e7\u00e3o ir\u00e1 se reunir para deliberar sobre a <strong>minuta do edital.\u00a0 <\/strong><\/p>\n\n\n\n<p>Ent\u00e3o, os membros devem analisar o documento, o cronograma proposto e demais pontos. Assim, o<strong> aval pode ser dado<\/strong> e o edital sair em breve!<\/p>\n\n\n\n<p>Al\u00e9m disso, ser\u00e3o vagas para <strong>Promotores<\/strong>, carreira que tem como requisitos: Bacharelado em Direito e, no m\u00ednimo, tr\u00eas anos de atividade jur\u00eddica, ap\u00f3s a obten\u00e7\u00e3o do Bacharelado.\u00a0 <\/p>\n\n\n\n<p>Ademais, as remunera\u00e7\u00f5es iniciais s\u00e3o de <strong>R$28.724,40<\/strong>. Al\u00e9m disso, j\u00e1 est\u00e3o confirmadas que todas as etapas ser\u00e3o em Boa Vista, capital de <a href=\"https:\/\/www.novaconcursos.com.br\/portal\/concursos-abertos\/rr\/\">Roraima<\/a>.<\/p>\n\n\n\n<p>Por fim, a banca organizadora j\u00e1 est\u00e1 confirmada e ser\u00e1 o <strong>Instituto AOCP <\/strong>o respons\u00e1vel por receber as inscri\u00e7\u00f5es, al\u00e9m de viabilizar e aplicar as etapas, como as provas objetivas.\u00a0<\/p>\n\n\n\n<p>Vale destacar que a dispensa de licita\u00e7\u00e3o que confirmou a contrata\u00e7\u00e3o do Instituto AOCP foi <strong>divulgada em abril<\/strong> deste ano.\u00a0<\/p>\n\n\n\n<h2 class=\"wp-block-heading\" id=\"mp-rr-tem-concurso-aberto-para-tcnicos-e-analistas\"><strong>MP RR tem concurso aberto para t\u00e9cnicos e analistas<\/strong><\/h2>\n\n\n\n<p>Sendo assim, um outro concurso do Minist\u00e9rio P\u00fablico de\u00a0Roraima\u00a0est\u00e1 ofertando um total de 33 vagas para a \u00e1rea de apoio. Assim, s\u00e3o:<\/p>\n\n\n\n<ul class=\"wp-block-list\"><li><strong>N\u00edvel m\u00e9dio\/T\u00e9cnico<\/strong><ul><li>Tecnologia da informa\u00e7\u00e3o:<strong>\u00a03 ampla \/\/ 1 PCDs \/\/ 1 cotas<\/strong><\/li><li>Apoio T\u00e9cnico-Administrativo:\u00a0<strong>16 ampla \/\/ 1 PCDs \/\/ 3 cotas<\/strong><\/li><\/ul><\/li><li><strong>N\u00edvel superior<\/strong><ul><li>Analista<ul><li>Arquiteto:\u00a0<strong>1 vaga ampla<\/strong><\/li><li>Assistente Social:\u00a0<strong>2 vagas ampla<\/strong><\/li><li>Engenheiro Civil:\u00a0<strong>1 vaga ampla<\/strong><\/li><li>Pedagogo:\u00a0<strong>1 vaga ampla<\/strong><\/li><li>Psic\u00f3logo:\u00a0<strong>2 vagas ampla<\/strong><\/li><li>Desenvolvimento de Sistemas\/Suporte e Infraestrutura\/Seguran\u00e7a da Informa\u00e7\u00e3o:\u00a0<strong>1 vaga ampla<\/strong><\/li><\/ul><\/li><\/ul><\/li><\/ul><p><\/p>\n\n\n\n<p>Ademais, em rela\u00e7\u00e3o aos sal\u00e1rios iniciais, eles s\u00e3o de:\u00a0<strong>R$ 4.628,76<\/strong>\u00a0(n\u00edveis m\u00e9dio\/t\u00e9cnico) e\u00a0<strong>R$ 9.257,37<\/strong>\u00a0(n\u00edvel superior).<\/p>\n\n\n\n<p>Entretanto, as inscri\u00e7\u00f5es se encerraram no dia 5 de setembro e as provas objetivas ser\u00e3o aplicadas no dia\u00a0<strong>23 de outubro<\/strong>.<\/p>\n\n\n\n<p>Sendo assim, para Analista ser\u00e3o no turno matutino, enquanto para T\u00e9cnico a aplica\u00e7\u00e3o \u00e9 no turno vespertino.<\/p>\n\n\n\n<p>Composta de\u00a0<strong>120 quest\u00f5es,<\/strong>\u00a0a objetiva ter\u00e1 5 alternativas, sendo que cada quest\u00e3o ter\u00e1 apenas uma correta. Portanto, conhe\u00e7a as\u00a0<strong>disciplinas<\/strong>:<\/p>\n\n\n\n<ul class=\"wp-block-list\"><li><strong>N\u00edvel t\u00e9cnico<\/strong><ul><li>Prova Objetiva<ul><li>L\u00edngua Portuguesa: 15 quest\u00f5es<\/li><li>Racioc\u00ednio L\u00f3gico e Matem\u00e1tico: 15 quest\u00f5es<\/li><li>Atualidades: 15 quest\u00f5es<\/li><li>Legisla\u00e7\u00e3o Estadual: 15 quest\u00f5es<\/li><li>No\u00e7\u00f5es de Direito Administrativo e Direito Constitucional: 20 quest\u00f5es<\/li><li>Conhecimento Espec\u00edfico: 40\u00a0quest\u00f5es<\/li><\/ul><\/li><li>Prova discursiva<ul><li>01 quest\u00e3o de valor m\u00e1ximo de 10 pontos.<\/li><\/ul><\/li><\/ul><\/li><li><strong>N\u00edvel superior<\/strong><ul><li>Prova objetiva<ul><li>L\u00edngua Portuguesa:15 quest\u00f5es<\/li><li>Racioc\u00ednio L\u00f3gico e Matem\u00e1tico:15 quest\u00f5es<\/li><li>Atualidades:15 quest\u00f5es<\/li><li>Legisla\u00e7\u00e3o Estadual:15 quest\u00f5es<\/li><li>No\u00e7\u00f5es de Direito Administrativo e Direito Constitucional:15 quest\u00f5es<\/li><li>Conhecimento Espec\u00edfico:15 quest\u00f5es<\/li><\/ul><\/li><li>Prova discursiva<ul><li>01 quest\u00e3o valendo 10 pontos.<\/li><\/ul><\/li><\/ul><\/li><\/ul><p><\/p>\n\n\n\n<figure class=\"wp-block-image size-large\"><a href=\"https:\/\/aprovacao.novaconcursos.com.br\/assinatura\" target=\"_blank\" rel=\"noreferrer noopener\"><img decoding=\"async\" src=\"https:\/\/www.novaconcursos.com.br\/portal\/wp-content\/uploads\/2022\/01\/Faixa-Frete-Gr%E2%80%A0tis-portal.png\" alt=\"assinatura completa\" class=\"wp-image-153078\" loading=\"lazy\" title=\"\"><\/a><figcaption><\/figcaption><\/figure>","protected":false},"excerpt":{"rendered":"<p>Aten\u00e7\u00e3o concurseiros! Um novo\u00a0concurso MP RR\u00a0(Minist\u00e9rio P\u00fablico de Roraima) para Promotores est\u00e1 em pauta e deve ser publicado em breve. A comiss\u00e3o ir\u00e1 se reunir esta semana para analisar os documentos. Entenda! Confira:\u00a0Guia Definitivo Como montar um mapa mental (Gr\u00e1tis) Estude para o concurso dos seus sonhos com o\u00a0M\u00e9todo\u00a0que j\u00e1 ajudou na\u00a0aprova\u00e7\u00e3o de mais de [&hellip;]<\/p>\n","protected":false},"author":54671,"featured_media":155759,"comment_status":"closed","ping_status":"closed","sticky":false,"template":"","format":"standard","meta":{"_acf_changed":false,"footnotes":"","_wp_rev_ctl_limit":""},"categories":[228],"tags":[],"class_list":["post-173960","post","type-post","status-publish","format-standard","has-post-thumbnail","hentry","category-noticias"],"acf":[],"_links":{"self":[{"href":"https:\/\/www.novaconcursos.com.br\/portal\/wp-json\/wp\/v2\/posts\/173960","targetHints":{"allow":["GET"]}}],"collection":[{"href":"https:\/\/www.novaconcursos.com.br\/portal\/wp-json\/wp\/v2\/posts"}],"about":[{"href":"https:\/\/www.novaconcursos.com.br\/portal\/wp-json\/wp\/v2\/types\/post"}],"author":[{"embeddable":true,"href":"https:\/\/www.novaconcursos.com.br\/portal\/wp-json\/wp\/v2\/users\/54671"}],"replies":[{"embeddable":true,"href":"https:\/\/www.novaconcursos.com.br\/portal\/wp-json\/wp\/v2\/comments?post=173960"}],"version-history":[{"count":4,"href":"https:\/\/www.novaconcursos.com.br\/portal\/wp-json\/wp\/v2\/posts\/173960\/revisions"}],"predecessor-version":[{"id":173967,"href":"https:\/\/www.novaconcursos.com.br\/portal\/wp-json\/wp\/v2\/posts\/173960\/revisions\/173967"}],"wp:featuredmedia":[{"embeddable":true,"href":"https:\/\/www.novaconcursos.com.br\/portal\/wp-json\/wp\/v2\/media\/155759"}],"wp:attachment":[{"href":"https:\/\/www.novaconcursos.com.br\/portal\/wp-json\/wp\/v2\/media?parent=173960"}],"wp:term":[{"taxonomy":"category","embeddable":true,"href":"https:\/\/www.novaconcursos.com.br\/portal\/wp-json\/wp\/v2\/categories?post=173960"},{"taxonomy":"post_tag","embeddable":true,"href":"https:\/\/www.novaconcursos.com.br\/portal\/wp-json\/wp\/v2\/tags?post=173960"}],"curies":[{"name":"wp","href":"https:\/\/api.w.org\/{rel}","templated":true}]}}