{"id":173970,"date":"2022-10-06T11:37:04","date_gmt":"2022-10-06T14:37:04","guid":{"rendered":"https:\/\/www.novaconcursos.com.br\/portal\/?p=173970"},"modified":"2024-11-13T15:29:12","modified_gmt":"2024-11-13T18:29:12","slug":"concurso-pm-es-confira-lista-de-candidatos-que-terao-a-redacao-corrigida","status":"publish","type":"post","link":"https:\/\/www.novaconcursos.com.br\/portal\/noticias\/concurso-pm-es-confira-lista-de-candidatos-que-terao-a-redacao-corrigida\/","title":{"rendered":"Concurso PM ES: Confira lista de candidatos que ter\u00e3o a reda\u00e7\u00e3o corrigida!"},"content":{"rendered":"<p>Aten\u00e7\u00e3o, concurseiros! Ofertando <strong>1.052 vagas,<\/strong> o\u00a0<a href=\"https:\/\/www.novaconcursos.com.br\/portal\/concursos\/concurso-pm-es\/\">concurso PM ES<\/a>\u00a0\u00a0(Pol\u00edcia Militar do Esp\u00edrito Santo), para cargos de n\u00edveis\u00a0<strong>m\u00e9dio e t\u00e9cnico<\/strong>, j\u00e1 teve provas aplicadas. Veja quem ter\u00e1 a reda\u00e7\u00e3o corrigida!<\/p>\n\n\n\n<ul class=\"wp-block-list\"><li><strong>Confira:<\/strong>\u00a0<a rel=\"noreferrer noopener\" aria-label=\" (abre numa nova aba)\" href=\"https:\/\/www.novaconcursos.com.br\/eventos\/guia-definitivo-como-montar-um-mapa-mental\/\" target=\"_blank\">Guia Definitivo Como montar um mapa mental (Gr\u00e1tis)<\/a><\/li>\n<\/ul><p><\/p>\n\n\n\n<p>Estude para o concurso dos seus sonhos com o\u00a0<strong>M\u00e9todo<\/strong>\u00a0que j\u00e1 ajudou na\u00a0<strong>aprova\u00e7\u00e3o de mais de 70 mil alunos.<\/strong>\u00a0<a href=\"https:\/\/aprovacao.novaconcursos.com.br\/assinatura\">Clique\u00a0aqui<\/a>\u00a0e saiba mais!<\/p>\n\n\n\n<h2 class=\"wp-block-heading\" id=\"concurso-pm-es-provas-se-aproximando-saiba-detalhes\">Concurso PM ES: provas se aproximando; saiba detalhes<\/h2>\n\n\n\n<p>Assim, as\u00a0<strong>provas\u00a0<\/strong>objetivas do concurso da Pol\u00edcia Militar do\u00a0<a href=\"https:\/\/www.novaconcursos.com.br\/portal\/concursos-previstos\/es\/\">Esp\u00edrito Santo<\/a> foram aplicadas no dia<strong>\u00a021 de agosto.<\/strong><\/p>\n\n\n\n<p>Sendo assim, ap\u00f3s a publica\u00e7\u00e3o do resultado preliminar e dos recursos, o Instituto AOCP divulgou o resultado final das provas.<\/p>\n\n\n\n<p>Al\u00e9m disso, a banca organizadora ainda deu in\u00edcio a fase de corre\u00e7\u00e3o das provas discursivas.\u00a0<\/p>\n\n\n\n<p>Ademais, a banca j\u00e1\u00a0<strong>divulgou em seu site\u00a0<\/strong>a lista de candidatos que ter\u00e3o a prova discursiva corrigida. Portanto, veja a rela\u00e7\u00e3o por cargo:<\/p>\n\n\n\n<p><\/p>\n\n\n\n<h3 class=\"wp-block-heading\">Demais etapas<\/h3>\n\n\n\n<p>Sendo assim, o <strong>resultado preliminar<\/strong> da discursiva ser\u00e1 divulgado em breve e os aprovados na primeira fase ser\u00e3o convocados para as pr\u00f3ximas. Ent\u00e3o, veja:<\/p>\n\n\n\n<ul class=\"wp-block-list\"><li>Exame Intelectual (Prova objetiva e Prova de reda\u00e7\u00e3o);<\/li>\n\n\n\n<li>Entrega de Documenta\u00e7\u00e3o para Aferi\u00e7\u00e3o de Idade;<\/li>\n\n\n\n<li>Teste de Aptid\u00e3o F\u00edsica;<\/li>\n\n\n\n<li>Avalia\u00e7\u00e3o Psicol\u00f3gica;<\/li>\n\n\n\n<li>Prova Pr\u00e1tica de M\u00fasica (para M\u00fasico);<\/li>\n\n\n\n<li>Investiga\u00e7\u00e3o Social;<\/li>\n\n\n\n<li>Exames de Sa\u00fade;<\/li>\n\n\n\n<li>Classifica\u00e7\u00e3o final para o Curso de Forma\u00e7\u00e3o;<\/li>\n\n\n\n<li>Entrega da documenta\u00e7\u00e3o para fins de Matr\u00edcula;<\/li>\n\n\n\n<li>Realiza\u00e7\u00e3o do Curso de Forma\u00e7\u00e3o de Soldados;<\/li>\n\n\n\n<li>Resultado Final e encerramento do Curso de Forma\u00e7\u00e3o de Soldado.<\/li>\n<\/ul><p><\/p>\n\n\n\n<h2 class=\"wp-block-heading\" id=\"concurso-pm-es-vagas-cargos-e-remuneraes\">Concurso PM ES: vagas, cargos e remunera\u00e7\u00f5es<\/h2>\n\n\n\n<p>Sendo assim, o concurso da Pol\u00edcia Militar do\u00a0<a href=\"https:\/\/www.novaconcursos.com.br\/portal\/concursos-abertos\/es\/\">Esp\u00edrito Santo<\/a>\u00a0oferta\u00a0<strong>1.052 vagas\u00a0<\/strong>para os cargos de Soldado<strong>\u00a0Combatente<\/strong>, Soldado\u00a0<strong>Auxiliar de Sa\u00fade<\/strong>\u00a0e Soldado\u00a0<strong>M\u00fasico.<\/strong><\/p>\n\n\n\n<p>Al\u00e9m disso, para concorrer \u00e9 preciso que os candidatos possuam o<strong>\u00a0n\u00edvel m\u00e9dio<\/strong>\u00a0(Combatente e M\u00fasico) e\u00a0<strong>t\u00e9cnico<\/strong>\u00a0(Auxiliar) de escolaridade.<\/p>\n\n\n\n<p>Ademais, \u00e9 necess\u00e1rio que o candidato possua idade m\u00ednima de\u00a0<strong>18 anos<\/strong>\u00a0na data de matr\u00edcula no Curso de Forma\u00e7\u00e3o, e idade m\u00e1xima de\u00a0<strong>28 anos,<\/strong>\u00a0no primeiro dia de inscri\u00e7\u00e3o no concurso.<\/p>\n\n\n\n<p>Nesse sentido, confira a<strong>\u00a0distribui\u00e7\u00e3o<\/strong>\u00a0das oportunidades entre os cargos contemplados pelo edital:<\/p>\n\n\n\n<ul class=\"wp-block-list\"><li>Soldado Combatente \u2013 1.000 vagas;<\/li>\n\n\n\n<li>Soldado Auxiliar de Sa\u00fade \u2013 30 vagas, sendo:\n<ul class=\"wp-block-list\"><li>T\u00e9cnico em:\n<ul class=\"wp-block-list\"><li>Farm\u00e1cia \u2013 03 vagas;<\/li>\n\n\n\n<li>Laborat\u00f3rio \u2013 03 vagas;<\/li>\n\n\n\n<li>Sa\u00fade Bucal \u2013 12 vagas;<\/li>\n\n\n\n<li>Enfermagem \u2013 10 vagas;<\/li>\n\n\n\n<li>Veterin\u00e1ria \u2013 02 vagas;<\/li>\n<\/ul><\/li>\n\n\n\n<li>Soldado M\u00fasico \u2013 22 vagas, sendo:\n<ul class=\"wp-block-list\"><li>Flautim em D\u00f3 \u2013 02 vagas;<\/li>\n\n\n\n<li>Clarineta em Si bemol \u2013 08 vagas;<\/li>\n\n\n\n<li>Saxofone Tenor em Si bemol \u2013 02 vagas;<\/li>\n\n\n\n<li>Trompa em F\u00e1 \u2013 02 vagas;<\/li>\n\n\n\n<li>Trompete em Si bemol \u2013 02 vagas;<\/li>\n\n\n\n<li>Trombone de Vara em Si bemol \u2013 01 vaga;<\/li>\n\n\n\n<li>Bombardino em Si bemol \u2013 02 vagas;<\/li>\n\n\n\n<li>Tuba em Si bemol \u2013 02 vagas;<\/li>\n\n\n\n<li>Percuss\u00e3o \u2013 01 vaga.<\/li>\n<\/ul><\/li>\n<\/ul><\/li>\n<\/ul><p><\/p>\n\n\n\n<p>Al\u00e9m disso, os aprovados contar\u00e3o, durante o\u00a0<strong>Curso de Forma\u00e7\u00e3o,<\/strong>\u00a0com um sal\u00e1rio no valor de\u00a0<strong>R$ 1.505,96<\/strong>\u00a0mais o aux\u00edlio-alimenta\u00e7\u00e3o de\u00a0<strong>R$ 300,00.<\/strong><\/p>\n\n\n\n<p>Entretanto, ap\u00f3s a finaliza\u00e7\u00e3o do curso, nos cargos de<strong>\u00a0Soldado,<\/strong>\u00a0as remunera\u00e7\u00f5es passam a ser de\u00a0<strong>R$ 3.735,79,<\/strong>\u00a0al\u00e9m dos R$ 300,00 de\u00a0<strong>aux\u00edlio-alimenta\u00e7\u00e3o.<\/strong><\/p>\n\n\n\n<figure class=\"wp-block-image size-large\"><a href=\"https:\/\/aprovacao.novaconcursos.com.br\/assinatura\" target=\"_blank\" rel=\"noreferrer noopener\"><img decoding=\"async\" src=\"https:\/\/www.novaconcursos.com.br\/portal\/wp-content\/uploads\/2022\/01\/Faixa-Frete-Gr%E2%80%A0tis-portal.png\" alt=\"assinatura completa\" class=\"wp-image-153078\" loading=\"lazy\" title=\"\"><\/a><figcaption><\/figcaption><\/figure>","protected":false},"excerpt":{"rendered":"<p>Aten\u00e7\u00e3o, concurseiros! Ofertando 1.052 vagas, o\u00a0concurso PM ES\u00a0\u00a0(Pol\u00edcia Militar do Esp\u00edrito Santo), para cargos de n\u00edveis\u00a0m\u00e9dio e t\u00e9cnico, j\u00e1 teve provas aplicadas. Veja quem ter\u00e1 a reda\u00e7\u00e3o corrigida! Estude para o concurso dos seus sonhos com o\u00a0M\u00e9todo\u00a0que j\u00e1 ajudou na\u00a0aprova\u00e7\u00e3o de mais de 70 mil alunos.\u00a0Clique\u00a0aqui\u00a0e saiba mais! Concurso PM ES: provas se aproximando; saiba [&hellip;]<\/p>\n","protected":false},"author":54671,"featured_media":155863,"comment_status":"closed","ping_status":"closed","sticky":false,"template":"","format":"standard","meta":{"_acf_changed":false,"footnotes":"","_wp_rev_ctl_limit":""},"categories":[228],"tags":[],"class_list":["post-173970","post","type-post","status-publish","format-standard","has-post-thumbnail","hentry","category-noticias"],"acf":[],"_links":{"self":[{"href":"https:\/\/www.novaconcursos.com.br\/portal\/wp-json\/wp\/v2\/posts\/173970","targetHints":{"allow":["GET"]}}],"collection":[{"href":"https:\/\/www.novaconcursos.com.br\/portal\/wp-json\/wp\/v2\/posts"}],"about":[{"href":"https:\/\/www.novaconcursos.com.br\/portal\/wp-json\/wp\/v2\/types\/post"}],"author":[{"embeddable":true,"href":"https:\/\/www.novaconcursos.com.br\/portal\/wp-json\/wp\/v2\/users\/54671"}],"replies":[{"embeddable":true,"href":"https:\/\/www.novaconcursos.com.br\/portal\/wp-json\/wp\/v2\/comments?post=173970"}],"version-history":[{"count":5,"href":"https:\/\/www.novaconcursos.com.br\/portal\/wp-json\/wp\/v2\/posts\/173970\/revisions"}],"predecessor-version":[{"id":260951,"href":"https:\/\/www.novaconcursos.com.br\/portal\/wp-json\/wp\/v2\/posts\/173970\/revisions\/260951"}],"wp:featuredmedia":[{"embeddable":true,"href":"https:\/\/www.novaconcursos.com.br\/portal\/wp-json\/wp\/v2\/media\/155863"}],"wp:attachment":[{"href":"https:\/\/www.novaconcursos.com.br\/portal\/wp-json\/wp\/v2\/media?parent=173970"}],"wp:term":[{"taxonomy":"category","embeddable":true,"href":"https:\/\/www.novaconcursos.com.br\/portal\/wp-json\/wp\/v2\/categories?post=173970"},{"taxonomy":"post_tag","embeddable":true,"href":"https:\/\/www.novaconcursos.com.br\/portal\/wp-json\/wp\/v2\/tags?post=173970"}],"curies":[{"name":"wp","href":"https:\/\/api.w.org\/{rel}","templated":true}]}}