{"id":174002,"date":"2022-10-06T12:42:26","date_gmt":"2022-10-06T15:42:26","guid":{"rendered":"https:\/\/www.novaconcursos.com.br\/portal\/?p=174002"},"modified":"2025-04-16T14:52:45","modified_gmt":"2025-04-16T17:52:45","slug":"concurso-seed-pr-edital-previsto-para-novembro","status":"publish","type":"post","link":"https:\/\/www.novaconcursos.com.br\/portal\/noticias\/concurso-seed-pr-edital-previsto-para-novembro\/","title":{"rendered":"Concurso Seed PR: Edital com 2 mil vagas previsto para novembro!"},"content":{"rendered":"<p>Aten\u00e7\u00e3o concurseiros! O <strong>edital <\/strong>do novo\u00a0<a href=\"https:\/\/www.novaconcursos.com.br\/portal\/concursos\/concurso-seed-pr\/\">concurso SEED PR<\/a>\u00a0(Secretaria de Estado da Educa\u00e7\u00e3o e do Esporte do Paran\u00e1) est\u00e1 cada vez mais pr\u00f3ximo e deve sair em novembro. Est\u00e3o previstas <strong>2 mil vagas!<\/strong><\/p>\n\n\n\n<p><\/p>\n\n\n\n<p>Estude para o concurso dos seus sonhos com o\u00a0<strong>M\u00e9todo<\/strong>\u00a0que j\u00e1 ajudou na\u00a0<strong>aprova\u00e7\u00e3o de mais de 70 mil alunos.<\/strong>\u00a0<a href=\"https:\/\/aprovacao.novaconcursos.com.br\/assinatura\" target=\"_blank\" rel=\"noreferrer noopener\" aria-label=\" (abre numa nova aba)\">Clique aqui<\/a>\u00a0e saiba mais!<\/p>\n\n\n\n<h2 class=\"wp-block-heading\" id=\"concurso-seed-pr-novo-edital-muito-prximo-de-sair\">Concurso SEED PR: novo edital muito pr\u00f3ximo de sair<\/h2>\n\n\n\n<p>Sendo assim, a Secretaria de Estado da Educa\u00e7\u00e3o e do Esporte do Paran\u00e1 ter\u00e1 um novo edital publicado <strong>em breve.<\/strong><\/p>\n\n\n\n<p>Assim, a previs\u00e3o \u00e9 que ele saia j\u00e1 no pr\u00f3ximo m\u00eas, em <strong>novembro<\/strong>. A informa\u00e7\u00e3o foi confirmada pelo governador Ratinho Jr, em entrevista ap\u00f3s sua reelei\u00e7\u00e3o.<\/p>\n\n\n\n<p><em>\u201cN\u00f3s vamos sim fazer um concurso p\u00fablico, tem a previs\u00e3o agora de em novembro n\u00f3s lan\u00e7armos o concurso para 2 mil professores.\u00a0E os PSSs (processos seletivos) n\u00f3s vamos manter, vamos trabalhar com a contrata\u00e7\u00e3o atrav\u00e9s de concurso p\u00fablico e os PSSs\u201d<\/em>, concluiu.<\/p>\n\n\n\n<h3 class=\"wp-block-heading\">Vagas e cargos<\/h3>\n\n\n\n<p>Portanto, segundo as palavras do governador, o concurso <strong>deve ofertar 2 mil vagas.<\/strong> <\/p>\n\n\n\n<p>Assim, s\u00e3o <strong>1.500 a mais<\/strong> que as 500 vagas autorizadas anteriormente. Mas, tudo se confirmar\u00e1 com a publica\u00e7\u00e3o do edital, somente.<\/p>\n\n\n\n<p>Ser\u00e3o, ent\u00e3o, oportunidades para\u00a0<strong>Professores<\/strong>\u00a0da rede de ensino estadual, de forma que ser\u00e1 exigido o<strong>\u00a0n\u00edvel superior<\/strong>. As especialidades ainda n\u00e3o foram confirmadas.<\/p>\n\n\n\n<p>Al\u00e9m disso, conforme o \u00faltimo edital, os\u00a0<strong>sal\u00e1rios<\/strong>\u00a0a serem recebidos pelos aprovados no concurso p\u00fablico possuem o valor de cerca de\u00a0<strong>R$ 2.500,00.<\/strong><\/p>\n\n\n\n<h3 class=\"wp-block-heading\">Comiss\u00e3o trabalhando<\/h3>\n\n\n\n<p>Vale lembrar que, desde agosto de 2021, uma comiss\u00e3o trabalha na pr\u00f3xima sele\u00e7\u00e3o e na<strong> escolha da banca<\/strong>. Entretanto, nenhuma empresa ainda foi anunciada.<\/p>\n\n\n\n<h2 class=\"wp-block-heading\" id=\"ltimo-concurso-seed-pr\">\u00daltimo concurso SEED PR<\/h2>\n\n\n\n<p>Por fim, vale mencionar que o \u00faltimo concurso da Secretaria de Estado da Educa\u00e7\u00e3o e do Esporte do <a href=\"https:\/\/www.novaconcursos.com.br\/portal\/concursos-abertos\/pr\/\">Paran\u00e1<\/a> ocorreu<strong>\u00a0em 2013<\/strong>.<\/p>\n\n\n\n<p>Foram, na \u00e9poca, ofertadas<strong>\u00a013.771 vagas<\/strong>\u00a0para os cargos de\u00a0<strong>Pedagogo e Professor<\/strong>, nas especialidades de Artes, Biologia, Ci\u00eancias, Educa\u00e7\u00e3o F\u00edsica, Filosofia, F\u00edsica, Geografia, Hist\u00f3ria, Espanhol, Ingl\u00eas, Matem\u00e1tica, Pedagogia, Portugu\u00eas, Qu\u00edmica, Sociologia.<\/p>\n\n\n\n<p>Al\u00e9m disso, \u00e9 importante frisar que o certame exigiu licenciatura plena na respectiva \u00e1rea de atua\u00e7\u00e3o, ou em Pedagogia, para o cargo de Pedagogo.<\/p>\n\n\n\n<p>Ademais, ofertava\u00a0<strong>remunera\u00e7\u00e3o<\/strong>\u00a0de\u00a0<strong>R$ 1.044,94<\/strong>, mais aux\u00edlio transporte de\u00a0<strong>R$ 304,00<\/strong>\u00a0por jornada de trabalho de\u00a0<strong>20 horas semanais.\u00a0<\/strong><\/p>\n\n\n\n<p>A\u00a0<strong>organiza\u00e7\u00e3o<\/strong>\u00a0da sele\u00e7\u00e3o se deu por parte da Pontif\u00edcia Universidade Cat\u00f3lica do Paran\u00e1\u00a0(PUC PR). Ademais, foi composta pelas <strong>etapas:<\/strong><\/p>\n\n\n\n<ul class=\"wp-block-list\"><li><strong>Prova Objetiva:<\/strong>\u00a0car\u00e1ter eliminat\u00f3rio e classificat\u00f3rio;<\/li>\n\n\n\n<li><strong>Reda\u00e7\u00e3o:<\/strong>\u00a0car\u00e1ter eliminat\u00f3rio e classificat\u00f3rio;<\/li>\n\n\n\n<li><strong>Prova Did\u00e1tica<\/strong>: car\u00e1ter eliminat\u00f3rio e classificat\u00f3rio;<\/li>\n\n\n\n<li><strong>Avalia\u00e7\u00e3o de T\u00edtulos:\u00a0<\/strong>car\u00e1ter classificat\u00f3rio;<\/li>\n\n\n\n<li><strong>Avalia\u00e7\u00e3o M\u00e9dica:<\/strong>\u00a0car\u00e1ter eliminat\u00f3rio.<\/li>\n<\/ul><p><\/p>\n\n\n\n<p>Nesse sentido, a prova objetiva de conhecimentos conteve<strong>\u00a040 quest\u00f5es<\/strong> objetivas de m\u00faltipla escolha (A, B, C, D, E), assim divididas:<\/p>\n\n\n\n<ul class=\"wp-block-list\"><li>Conhecimento Comum \u2013 10 quest\u00f5es<\/li>\n\n\n\n<li>Conhecimento Espec\u00edfico \u2013 20 quest\u00f5es<\/li>\n\n\n\n<li>Fundamentos da Educa\u00e7\u00e3o \u2013 10 quest\u00f5es<\/li>\n\n\n\n<li>Total \u2013 40 quest\u00f5es<\/li>\n<\/ul><p><\/p>\n\n\n\n<p>O candidato com duas inscri\u00e7\u00f5es homologadas, al\u00e9m dessas 40 quest\u00f5es acima descritas, deveriam responder \u00e0s 20 quest\u00f5es de\u00a0<strong>Conhecimentos Espec\u00edficos<\/strong>\u00a0correspondentes \u00e0 segunda inscri\u00e7\u00e3o.<\/p>\n\n\n\n<p>Por outro lado, foi exigida ainda uma reda\u00e7\u00e3o\u00a0<strong>dissertativo argumentativa<\/strong>, na modalidade padr\u00e3o formal da L\u00edngua Portuguesa, com no m\u00ednimo 15 e no m\u00e1ximo 20 linhas sobre um determinado tema.<\/p>\n\n\n\n<figure class=\"wp-block-image size-large\"><a href=\"https:\/\/aprovacao.novaconcursos.com.br\/assinatura\" target=\"_blank\" rel=\"noreferrer noopener\"><img decoding=\"async\" src=\"https:\/\/www.novaconcursos.com.br\/portal\/wp-content\/uploads\/2022\/01\/Faixa-Frete-Gr%E2%80%A0tis-portal.png\" alt=\"assinatura completa\" class=\"wp-image-153078\" loading=\"lazy\" title=\"\"><\/a><figcaption><\/figcaption><\/figure>","protected":false},"excerpt":{"rendered":"<p>Aten\u00e7\u00e3o concurseiros! O edital do novo\u00a0concurso SEED PR\u00a0(Secretaria de Estado da Educa\u00e7\u00e3o e do Esporte do Paran\u00e1) est\u00e1 cada vez mais pr\u00f3ximo e deve sair em novembro. Est\u00e3o previstas 2 mil vagas! Estude para o concurso dos seus sonhos com o\u00a0M\u00e9todo\u00a0que j\u00e1 ajudou na\u00a0aprova\u00e7\u00e3o de mais de 70 mil alunos.\u00a0Clique aqui\u00a0e saiba mais! Concurso SEED [&hellip;]<\/p>\n","protected":false},"author":54671,"featured_media":156229,"comment_status":"closed","ping_status":"closed","sticky":false,"template":"","format":"standard","meta":{"_acf_changed":false,"footnotes":"","_wp_rev_ctl_limit":""},"categories":[228],"tags":[],"class_list":["post-174002","post","type-post","status-publish","format-standard","has-post-thumbnail","hentry","category-noticias"],"acf":[],"_links":{"self":[{"href":"https:\/\/www.novaconcursos.com.br\/portal\/wp-json\/wp\/v2\/posts\/174002","targetHints":{"allow":["GET"]}}],"collection":[{"href":"https:\/\/www.novaconcursos.com.br\/portal\/wp-json\/wp\/v2\/posts"}],"about":[{"href":"https:\/\/www.novaconcursos.com.br\/portal\/wp-json\/wp\/v2\/types\/post"}],"author":[{"embeddable":true,"href":"https:\/\/www.novaconcursos.com.br\/portal\/wp-json\/wp\/v2\/users\/54671"}],"replies":[{"embeddable":true,"href":"https:\/\/www.novaconcursos.com.br\/portal\/wp-json\/wp\/v2\/comments?post=174002"}],"version-history":[{"count":6,"href":"https:\/\/www.novaconcursos.com.br\/portal\/wp-json\/wp\/v2\/posts\/174002\/revisions"}],"predecessor-version":[{"id":279681,"href":"https:\/\/www.novaconcursos.com.br\/portal\/wp-json\/wp\/v2\/posts\/174002\/revisions\/279681"}],"wp:featuredmedia":[{"embeddable":true,"href":"https:\/\/www.novaconcursos.com.br\/portal\/wp-json\/wp\/v2\/media\/156229"}],"wp:attachment":[{"href":"https:\/\/www.novaconcursos.com.br\/portal\/wp-json\/wp\/v2\/media?parent=174002"}],"wp:term":[{"taxonomy":"category","embeddable":true,"href":"https:\/\/www.novaconcursos.com.br\/portal\/wp-json\/wp\/v2\/categories?post=174002"},{"taxonomy":"post_tag","embeddable":true,"href":"https:\/\/www.novaconcursos.com.br\/portal\/wp-json\/wp\/v2\/tags?post=174002"}],"curies":[{"name":"wp","href":"https:\/\/api.w.org\/{rel}","templated":true}]}}