{"id":174047,"date":"2022-12-06T08:00:15","date_gmt":"2022-12-06T11:00:15","guid":{"rendered":"https:\/\/www.novaconcursos.com.br\/portal\/?post_type=nc-public-tender&#038;p=174047"},"modified":"2024-12-16T09:47:02","modified_gmt":"2024-12-16T12:47:02","slug":"concurso-camara-guarulhos-sp","status":"publish","type":"post","link":"https:\/\/www.novaconcursos.com.br\/portal\/concursos\/concurso-camara-guarulhos-sp\/","title":{"rendered":"Concurso C\u00e2mara de Guarulhos SP: Edital publicado. 428 vagas!"},"content":{"rendered":"<p>Aten\u00e7\u00e3o, concurseiros: \u00f3tima not\u00edcia! O edital do concurso <strong>C\u00e2mara de Guarulhos \u2013 SP<\/strong> foi publicado!<\/p>\n<p>S\u00e3o ofertadas centenas de vagas para cargos de <strong>n\u00edveis m\u00e9dio, t\u00e9cnico e superior<\/strong>. O sal\u00e1rio pode chegar a R$ 9,6 mil para 25 horas semanais.<\/p>\n<p>E a\u00ed? Se interessa pela sele\u00e7\u00e3o? Ent\u00e3o, confira todos os detalhes logo abaixo!<\/p>\n<ul><li><a class=\"_ps2id\" href=\"#inscricoes\" data-ps2id-offset=\"\">Inscri\u00e7\u00f5es<\/a><\/li>\n<li><a class=\"_ps2id\" href=\"#vagas-cargos-salarios\" data-ps2id-offset=\"\">Vagas, cargos e sal\u00e1rios<\/a><\/li>\n<li><a class=\"_ps2id\" href=\"#requisitos\" data-ps2id-offset=\"\">Requisitos<\/a><\/li>\n<li><a class=\"_ps2id\" href=\"#etapas\" data-ps2id-offset=\"\">Etapas e Provas<\/a><\/li>\n<li><a class=\"_ps2id\" href=\"#sobre-camara-guarulhos-sp\" data-ps2id-offset=\"\">Sobre a C\u00e2mara de Guarulhos \u2013 SP<\/a><\/li>\n<\/ul><p>\u00a0<\/p>\n<h2 id=\"ps2id-idinscricoes-targetcomo-fazer-a-inscrio-no-concurso-cm\">[ps2id id=\u2019inscricoes\u2019 target=\u201d\/]Como fazer a inscri\u00e7\u00e3o no concurso C\u00e2mara de Guarulhos \u2013 SP 2022?<\/h2>\n<p>As inscri\u00e7\u00f5es dever\u00e3o ser feitas por meio do site do <a href=\"https:\/\/consulpam.selecao.net.br\/informacoes\/35\/\" target=\"_blank\" rel=\"noopener noreferrer\">Instituto Consulpam<\/a>, banca organizadora da sele\u00e7\u00e3o, entre os dia 05 e 31 de dezembro de 2022. \u00c9 poss\u00edvel se inscrever para mais de um cargo.<\/p>\n<p>Confira o valor das\u00a0<strong>taxas de inscri\u00e7\u00e3o<\/strong>:<\/p>\n<ul><li>N\u00edvel M\u00e9dio: R$ 30<\/li>\n<li>N\u00edvel Superior: R$ 40<\/li>\n<\/ul><p>\u00a0<\/p>\n<p>Haver\u00e1 possibilidade de\u00a0<strong>isen\u00e7\u00e3o\u00a0<\/strong>da taxa para os candidatos desempregados, desde que comprovada a condi\u00e7\u00e3o. O benef\u00edcio poder\u00e1 ser solicitado nos dias 05 e 06 de dezembro de 2022.<\/p>\n<p>Estude para o concurso dos seus sonhos com o\u00a0<strong>M\u00e9todo<\/strong>\u00a0que j\u00e1 ajudou na\u00a0<strong>aprova\u00e7\u00e3o de mais de 70 mil alunos<\/strong>.\u00a0<a class=\"c-link\" tabindex=\"-1\" href=\"https:\/\/www.novaconcursos.com.br\/eventos\/assinatura?promo_creative=Clique+aqui&amp;promo_name=concurso&amp;promo_id=%2Fportal%2Fconcursos%2Fconcurso-uespi-edital-autorizado-160-vagas&amp;promo_position=corpo-texto\" target=\"_blank\" rel=\"noopener noreferrer\" data-stringify-link=\"https:\/\/www.novaconcursos.com.br\/eventos\/assinatura?promo_creative=Clique+aqui&amp;promo_name=concurso&amp;promo_id=%2Fportal%2Fconcursos%2Fconcurso-uespi-edital-autorizado-160-vagas&amp;promo_position=corpo-texto\" data-sk=\"tooltip_parent\" data-remove-tab-index=\"true\">Clique aqui<\/a>e saiba mais!<\/p>\n<h2 id=\"ps2id-idvagascargossalarios-targetvagas-cargos-e-salrios\">[ps2id id=\u2019vagas-cargos-salarios\u2019 target=\u201d\/]Vagas, cargos e sal\u00e1rios<\/h2>\n<p>A C\u00e2mara Municipal de Guarulhos, Estado de <a href=\"https:\/\/www.novaconcursos.com.br\/portal\/concursos-abertos\/sp\/\">S\u00e3o Paulo<\/a>, est\u00e1 ofertando 428 vagas, sendo metade imediata e metade para forma\u00e7\u00e3o de cadastro reserva, para cargos de n\u00edveis m\u00e9dio, t\u00e9cnico e superior.<\/p>\n<p>Confira a distribui\u00e7\u00e3o das oportunidades, bem como as\u00a0<strong>remunera\u00e7\u00f5es\u00a0<\/strong>\u00e0s quais far\u00e3o jus os aprovados:<\/p>\n<p><strong>N\u00edvel M\u00e9dio<\/strong><\/p>\n<ul><li>T\u00e9cnico Legislativo B \u2013 Gest\u00e3o P\u00fablica: 93 vagas + 93 CR<\/li>\n<li><strong>Sal\u00e1rio inicial: R$ 4.468,00<\/strong><\/li>\n<\/ul><p>\u00a0<\/p>\n<ul><li>T\u00e9cnico Legislativo A\n<ul><li>Assistente de Produ\u00e7\u00e3o: 1 vaga + 1 CR<\/li>\n<li>Operador de C\u00e2mera: 2 vagas + 2 CR<\/li>\n<li>Operador de Mesa de Som e Imagem: 2 vagas + 2 CR<\/li>\n<\/ul><\/li>\n<li><strong>Sal\u00e1rio inicial: R$ 6.304,00<\/strong><\/li>\n<\/ul><p>\u00a0<\/p>\n<p><strong>N\u00edvel T\u00e9cnico<\/strong><\/p>\n<ul><li>T\u00e9cnico Legislativo A\n<ul><li>Tecnologia da Informa\u00e7\u00e3o: 5 vagas + 5 CR<\/li>\n<li>Design Gr\u00e1fico: 1 vaga + 1 CR<\/li>\n<\/ul><\/li>\n<li><strong>Sal\u00e1rio inicial: R$ 6.304,00<\/strong><\/li>\n<\/ul><p>\u00a0<\/p>\n<p><strong>N\u00edvel Superior<\/strong><\/p>\n<ul><li>Jornalista\n<ul><li>Jornalista Apresentador de R\u00e1dio\/TV: 2 vagas + 2 CR<\/li>\n<li>Redator: 1 vaga + 1 CR<\/li>\n<li>Produtor de Programa de R\u00e1dio\/TV: 1 vaga + 1 CR<\/li>\n<li>Rep\u00f3rter Fotogr\u00e1fico: 1 vaga + 1 CR<\/li>\n<\/ul><\/li>\n<li>Consultor Legislativo\n<ul><li>Economia: 2 vagas + 2 CR<\/li>\n<li>Veterin\u00e1ria: 1 vaga + 1 CR<\/li>\n<li>Pol\u00edticas P\u00fablicas: 2 vagas + 2 CR<\/li>\n<li>Administra\u00e7\u00e3o de Rede: 1 vaga + 1 CR<\/li>\n<\/ul><\/li>\n<li><strong>Sal\u00e1rio inicial: R$ 9.650,00<\/strong><\/li>\n<\/ul><p>\u00a0<\/p>\n<ul><li>Analista Legislativo\n<ul><li>Administra\u00e7\u00e3o e Apoio Parlamentar: 78 vagas + 78 CR<\/li>\n<li>Expediente Recursos Humanos: 9 vagas + 9 CR<\/li>\n<li>Folha de Pagamento: 4 vagas + 4 CR<\/li>\n<li>Contabilidade: 4 vagas + 4 CR<\/li>\n<li>Tesouraria: 2 vagas + 2 CR<\/li>\n<li>Arquivologia: 2 vagas + 2 CR<\/li>\n<\/ul><\/li>\n<li><strong>Sal\u00e1rio inicial: R$ 9.500,00<\/strong><\/li>\n<\/ul><p>\u00a0<\/p>\n<p>Ademais, cabe destacar que os aprovados para qualquer um dos cargos dever\u00e3o cumprir jornada semanal de 40 horas, com exce\u00e7\u00e3o do <strong>Jornalista<\/strong>, cuja jornada \u00e9 de 25 horas semanais.<\/p>\n<p>Al\u00e9m disso, aos proventos mencionados j\u00e1 est\u00e1 acrescido o <strong>aux\u00edlio-alimenta\u00e7\u00e3o<\/strong>.<\/p>\n<p>Os aprovados tamb\u00e9m t\u00eam direito aos seguintes\u00a0<strong>benef\u00edcios<\/strong>:<\/p>\n<ul><li>Adicional de Qualifica\u00e7\u00e3o (10%)<\/li>\n<li>Aux\u00edlio-Creche: R$ 550,00 (para filhos de at\u00e9 seis anos)<\/li>\n<li>Vale-Transporte<\/li>\n<\/ul><p>\u00a0<\/p>\n<p>Por fim, \u00e9 igualmente importante salientar que a sele\u00e7\u00e3o ter\u00e1\u00a0<strong>validade\u00a0<\/strong>de dois anos, podendo ser prorrogada uma vez por igual per\u00edodo.<\/p>\n<h2 id=\"ps2id-idrequisitos-targeto-que-preciso-para-trabalhar-na-cma\">[ps2id id=\u2019requisitos\u2019 target=\u201d\/]O que \u00e9 preciso para trabalhar na C\u00e2mara de Guarulhos?<\/h2>\n<p>Quer se inscrever? Ent\u00e3o, confira o que \u00e9\u00a0<strong>necess\u00e1rio\u00a0<\/strong>para a admiss\u00e3o:<\/p>\n<ul><li>Ser brasileiro, nato ou naturalizado, ou cidad\u00e3o portugu\u00eas que tenha adquirido a igualdade de direitos e obriga\u00e7\u00f5es civis, bem como o gozo dos direitos pol\u00edticos;<\/li>\n<li>Ter idade igual ou superior a 18 anos no ato da nomea\u00e7\u00e3o;<\/li>\n<li>Ter a situa\u00e7\u00e3o regularizada com as obriga\u00e7\u00f5es perante o servi\u00e7o militar, se do sexo masculino;<\/li>\n<li>Estar com a situa\u00e7\u00e3o regularizada perante a Justi\u00e7a Eleitoral;<\/li>\n<li>Estar em pleno gozo dos seus direitos pol\u00edticos e civis;<\/li>\n<li>Ter aptid\u00e3o f\u00edsica e mental e n\u00e3o ser pessoa com defici\u00eancia incompat\u00edvel com o exerc\u00edcio do cargo, mediante confirma\u00e7\u00e3o de exame m\u00e9dico admissional;<\/li>\n<li>N\u00e3o ter sofrido, no exerc\u00edcio da fun\u00e7\u00e3o p\u00fablica, penalidade incompat\u00edvel com a investidura em cargo p\u00fablico, prevista na Lei Federal n.\u00ba 8.429, de 02 de junho de 1992;<\/li>\n<li>N\u00e3o ser, nem ter sido condenado judicialmente por pr\u00e1tica criminosa;<\/li>\n<li>N\u00e3o possuir v\u00ednculo com qualquer \u00f3rg\u00e3o ou entidade da Administra\u00e7\u00e3o P\u00fablica que impossibilite acumula\u00e7\u00e3o de cargos e fun\u00e7\u00f5es, ressalvados os casos contidos nas al\u00edneas \u201ca\u201d, \u201cb\u201d e \u201cc\u201d, inc. XVI, do art. 37, da Constitui\u00e7\u00e3o Federal, inclusive no que concerne \u00e0 compatibilidade de hor\u00e1rios;<\/li>\n<li>N\u00e3o ser aposentado por invalidez ou ter aposentadoria especial para o mesmo cargo, e nem estar em idade de aposentadoria compuls\u00f3ria;<\/li>\n<li>N\u00e3o ter sido demitido por ato de improbidade ou exonerado \u201ca bem do servi\u00e7o p\u00fablico\u201d, mediante decis\u00e3o transitada em julgado em qualquer esfera governamental.<\/li>\n<\/ul><p>\u00a0<\/p>\n<p>Os\u00a0<strong>requisitos espec\u00edficos<\/strong>, por sua vez, est\u00e3o diretamente atrelados ao n\u00edvel de escolaridade exigido por cada cargo.<\/p>\n<p>Al\u00e9m disso, os candidatos \u00e0s especialidades que possuem<strong> \u00f3rg\u00e3o de classe<\/strong>\u00a0necessitam ter o registro ativo.<\/p>\n<h2 id=\"ps2id-idetapas-targetetapas-e-provas\">[ps2id id=\u2019etapas\u2019 target=\u201d\/]Etapas e Provas<\/h2>\n<p>O concurso contar\u00e1 com\u00a0<strong>duas etapas avaliativas<\/strong>, ambas de car\u00e1ter eliminat\u00f3rio e classificat\u00f3rio, sendo uma prova objetiva e outra discursiva.<\/p>\n<p>Vale ressaltar que elas\u00a0<strong>n\u00e3o\u00a0<\/strong>ser\u00e3o realizadas no mesmo dia. Sendo assim, confira quais ser\u00e3o as <strong>datas<\/strong>:<\/p>\n<p><strong>Prova Objetiva\u00a0<\/strong><\/p>\n<ul><li>N\u00edveis M\u00e9dio e T\u00e9cnico: 05\/03\/2023<\/li>\n<li>N\u00edvel Superior: 12\/03\/2023<\/li>\n<\/ul><p>\u00a0<\/p>\n<p><strong>Prova Discursiva<\/strong><\/p>\n<ul><li>Todos os cargos: 16\/04\/2023<\/li>\n<\/ul><p>\u00a0<\/p>\n<p>Confira, tamb\u00e9m, na tabela a seguir, o tempo de\u00a0<strong>dura\u00e7\u00e3o\u00a0<\/strong>das provas para os diferentes n\u00edveis de escolaridade:<\/p>\n<p><a href=\"https:\/\/www.novaconcursos.com.br\/portal\/wp-content\/uploads\/2022\/10\/imagem_2022-12-06_083129166.png\"><img decoding=\"async\" class=\"alignnone size-full wp-image-179731\" src=\"https:\/\/www.novaconcursos.com.br\/portal\/wp-content\/uploads\/2022\/10\/imagem_2022-12-06_083129166.png\" alt=\"\" width=\"902\" height=\"112\" loading=\"lazy\" title=\"\" srcset=\"https:\/\/www.novaconcursos.com.br\/portal\/wp-content\/uploads\/2022\/10\/imagem_2022-12-06_083129166-300x37.png 300w, https:\/\/www.novaconcursos.com.br\/portal\/wp-content\/uploads\/2022\/10\/imagem_2022-12-06_083129166.png 902w\" sizes=\"auto, (max-width: 480px) 100vw, (max-width: 768px) 100vw, (max-width: 1200px) 70vw, 768px\"><\/a><\/p>\n<p>\u00a0<\/p>\n<p>Ademais, as <strong>avalia\u00e7\u00f5es objetivas<\/strong> contar\u00e3o com 60 quest\u00f5es para os candidatos de n\u00edveis m\u00e9dio e t\u00e9cnico e com 120 quest\u00f5es para os concorrentes de n\u00edvel superior.<\/p>\n<p>Confira as disciplinas de <strong>Conhecimentos Gerais<\/strong>, cobradas para todos os cargos de cada n\u00edvel:<\/p>\n<p><strong>N\u00edveis M\u00e9dio e T\u00e9cnico<\/strong><\/p>\n<ul><li>L\u00edngua Portuguesa (10 quest\u00f5es)<\/li>\n<li>Matem\u00e1tica (5 quest\u00f5es)<\/li>\n<li>Inform\u00e1tica (5 quest\u00f5es)<\/li>\n<li>No\u00e7\u00f5es de Direito Constitucional (5 quest\u00f5es)<\/li>\n<li>Legisla\u00e7\u00e3o Municipal (5 quest\u00f5es)<\/li>\n<\/ul><p>\u00a0<\/p>\n<p><strong>N\u00edvel Superior<\/strong><\/p>\n<ul><li>L\u00edngua Portuguesa (20 quest\u00f5es)<\/li>\n<li>Matem\u00e1tica Financeira, Racioc\u00ednio L\u00f3gico e Estat\u00edstica (10 quest\u00f5es)<\/li>\n<li>Inform\u00e1tica (10 quest\u00f5es)<\/li>\n<li>Direito Constitucional (10 quest\u00f5es)<\/li>\n<li>Legisla\u00e7\u00e3o Municipal (10 quest\u00f5es)<\/li>\n<\/ul><p>\u00a0<\/p>\n<p>Por outro lado, o\u00a0<strong>exame discursivo\u00a0<\/strong>para os cargos de <strong>n\u00edveis m\u00e9dio<\/strong> <strong>e t\u00e9cnico<\/strong> consistir\u00e1 na reda\u00e7\u00e3o de um texto dissertativo a respeito de temas da atualidade ligados \u00e0 Administra\u00e7\u00e3o P\u00fablica. As disserta\u00e7\u00f5es dever\u00e3o ter entre 20 e 30 linhas.<\/p>\n<p>J\u00e1 os candidatos de <strong>n\u00edvel superior<\/strong> dever\u00e3o resolver um estudo de caso em formato dissertativo com at\u00e9 30 linhas de extens\u00e3o. O tema ser\u00e1 relacionado aos Conhecimentos Espec\u00edficos de cada especialidade.<\/p>\n<p>Veja, ainda, os aspectos considerados no momento da\u00a0<strong>corre\u00e7\u00e3o\u00a0<\/strong>das provas discursivas:<\/p>\n<p><a href=\"https:\/\/www.novaconcursos.com.br\/portal\/wp-content\/uploads\/2022\/10\/C%C3%A2mara-Guarulhos-Discursiva.png\"><img decoding=\"async\" class=\"alignnone size-full wp-image-179732\" src=\"https:\/\/www.novaconcursos.com.br\/portal\/wp-content\/uploads\/2022\/10\/C%C3%A2mara-Guarulhos-Discursiva.png\" alt=\"\" width=\"769\" height=\"438\" loading=\"lazy\" title=\"\" srcset=\"https:\/\/www.novaconcursos.com.br\/portal\/wp-content\/uploads\/2022\/10\/C\u00e2mara-Guarulhos-Discursiva-300x171.png 300w, https:\/\/www.novaconcursos.com.br\/portal\/wp-content\/uploads\/2022\/10\/C\u00e2mara-Guarulhos-Discursiva.png 769w\" sizes=\"auto, (max-width: 480px) 100vw, (max-width: 768px) 100vw, (max-width: 1200px) 70vw, 768px\"><\/a><\/p>\n<p><a href=\"https:\/\/www.novaconcursos.com.br\/portal\/wp-content\/uploads\/2022\/10\/imagem_2022-12-06_084122341.png\"><img decoding=\"async\" class=\"alignnone size-full wp-image-179733\" src=\"https:\/\/www.novaconcursos.com.br\/portal\/wp-content\/uploads\/2022\/10\/imagem_2022-12-06_084122341.png\" alt=\"\" width=\"764\" height=\"286\" loading=\"lazy\" title=\"\" srcset=\"https:\/\/www.novaconcursos.com.br\/portal\/wp-content\/uploads\/2022\/10\/imagem_2022-12-06_084122341-300x112.png 300w, https:\/\/www.novaconcursos.com.br\/portal\/wp-content\/uploads\/2022\/10\/imagem_2022-12-06_084122341.png 764w\" sizes=\"auto, (max-width: 480px) 100vw, (max-width: 768px) 100vw, (max-width: 1200px) 70vw, 768px\"><\/a><\/p>\n<p>\u00a0<\/p>\n<p>Por fim, \u00e9 importante mencionar que, conforme o edital, todos os cargos ter\u00e3o as <strong>atribui\u00e7\u00f5es<\/strong> conforme o disposto na Resolu\u00e7\u00e3o n.\u00ba 456, de 29 de abril de 2022, da C\u00e2mara Municipal de Guarulhos \u2013 SP.<\/p>\n<h2 id=\"ps2id-idsobrecamaraguarulhossp-targetsobre-a-cmara-de-guarul\">[ps2id id=\u2019sobre-camara-guarulhos-sp\u2019 target=\u201d\/]Sobre a C\u00e2mara de Guarulhos \u2013 SP<\/h2>\n<p>A C\u00e2mara Municipal \u00e9 um \u00f3rg\u00e3o Legislativo, <strong>respons\u00e1vel<\/strong> pela elabora\u00e7\u00e3o de leis, visando o bem estar e a organiza\u00e7\u00e3o social de uma cidade.<\/p>\n<p>Ademais, s\u00e3o <strong>formadas<\/strong> por cidad\u00e3os eleitos pelo povo, em pleito regular, que, investidos de mandato, constituem o Poder Legislativo.<\/p>\n<p>Todos os vereadores s\u00e3o <strong>eleitos<\/strong> pelo voto direto dos cidad\u00e3os maiores de 16 anos e exercem seus mandatos por um per\u00edodo de quatro anos, podendo ou n\u00e3o ser reeleitos, dependendo, para isto, da quantidade de votos que receber da popula\u00e7\u00e3o.<\/p>\n<p>Em s\u00edntese, cabe ao vereador os seguintes <strong>atributos<\/strong>:<\/p>\n<ul><li>Fiscalizar os atos do Executivo (prefeito);<\/li>\n<li>Votar em projetos pr\u00f3prios da C\u00e2mara Municipal ou de autoria do Executivo;<\/li>\n<li>Sugerir mat\u00e9rias de interesse p\u00fablico, mediante indica\u00e7\u00f5es, projetos e mo\u00e7\u00f5es; e<\/li>\n<li>Apresentar requerimentos aos mais diversos \u00f3rg\u00e3os, solicitando informa\u00e7\u00f5es que os auxiliem no trabalho de fiscaliza\u00e7\u00e3o.<\/li>\n<\/ul><p>\u00a0<\/p>\n<p>A atual Mesa Diretora da <a href=\"https:\/\/www.guarulhos.sp.leg.br\" target=\"_blank\" rel=\"noopener noreferrer\">C\u00e2mara Municipal de Guarulhos<\/a> \u00e9 composta, principalmente, dos seguintes membros:<\/p>\n<ul><li>Martello \u2013 Presidente<\/li>\n<li>Leandro Dourado \u2013 1\u00ba Vice-Presidente<\/li>\n<li>Karina Soltur \u2013 2\u00aa Vice-Presidente<\/li>\n<\/ul><p>\u00a0<\/p>\n<p>Confira, ainda, os demais\u00a0<strong>parlamentares\u00a0<\/strong>da C\u00e2mara do Munic\u00edpio:<\/p>\n<ul><li>Andr\u00e9 Alves<\/li>\n<li>Carlinda Tin\u00f4co<\/li>\n<li>Carol Ribeiro<\/li>\n<li>Danilo Gomes<\/li>\n<li>Dr. La\u00e9rcio Sandes<\/li>\n<li>Edmilson<\/li>\n<li>Geleia Protetor<\/li>\n<li>Geraldo Celestino<\/li>\n<li>Gilvan Passos<\/li>\n<li>Janete Rocha Piet\u00e1<\/li>\n<li>Jayme J\u00fanior<\/li>\n<li>Jorginho Mota<\/li>\n<li>Lam\u00e9<\/li>\n<li>Lauri Rocha<\/li>\n<li>Lucas Sanches<\/li>\n<li>Lu\u00eds da Sede<\/li>\n<li>Marcelo Seminaldo<\/li>\n<li>M\u00e1rcia Taschetti<\/li>\n<li>Maur\u00edcio Brinquinho<\/li>\n<li>Pastor Anistaldo<\/li>\n<li>Paulo Roberto<\/li>\n<li>Prof. R\u00f4mulo Ornelas<\/li>\n<li>Rafael Acosta<\/li>\n<li>Romildo Santos<\/li>\n<li>Sandra Gileno<\/li>\n<li>S\u00e9rgio Magnum<\/li>\n<li>Ticiano Americano<\/li>\n<li>Thiago Surfista<\/li>\n<li>Vanessa de Jesus<\/li>\n<li>Welliton Bezerra<\/li>\n<li>Wesley Casa Forte<\/li>\n<\/ul><p>\u00a0<\/p>","protected":false},"excerpt":{"rendered":"<p>Aten\u00e7\u00e3o, concurseiros: \u00f3tima not\u00edcia! O edital do concurso C\u00e2mara de Guarulhos &#8211; SP foi publicado!<\/p>\n<p>S\u00e3o ofertadas centenas de vagas para cargos de n\u00edveis m\u00e9dio, t\u00e9cnico e superior. O sal\u00e1rio pode chegar a R$ 9,6 mil para 25 horas semanais.<\/p>\n","protected":false},"author":54677,"featured_media":171882,"comment_status":"closed","ping_status":"closed","sticky":false,"template":"","format":"standard","meta":{"_acf_changed":false,"footnotes":"","_wp_rev_ctl_limit":""},"categories":[44999],"tags":[],"class_list":["post-174047","post","type-post","status-publish","format-standard","has-post-thumbnail","hentry","category-concursos"],"acf":[],"_links":{"self":[{"href":"https:\/\/www.novaconcursos.com.br\/portal\/wp-json\/wp\/v2\/posts\/174047","targetHints":{"allow":["GET"]}}],"collection":[{"href":"https:\/\/www.novaconcursos.com.br\/portal\/wp-json\/wp\/v2\/posts"}],"about":[{"href":"https:\/\/www.novaconcursos.com.br\/portal\/wp-json\/wp\/v2\/types\/post"}],"author":[{"embeddable":true,"href":"https:\/\/www.novaconcursos.com.br\/portal\/wp-json\/wp\/v2\/users\/54677"}],"replies":[{"embeddable":true,"href":"https:\/\/www.novaconcursos.com.br\/portal\/wp-json\/wp\/v2\/comments?post=174047"}],"version-history":[{"count":17,"href":"https:\/\/www.novaconcursos.com.br\/portal\/wp-json\/wp\/v2\/posts\/174047\/revisions"}],"predecessor-version":[{"id":264625,"href":"https:\/\/www.novaconcursos.com.br\/portal\/wp-json\/wp\/v2\/posts\/174047\/revisions\/264625"}],"wp:featuredmedia":[{"embeddable":true,"href":"https:\/\/www.novaconcursos.com.br\/portal\/wp-json\/wp\/v2\/media\/171882"}],"wp:attachment":[{"href":"https:\/\/www.novaconcursos.com.br\/portal\/wp-json\/wp\/v2\/media?parent=174047"}],"wp:term":[{"taxonomy":"category","embeddable":true,"href":"https:\/\/www.novaconcursos.com.br\/portal\/wp-json\/wp\/v2\/categories?post=174047"},{"taxonomy":"post_tag","embeddable":true,"href":"https:\/\/www.novaconcursos.com.br\/portal\/wp-json\/wp\/v2\/tags?post=174047"}],"curies":[{"name":"wp","href":"https:\/\/api.w.org\/{rel}","templated":true}]}}