{"id":174070,"date":"2022-10-07T10:29:06","date_gmt":"2022-10-07T13:29:06","guid":{"rendered":"https:\/\/www.novaconcursos.com.br\/portal\/?p=174070"},"modified":"2022-10-07T10:29:11","modified_gmt":"2022-10-07T13:29:11","slug":"enem-2022-divulgados-35-possiveis-temas-de-redacao-confira","status":"publish","type":"post","link":"https:\/\/www.novaconcursos.com.br\/portal\/noticias\/enem-2022-divulgados-35-possiveis-temas-de-redacao-confira\/","title":{"rendered":"ENEM 2022: Divulgados 35 poss\u00edveis temas de reda\u00e7\u00e3o, confira!"},"content":{"rendered":"<p>Aten\u00e7\u00e3o concurseiros! As provas do <a href=\"https:\/\/www.novaconcursos.com.br\/portal\/concursos\/enem\/\">Enem 2022<\/a> v\u00e3o acontecer nos dias <strong>13 e 20 de novembro<\/strong>. Por isso, \u00e9 importante intensificar os estudos. Saiba <strong>35 temas de reda\u00e7\u00e3o <\/strong>poss\u00edveis para a edi\u00e7\u00e3o deste ano.<\/p>\n\n\n\n<ul class=\"wp-block-list\"><li> <strong>Adquira:<\/strong>\u00a0<a href=\"https:\/\/www.novaconcursos.com.br\/concurso\/enem\/apostila?promo_creative=Apostila+completa+Enem+2021&amp;promo_name=noticia&amp;promo_id=%2Fportal%2Fnoticias%2Fenem-orientacoes-prova-domingo&amp;promo_position=corpo-texto\">Apostila completa Enem 2022<\/a><\/li><li><strong>Adquira:\u00a0<\/strong><a href=\"https:\/\/www.novaconcursos.com.br\/concurso\/enem\/curso-online\">Curso online completo Enem 2022<\/a><\/li><\/ul><p><\/p>\n\n\n\n<p>Estude para o concurso dos seus sonhos com o\u00a0<strong>M\u00e9todo<\/strong>\u00a0que j\u00e1 ajudou na\u00a0<strong>aprova\u00e7\u00e3o de mais de 70 mil alunos.<\/strong>\u00a0<a rel=\"noreferrer noopener\" aria-label=\" (abre numa nova aba)\" href=\"https:\/\/aprovacao.novaconcursos.com.br\/assinatura\" target=\"_blank\">Clique aqui<\/a>\u00a0e saiba mais!<\/p>\n\n\n\n<h2 class=\"wp-block-heading\" id=\"enem-2022-quais-so-os-possveis-temas-de-redao\">Enem 2022: quais s\u00e3o os poss\u00edveis temas de reda\u00e7\u00e3o?<\/h2>\n\n\n\n<p>Na manh\u00e3 desta quinta-feira (6), o\u00a0Portal Nacional da Educa\u00e7\u00e3o\u00a0divulgou uma lista com os\u00a0<strong>poss\u00edveis temas de reda\u00e7\u00e3o<\/strong>\u00a0para as provas do\u00a0Exame Nacional do Ensino M\u00e9dio\u00a0(Enem 2022).<\/p>\n\n\n\n<p>Vale destacar que \u00e9 tanto para a\u00a0edi\u00e7\u00e3o <strong>regular <\/strong>e a edi\u00e7\u00e3o <strong>digital <\/strong>do Enem 2022. Portanto,\u00a0confira a lista abaixo:<\/p>\n\n\n\n<ul class=\"wp-block-list\"><li>Educa\u00e7\u00e3o \u00e0 dist\u00e2ncia e os impactos da pandemia no sistema de ensino online<\/li><li>O voto como ferramenta de transforma\u00e7\u00e3o da sociedade<\/li><li>O abuso nos trotes universit\u00e1rios<\/li><li>A import\u00e2ncia da empatia e da pr\u00e1tica do voluntariado<\/li><li>Viol\u00eancia dom\u00e9stica contra crian\u00e7as<\/li><li>Desenvolvimento sustent\u00e1vel<\/li><li>Inseguran\u00e7a alimentar<\/li><li>O problema da viol\u00eancia nos est\u00e1dios de futebol brasileiros<\/li><li>O movimento antivacina no Brasil: uma quest\u00e3o de sa\u00fade p\u00fablica<\/li><li>A quest\u00e3o da valoriza\u00e7\u00e3o dos povos ind\u00edgenas no Brasil<\/li><li>O desafio de combater o bullying no ambiente escolar<\/li><li>A quest\u00e3o dos maus-tratos aos animais pelos brasileiros<\/li><li>O esporte como mecanismo de inclus\u00e3o social<\/li><li>O impacto dos influenciadores digitais na sociedade de consumo<\/li><li>O combate \u00e0s epidemias no Brasil<\/li><li>O perigo da escassez da \u00e1gua no Brasil<\/li><li>Digitaliza\u00e7\u00e3o dos relacionamentos e import\u00e2ncia da tecnologia<\/li><li>Condi\u00e7\u00f5es sanit\u00e1rias do Brasil<\/li><li>A internet e a cultura do cancelamento<\/li><li>Desafios do atendimento a pessoas com doen\u00e7as raras<\/li><li>Consumo desenfreado da sociedade brasileira<\/li><li>Xenofobia estrutural no Brasil<\/li><li>Educa\u00e7\u00e3o financeira<\/li><li>Saneamento B\u00e1sico<\/li><li>Mudan\u00e7as clim\u00e1ticas<\/li><li>Turismo sustent\u00e1vel<\/li><li>Sub-representa\u00e7\u00e3o feminina na pol\u00edtica<\/li><li>Caminhos para assegurar direitos maternos no mercado de trabalho<\/li><li>Desafios da sa\u00fade p\u00fablica frente \u00e0 queda de vacina\u00e7\u00e3o infantil<\/li><li>Digitaliza\u00e7\u00e3o dos relacionamentos e import\u00e2ncia da tecnologia<\/li><li>Educa\u00e7\u00e3o sexual e combate \u00e0s doen\u00e7as sexualmente transmiss\u00edveis;<\/li><li>Preserva\u00e7\u00e3o do patrim\u00f4nio hist\u00f3rico brasileiro;<\/li><li>A valoriza\u00e7\u00e3o das profiss\u00f5es do futuro;<\/li><li>Agenda 2030 da ONU (Organiza\u00e7\u00e3o das Na\u00e7\u00f5es Unidas).<\/li><li>200 anos de independ\u00eancia do Brasil;<\/li><\/ul><p><\/p>\n\n\n\n<h3 class=\"wp-block-heading\">Acerto nas edi\u00e7\u00f5es anteriores<\/h3>\n\n\n\n<p>Vale destacar que o Portal Nacional da Educa\u00e7\u00e3o conseguiu <strong>acertar o tema <\/strong>base da prova de reda\u00e7\u00e3o nas edi\u00e7\u00f5es de 2015 a 2021. <\/p>\n\n\n\n<p>Para o <strong>Enem 2019<\/strong>, o PNE colocou o escudo do capit\u00e3o am\u00e9rica (cinema) na contagem regressiva para o spoiler sobre o tema da reda\u00e7\u00e3o. <\/p>\n\n\n\n<p>J\u00e1 na <strong>edi\u00e7\u00e3o de 2020<\/strong>, a sa\u00fade metal estava fazendo parte das apostas e na \u00faltima, o professor Paulinho Kuririn acertou o eixo tem\u00e1tico da prova. <\/p>\n\n\n\n<p>Sendo assim, veja abaixo ainda, a lista sobre quais foram os assuntos propostos nas <strong>\u00faltimas edi\u00e7\u00f5es<\/strong> do Exame:<\/p>\n\n\n\n<ul class=\"wp-block-list\"><li>2021:\u00a0\u201cInvisibilidade e registro civil: garantia de acesso \u00e0 cidadania no Brasil\u201d\u00a0<\/li><li>2020:\u00a0\u201cO estigma associado \u00e0s doen\u00e7as mentais na sociedade brasileira\u201d (tema do Enem impresso)\u00a0<\/li><li>2020:\u00a0\u201cO desafio de reduzir as desigualdades entre as regi\u00f5es do Brasil\u201d (tema do Enem digital)\u00a0<\/li><li>2019:\u00a0\u201cDemocratiza\u00e7\u00e3o do acesso ao cinema no Brasil\u201d\u00a0<\/li><li>2018:\u00a0\u201cManipula\u00e7\u00e3o do comportamento do usu\u00e1rio pelo controle de dados na Internet\u201d<\/li><li>2017:\u00a0\u201cDesafios para a forma\u00e7\u00e3o educacional de surdos no Brasil\u201d<\/li><li>2016:\u00a0\u201cCaminhos para combater a intoler\u00e2ncia religiosa no Brasil\u201d<\/li><li>2015:\u00a0\u201cA persist\u00eancia da viol\u00eancia contra a mulher na sociedade brasileira\u201d<\/li><li>2014:\u00a0\u201cPublicidade infantil em quest\u00e3o no Brasil\u201d<\/li><li>2013:\u00a0\u201cEfeitos da implanta\u00e7\u00e3o da Lei Seca no Brasil\u201d<\/li><li>2012:\u00a0\u201cMovimento imigrat\u00f3rio para o Brasil no s\u00e9culo 21\u201d<\/li><li>2011:\u00a0\u201cViver em rede no s\u00e9culo XXI: os limites entre o p\u00fablico e o privado\u201d<\/li><li>2010:\u00a0\u201cO trabalho na constru\u00e7\u00e3o da dignidade humana\u201d<\/li><li>2009:\u00a0\u201cO indiv\u00edduo frente \u00e0 \u00e9tica nacional\u201d<\/li><li>2008:\u00a0\u201cComo preservar a floresta Amaz\u00f4nica\u201d<\/li><li>2007:\u00a0\u201cO desafio de se conviver com a diferen\u00e7a\u201d<\/li><li>2006:\u00a0\u201cO poder de transforma\u00e7\u00e3o da leitura\u201d<\/li><li>2005:\u00a0\u201cO trabalho infantil na realidade brasileira\u201d<\/li><li>2004:\u00a0\u201cComo garantir a liberdade de informa\u00e7\u00e3o e evitar abusos nos meios de comunica\u00e7\u00e3o\u201d<\/li><li>2003:\u00a0\u201cA viol\u00eancia na sociedade brasileira: como mudar as regras desse jogo?\u201d<\/li><li>2002:\u00a0\u201cO direito de votar: como fazer dessa conquista um meio para promover as transforma\u00e7\u00f5es sociais de que o Brasil necessita?\u201d<\/li><li>2001:\u00a0\u201cDesenvolvimento e preserva\u00e7\u00e3o ambiental: como conciliar interesses em conflito?\u201d<\/li><li>2000:\u00a0\u201cDireitos da crian\u00e7a e do adolescente: como enfrentar esse desafio nacional?\u201d<\/li><li>1999:\u00a0\u201cCidadania e participa\u00e7\u00e3o social\u201d<\/li><li>1998:\u00a0\u201cViver e aprender\u201d\u00a0<\/li><\/ul><p><\/p>\n\n\n\n<h2 class=\"wp-block-heading\" id=\"enem-2022-como-sero-as-provas\">ENEM 2022: como ser\u00e3o as provas?<\/h2>\n\n\n\n<p>Portanto, \u00e9 imprescind\u00edvel que os participantes do Exame\u00a0<a href=\"https:\/\/www.novaconcursos.com.br\/portal\/concursos-abertos\/nacional\/\">Nacional<\/a>\u00a0do Ensino M\u00e9dio de 2022 saibam que as provas ser\u00e3o realizadas<strong>\u00a0nos dias 13 e 20 de novembro.<\/strong><\/p>\n\n\n\n<p>Ademais, a aplica\u00e7\u00e3o das avalia\u00e7\u00f5es ocorrer\u00e1\u00a0<strong>em todos os estados do pa\u00eds,<\/strong>\u00a0al\u00e9m do Distrito Federal.<\/p>\n\n\n\n<p>Nesse sentido, no primeiro dia,\u00a0<strong>13 de novembro<\/strong>, os candidatos dever\u00e3o responder a quest\u00f5es acerca de Linguagens, C\u00f3digos e suas Tecnologias, Reda\u00e7\u00e3o e Ci\u00eancias Humanas e suas Tecnologias. Sendo assim, os\u00a0<strong>conte\u00fados<\/strong>\u00a0s\u00e3o:<\/p>\n\n\n\n<ul class=\"wp-block-list\"><li><strong>Linguagens, C\u00f3digos e suas Tecnologias e Reda\u00e7\u00e3o<\/strong><ul><li>L\u00edngua Portuguesa<\/li><li>Literatura<\/li><li>L\u00edngua Estrangeira (Ingl\u00eas ou Espanhol)<\/li><li>Artes<\/li><li>Educa\u00e7\u00e3o F\u00edsica<\/li><li>Tecnologias da Informa\u00e7\u00e3o e Comunica\u00e7\u00e3o<\/li><li>Reda\u00e7\u00e3o: acerca do tema a ser fornecido no momento da prova<\/li><\/ul><\/li><li><strong>Ci\u00eancias Humanas e suas Tecnologias<\/strong><ul><li>Hist\u00f3ria<\/li><li>Geografia<\/li><li>Filosofia<\/li><li>Sociologia<\/li><\/ul><\/li><\/ul><p><\/p>\n\n\n\n<p>Nesse sentido, as provas do primeiro dia ter\u00e3o a dura\u00e7\u00e3o de<strong>\u00a05 horas e 30 minutos.<\/strong>\u00a0<\/p>\n\n\n\n<p>Por outro lado, no segundo dia,\u00a0<strong>20 de novembro,<\/strong>\u00a0ser\u00e3o cobrados os seguintes\u00a0<strong>conte\u00fados<\/strong>\u00a0acerca de Ci\u00eancias da Natureza e suas Tecnologias e Matem\u00e1tica e suas Tecnologias:<\/p>\n\n\n\n<ul class=\"wp-block-list\"><li><strong>Ci\u00eancias da Natureza e suas Tecnologias<\/strong><ul><li>Qu\u00edmica<\/li><li>F\u00edsica<\/li><li>Biologia<\/li><\/ul><\/li><li><strong>Matem\u00e1tica e suas Tecnologias<\/strong><ul><li>Matem\u00e1tica<\/li><\/ul><\/li><\/ul><p><\/p>\n\n\n\n<p>Portanto, o segundo dia de provas contar\u00e1 com dura\u00e7\u00e3o de<strong>\u00a05 horas,<\/strong> contadas a partir da\u00a0<strong>autoriza\u00e7\u00e3o do chefe de sala<\/strong>\u00a0para o in\u00edcio das provas.<\/p>\n\n\n\n<h3 class=\"wp-block-heading\">Hor\u00e1rios das provas<\/h3>\n\n\n\n<p>\u00c9 importante frisar que os candidatos dever\u00e3o comparecer ao local de prova\u00a0<strong>no hor\u00e1rio indicado<\/strong>, pois n\u00e3o poder\u00e3o adentrar ap\u00f3s o\u00a0<strong>fechamento dos port\u00f5es.<\/strong><\/p>\n\n\n\n<p>Sendo assim, a\u00a0<strong>abertura<\/strong>\u00a0dos port\u00f5es ocorrer\u00e1 \u00e0s\u00a0<strong>12h00<\/strong>, segundo o hor\u00e1rio de Bras\u00edlia, e ser\u00e3o\u00a0<strong>fechados \u00e0s 13h00<\/strong>. Nesse sentido, as provas ter\u00e3o in\u00edcio\u00a0<strong>\u00e0s 13h30.<\/strong><\/p>\n\n\n\n<p>Portanto, no primeiro dia as provas ir\u00e3o, no m\u00e1ximo,\u00a0<strong>at\u00e9 as 19h00<\/strong>, enquanto no segundo dia a dura\u00e7\u00e3o m\u00e1xima das avalia\u00e7\u00f5es termina\u00a0<strong>\u00e0s 18h30.<\/strong><\/p>\n\n\n\n<p><a href=\"https:\/\/www.novaconcursos.com.br\/portal\/concursos\/enem\/\">Saiba quais atos que geram elimina\u00e7\u00e3o, clicando aqui!<\/a><\/p>\n\n\n\n<figure class=\"wp-block-image size-large\"><a href=\"https:\/\/aprovacao.novaconcursos.com.br\/assinatura\" target=\"_blank\" rel=\"noreferrer noopener\"><img decoding=\"async\" src=\"https:\/\/www.novaconcursos.com.br\/portal\/wp-content\/uploads\/2022\/01\/Faixa-Frete-Gr%E2%80%A0tis-portal.png\" alt=\"assinatura completa\" class=\"wp-image-153078\" loading=\"lazy\" title=\"\"><\/a><figcaption><\/figcaption><\/figure>","protected":false},"excerpt":{"rendered":"<p>Aten\u00e7\u00e3o concurseiros! As provas do Enem 2022 v\u00e3o acontecer nos dias 13 e 20 de novembro. Por isso, \u00e9 importante intensificar os estudos. Saiba 35 temas de reda\u00e7\u00e3o poss\u00edveis para a edi\u00e7\u00e3o deste ano. Adquira:\u00a0Apostila completa Enem 2022 Adquira:\u00a0Curso online completo Enem 2022 Estude para o concurso dos seus sonhos com o\u00a0M\u00e9todo\u00a0que j\u00e1 ajudou na\u00a0aprova\u00e7\u00e3o [&hellip;]<\/p>\n","protected":false},"author":54671,"featured_media":160325,"comment_status":"closed","ping_status":"closed","sticky":false,"template":"","format":"standard","meta":{"_acf_changed":false,"footnotes":"","_wp_rev_ctl_limit":""},"categories":[228],"tags":[],"class_list":["post-174070","post","type-post","status-publish","format-standard","has-post-thumbnail","hentry","category-noticias"],"acf":[],"_links":{"self":[{"href":"https:\/\/www.novaconcursos.com.br\/portal\/wp-json\/wp\/v2\/posts\/174070","targetHints":{"allow":["GET"]}}],"collection":[{"href":"https:\/\/www.novaconcursos.com.br\/portal\/wp-json\/wp\/v2\/posts"}],"about":[{"href":"https:\/\/www.novaconcursos.com.br\/portal\/wp-json\/wp\/v2\/types\/post"}],"author":[{"embeddable":true,"href":"https:\/\/www.novaconcursos.com.br\/portal\/wp-json\/wp\/v2\/users\/54671"}],"replies":[{"embeddable":true,"href":"https:\/\/www.novaconcursos.com.br\/portal\/wp-json\/wp\/v2\/comments?post=174070"}],"version-history":[{"count":4,"href":"https:\/\/www.novaconcursos.com.br\/portal\/wp-json\/wp\/v2\/posts\/174070\/revisions"}],"predecessor-version":[{"id":174074,"href":"https:\/\/www.novaconcursos.com.br\/portal\/wp-json\/wp\/v2\/posts\/174070\/revisions\/174074"}],"wp:featuredmedia":[{"embeddable":true,"href":"https:\/\/www.novaconcursos.com.br\/portal\/wp-json\/wp\/v2\/media\/160325"}],"wp:attachment":[{"href":"https:\/\/www.novaconcursos.com.br\/portal\/wp-json\/wp\/v2\/media?parent=174070"}],"wp:term":[{"taxonomy":"category","embeddable":true,"href":"https:\/\/www.novaconcursos.com.br\/portal\/wp-json\/wp\/v2\/categories?post=174070"},{"taxonomy":"post_tag","embeddable":true,"href":"https:\/\/www.novaconcursos.com.br\/portal\/wp-json\/wp\/v2\/tags?post=174070"}],"curies":[{"name":"wp","href":"https:\/\/api.w.org\/{rel}","templated":true}]}}