{"id":174098,"date":"2022-10-07T11:45:43","date_gmt":"2022-10-07T14:45:43","guid":{"rendered":"https:\/\/www.novaconcursos.com.br\/portal\/?p=174098"},"modified":"2022-10-07T11:45:47","modified_gmt":"2022-10-07T14:45:47","slug":"concurso-guarda-de-niteroi-rj-novo-edital-esta-confirmado","status":"publish","type":"post","link":"https:\/\/www.novaconcursos.com.br\/portal\/noticias\/concurso-guarda-de-niteroi-rj-novo-edital-esta-confirmado\/","title":{"rendered":"Concurso Guarda de Niter\u00f3i-RJ: Novo edital est\u00e1 confirmado!"},"content":{"rendered":"<p>Aten\u00e7\u00e3o, concurseiros! Um novo\u00a0<a href=\"https:\/\/www.novaconcursos.com.br\/portal\/concursos\/concurso-guarda-de-niteroi-rj\/\">concurso Guarda de Niter\u00f3i-RJ<\/a> foi confirmado e deve ser publicado <strong>em 2023.<\/strong>\u00a0Ademais, a previs\u00e3o \u00e9 para<strong>\u00a074 vagas.<\/strong> Vale destacar que o \u00faltimo certame continua v\u00e1lido!<\/p>\n\n\n\n<ul class=\"wp-block-list\"><li><strong>Confira:<\/strong>\u00a0<a rel=\"noreferrer noopener\" aria-label=\" (abre numa nova aba)\" href=\"https:\/\/www.novaconcursos.com.br\/eventos\/guia-definitivo-como-montar-um-mapa-mental\/\" target=\"_blank\">Guia Definitivo Como montar um mapa mental (Gr\u00e1tis)<\/a><\/li><\/ul><p><\/p>\n\n\n\n<p>Estude para o concurso dos seus sonhos com o\u00a0<strong>M\u00e9todo<\/strong>\u00a0que j\u00e1 ajudou na\u00a0<strong>aprova\u00e7\u00e3o de mais de 70 mil alunos.<\/strong>\u00a0<a rel=\"noreferrer noopener\" aria-label=\" (abre numa nova aba)\" href=\"https:\/\/aprovacao.novaconcursos.com.br\/assinatura\" target=\"_blank\">Clique aqui<\/a>\u00a0e saiba mais!<\/p>\n\n\n\n<h2 class=\"wp-block-heading\" id=\"concurso-guarda-de-niterirj-edital-vlido-e-outro-em-2023\">Concurso Guarda de Niter\u00f3i-RJ: edital v\u00e1lido e outro em 2023<\/h2>\n\n\n\n<p>Portanto, o \u00faltimo concurso da Guarda Municipal de Niter\u00f3i, no <a href=\"https:\/\/www.novaconcursos.com.br\/portal\/concursos-previstos\/rj\/\">Estado do Rio de Janeiro<\/a>, continua <strong>v\u00e1lido<\/strong>.<\/p>\n\n\n\n<p>Publicado em 2019, o certame teve o prazo de validade <strong>prorrogado at\u00e9 junho de 2023<\/strong>. Por isso, novas convoca\u00e7\u00f5es tamb\u00e9m foram reveladas.<\/p>\n\n\n\n<p>Sendo assim, de acordo com a Prefeitura, <strong>45 remanescentes <\/strong>do cadastro de reserva foram chamados.\u00a0<\/p>\n\n\n\n<p>Ademais, a\u00a0convoca\u00e7\u00e3o \u00e9 mais um passo para que a cidade possa contar com <strong>1.000 guardas civis municipais<\/strong>, n\u00famero m\u00e1ximo permitido pela Legisla\u00e7\u00e3o. <\/p>\n\n\n\n<p>Al\u00e9m disso, a C\u00e2mara Municipal aprovou, em junho deste ano, a contrata\u00e7\u00e3o de<strong> mais 286 agentes<\/strong> para a Guarda.<\/p>\n\n\n\n<p>Assim, ser\u00e3o 212 para convoca\u00e7\u00e3o de excedentes no \u00faltimo concurso e 74 para contrata\u00e7\u00e3o atrav\u00e9s de um<strong> novo edital.<\/strong><\/p>\n\n\n\n<p><em>\u201cA Prefeitura de Niter\u00f3i far\u00e1 novos chamamentos ainda este ano e no primeiro trimestre de 2023. Al\u00e9m disso, as vagas restantes para fechar o efetivo de mil agentes ser\u00e3o complementadas atrav\u00e9s de um novo concurso p\u00fablico previsto para o pr\u00f3ximo ano\u201d<\/em>, disse o munic\u00edpio.<\/p>\n\n\n\n<p>Entretanto, esse n\u00famero pode aumentar para o pr\u00f3ximo <a href=\"https:\/\/www.novaconcursos.com.br\/portal\/concursos-abertos\/rj\/\">concurso<\/a>, devido a futuras aposentadorias.<\/p>\n\n\n\n<p><em>\u201cCerca de 50 a 60 guardas ter\u00e3o condi\u00e7\u00f5es de se aposentar por idade at\u00e9 2024\u201d<\/em>, lembrou Paulo Brito.<\/p>\n\n\n\n<p>Posteriormente, vale destacar que desde 2013 foram realizados dois concursos, que ampliaram o efetivo de 300 para 714 agentes na Guarda da cidade.<\/p>\n\n\n\n<p>Os concursados, assim que tomarem posse, participar\u00e3o do\u00a0<strong>curso de forma\u00e7\u00e3o profissional da Guarda\u00a0Municipal<\/strong>, com dura\u00e7\u00e3o de tr\u00eas meses e\u00a0aulas pr\u00e1ticas e te\u00f3ricas.<\/p>\n\n\n\n<h2 class=\"wp-block-heading\" id=\"quais-os-requisitos-para-a-carreira-de-guarda-municipal-de-n\">Quais os requisitos para a carreira de Guarda Municipal de Niter\u00f3i-RJ?<\/h2>\n\n\n\n<ul class=\"wp-block-list\"><li>Possuir nacionalidade brasileira ou portuguesa, de acordo com par\u00e2metros constantes da legisla\u00e7\u00e3o vigente;<\/li><li>Estar no exerc\u00edcio dos direitos civis e pol\u00edticos e quite com as obriga\u00e7\u00f5es militares e eleitorais;<\/li><li>Possuir como grau de escolaridade o ensino m\u00e9dio completo at\u00e9 a data da posse;<\/li><li>Ter, no m\u00ednimo, a idade de 18 (dezoito) anos completos na data da posse;<\/li><li>N\u00e3o possuir contra si decis\u00e3o judicial em a\u00e7\u00e3o penal, com tr\u00e2nsito em julgado, incompat\u00edvel com o exerc\u00edcio do cargo;<\/li><li>Possuir idoneidade moral;<\/li><li>Ser aprovado em todas as fases do Concurso P\u00fablico.<\/li><\/ul><p><\/p>\n\n\n\n<h3 class=\"wp-block-heading\">E as atribui\u00e7\u00f5es?<\/h3>\n\n\n\n<ul class=\"wp-block-list\"><li>Atividades de planejamento, coordena\u00e7\u00e3o, execu\u00e7\u00e3o, controle, orienta\u00e7\u00e3o e fiscaliza\u00e7\u00e3o;<\/li><li>Pol\u00edticas de preven\u00e7\u00e3o da viol\u00eancia no munic\u00edpio, objetivando a prote\u00e7\u00e3o da popula\u00e7\u00e3o e dos pr\u00f3prios municipais;<\/li><li>Coordenar, organizar e orientar o tr\u00e2nsito de ve\u00edculos e pedestres em todo o territ\u00f3rio Municipal em conjunto com a Niter\u00f3i Transporte e Tr\u00e2nsito S\/A (NITTRANS);<\/li><li>Desenvolver a\u00e7\u00f5es conjuntas de fiscaliza\u00e7\u00e3o urbana e ambiental, com os \u00f3rg\u00e3os municipais, estaduais e federais, respectivamente, no que se refere \u00e0 prote\u00e7\u00e3o dos recursos ambientais naturais, em cumprimento aos dispositivos legais vigentes.<\/li><\/ul><p><\/p>\n\n\n\n<p><\/p>\n\n\n\n<figure class=\"wp-block-image size-large\"><a href=\"https:\/\/aprovacao.novaconcursos.com.br\/assinatura\" target=\"_blank\" rel=\"noreferrer noopener\"><img decoding=\"async\" src=\"https:\/\/www.novaconcursos.com.br\/portal\/wp-content\/uploads\/2022\/01\/Faixa-Frete-Gr%E2%80%A0tis-portal.png\" alt=\"assinatura completa\" class=\"wp-image-153078\" loading=\"lazy\" title=\"\"><\/a><figcaption><\/figcaption><\/figure>","protected":false},"excerpt":{"rendered":"<p>Aten\u00e7\u00e3o, concurseiros! Um novo\u00a0concurso Guarda de Niter\u00f3i-RJ foi confirmado e deve ser publicado em 2023.\u00a0Ademais, a previs\u00e3o \u00e9 para\u00a074 vagas. Vale destacar que o \u00faltimo certame continua v\u00e1lido! Confira:\u00a0Guia Definitivo Como montar um mapa mental (Gr\u00e1tis) Estude para o concurso dos seus sonhos com o\u00a0M\u00e9todo\u00a0que j\u00e1 ajudou na\u00a0aprova\u00e7\u00e3o de mais de 70 mil alunos.\u00a0Clique aqui\u00a0e [&hellip;]<\/p>\n","protected":false},"author":54671,"featured_media":165921,"comment_status":"closed","ping_status":"closed","sticky":false,"template":"","format":"standard","meta":{"_acf_changed":false,"footnotes":"","_wp_rev_ctl_limit":""},"categories":[228],"tags":[],"class_list":["post-174098","post","type-post","status-publish","format-standard","has-post-thumbnail","hentry","category-noticias"],"acf":[],"_links":{"self":[{"href":"https:\/\/www.novaconcursos.com.br\/portal\/wp-json\/wp\/v2\/posts\/174098","targetHints":{"allow":["GET"]}}],"collection":[{"href":"https:\/\/www.novaconcursos.com.br\/portal\/wp-json\/wp\/v2\/posts"}],"about":[{"href":"https:\/\/www.novaconcursos.com.br\/portal\/wp-json\/wp\/v2\/types\/post"}],"author":[{"embeddable":true,"href":"https:\/\/www.novaconcursos.com.br\/portal\/wp-json\/wp\/v2\/users\/54671"}],"replies":[{"embeddable":true,"href":"https:\/\/www.novaconcursos.com.br\/portal\/wp-json\/wp\/v2\/comments?post=174098"}],"version-history":[{"count":3,"href":"https:\/\/www.novaconcursos.com.br\/portal\/wp-json\/wp\/v2\/posts\/174098\/revisions"}],"predecessor-version":[{"id":174109,"href":"https:\/\/www.novaconcursos.com.br\/portal\/wp-json\/wp\/v2\/posts\/174098\/revisions\/174109"}],"wp:featuredmedia":[{"embeddable":true,"href":"https:\/\/www.novaconcursos.com.br\/portal\/wp-json\/wp\/v2\/media\/165921"}],"wp:attachment":[{"href":"https:\/\/www.novaconcursos.com.br\/portal\/wp-json\/wp\/v2\/media?parent=174098"}],"wp:term":[{"taxonomy":"category","embeddable":true,"href":"https:\/\/www.novaconcursos.com.br\/portal\/wp-json\/wp\/v2\/categories?post=174098"},{"taxonomy":"post_tag","embeddable":true,"href":"https:\/\/www.novaconcursos.com.br\/portal\/wp-json\/wp\/v2\/tags?post=174098"}],"curies":[{"name":"wp","href":"https:\/\/api.w.org\/{rel}","templated":true}]}}