{"id":174248,"date":"2022-10-10T12:09:44","date_gmt":"2022-10-10T15:09:44","guid":{"rendered":"https:\/\/www.novaconcursos.com.br\/portal\/?p=174248"},"modified":"2022-10-10T12:09:49","modified_gmt":"2022-10-10T15:09:49","slug":"concurso-sesacre-divulgado-o-edital-de-convocacao-para-as-provas","status":"publish","type":"post","link":"https:\/\/www.novaconcursos.com.br\/portal\/noticias\/concurso-sesacre-divulgado-o-edital-de-convocacao-para-as-provas\/","title":{"rendered":"Concurso Sesacre: Divulgado o edital de convoca\u00e7\u00e3o para as provas!"},"content":{"rendered":"<p><strong>Recentemente retomado,<\/strong> o\u00a0<a href=\"https:\/\/www.novaconcursos.com.br\/portal\/concursos\/concurso-sesacre-ac\/\">concurso Sesacre<\/a>\u00a0\u00a0(Secretaria de Estado de Sa\u00fade do Estado do Acre) publicou o edital de convoca\u00e7\u00e3o para as provas, que ser\u00e3o aplicadas no pr\u00f3ximo domingo (16). S\u00e3o<strong> 669 vagas<\/strong>. <\/p>\n\n\n\n<ul class=\"wp-block-list\"><li><strong>Confira:<\/strong>\u00a0<a rel=\"noreferrer noopener\" aria-label=\" (abre numa nova aba)\" href=\"https:\/\/www.novaconcursos.com.br\/eventos\/guia-definitivo-como-montar-um-mapa-mental\/\" target=\"_blank\">Guia Definitivo Como montar um mapa mental (Gr\u00e1tis)<\/a><\/li><\/ul><p><\/p>\n\n\n\n<p>Estude para o concurso dos seus sonhos com o\u00a0<strong>M\u00e9todo<\/strong>\u00a0que j\u00e1 ajudou na\u00a0<strong>aprova\u00e7\u00e3o de mais de 70 mil alunos.<\/strong>\u00a0<a href=\"https:\/\/aprovacao.novaconcursos.com.br\/assinatura\" target=\"_blank\" rel=\"noreferrer noopener\" aria-label=\" (abre numa nova aba)\">Clique aqui<\/a>\u00a0e saiba mais!<\/p>\n\n\n\n<h2 class=\"wp-block-heading\" id=\"concurso-sesacre-provas-se-aproximando-saiba-detalhes\">Concurso Sesacre: provas se aproximando; saiba detalhes!<\/h2>\n\n\n\n<p>Sendo assim, as provas do concurso da Secretaria de Estado de Sa\u00fade do\u00a0<a href=\"https:\/\/www.novaconcursos.com.br\/portal\/concursos-previstos\/ac\/\">Estado do Acre<\/a> est\u00e3o se <strong>aproximando<\/strong>.<\/p>\n\n\n\n<p>Assim, elas ser\u00e3o aplicadas no pr\u00f3ximo domingo, <strong>16 de outubro<\/strong>. Portanto, \u00e9 importante se atentar aos detalhes e informa\u00e7\u00f5es!<\/p>\n\n\n\n<p>Confira, ent\u00e3o, o <strong>edital de convoca\u00e7\u00e3o<\/strong> para as provas, com todas as informa\u00e7\u00f5es necess\u00e1rias, <a href=\"https:\/\/fs.ibfc.org.br\/arquivos\/bbcf58c030a6839f26a988258b984744.pdf\" target=\"_blank\" rel=\"noreferrer noopener\" aria-label=\"clicando aqui (abre numa nova aba)\">clicando aqui<\/a>!<\/p>\n\n\n\n<h3 class=\"wp-block-heading\">Hor\u00e1rios<\/h3>\n\n\n\n<p>As avalia\u00e7\u00f5es, ent\u00e3o, v\u00e3o acontecer todas no <strong>turno da tarde<\/strong>, sendo:<\/p>\n\n\n\n<ul class=\"wp-block-list\"><li>Hor\u00e1rio de abertura dos port\u00f5es: 12h;<\/li><li>Hor\u00e1rio de fechamento dos port\u00f5es: 12h45; e<\/li><li>In\u00edcio previsto da prova: 13h.<\/li><\/ul><p><\/p>\n\n\n\n<h3 class=\"wp-block-heading\">Onde ser\u00e3o aplicadas?<\/h3>\n\n\n\n<p>Portanto, ser\u00e3o aplicadas nas <strong>cidades <\/strong>de\u00a0Brasil\u00e9ia, Cruzeiro do Sul, Feij\u00f3, Jord\u00e3o, Marechal Thaumaturgo, Porto Walter, Rio Branco, Santa Rosa do Purus, Sena Madureira e Tarauac\u00e1.<\/p>\n\n\n\n<p>Ademais, os candidatos poder\u00e3o conferir os locais de prova em breve, no site do <a href=\"https:\/\/www.ibfc.org.br\/concurso\/concurso_selecionado\/402\" target=\"_blank\" rel=\"noopener\">IBFC<\/a>, banca organizadora!<\/p>\n\n\n\n<h3 class=\"wp-block-heading\">Como ser\u00e3o?<\/h3>\n\n\n\n<p>As\u00a0<strong>provas objetivas e discursivas ser\u00e3o comum a todos os cargos,<\/strong> tendo\u00a0car\u00e1ter eliminat\u00f3rio e\/ou classificat\u00f3rio.<\/p>\n\n\n\n<p>Al\u00e9m disso, ser\u00e3o\u00a0<strong>80 quest\u00f5es<\/strong>\u00a0de m\u00faltipla escolha acerca dos <strong>conte\u00fados<\/strong> indicados abaixo:<\/p>\n\n\n\n<ul class=\"wp-block-list\"><li>L\u00edngua Portuguesa \u2013 10;<\/li><li>Hist\u00f3ria e Geografia do Acre \u2013 10;<\/li><li>Inform\u00e1tica B\u00e1sica \u2013 10.<\/li><li>Conhecimentos Espec\u00edficos \u2013 50.<\/li><\/ul><p><\/p>\n\n\n\n<h3 class=\"wp-block-heading\">O que precisa para ser aprovado?<\/h3>\n\n\n\n<p>Para ser aprovado \u00e9 necess\u00e1rio atingir, pelo menos, <strong>50% de acertos<\/strong> e n\u00e3o zerar nenhuma das provas de conhecimento. <\/p>\n\n\n\n<p>Ademais, todas as quest\u00f5es ter\u00e3o <strong>peso 1<\/strong>, com exce\u00e7\u00e3o de Conhecimentos Espec\u00edficos, que ter\u00e1 peso 1,4.<\/p>\n\n\n\n<h2 class=\"wp-block-heading\" id=\"concurso-sesacre-vagas-e-salrios\">Concurso Sesacre: vagas e sal\u00e1rios<\/h2>\n\n\n\n<p>De acordo com o novo cronograma, ser\u00e3o ofertadas agora no <a href=\"https:\/\/www.novaconcursos.com.br\/portal\/concursos-abertos\/ac\/\">concurso<\/a>, <strong>669 vagas.\u00a0<\/strong>Assim, veja abaixo quais s\u00e3o os cargos que entraram:<\/p>\n\n\n\n<ul class=\"wp-block-list\"><li>Auxiliar de Sa\u00fade Bucal (n\u00edvel m\u00e9dio com curso espec\u00edfico) \u2013 1 vaga;<\/li><li>T\u00e9cnico em<ul><li>Enfermagem (n\u00edvel m\u00e9dio com curso espec\u00edfico) \u2013 12 vagas;<\/li><li>Contabilidade (n\u00edvel m\u00e9dio com curso espec\u00edfico) \u2013 20 vagas;<\/li><li>Manuten\u00e7\u00e3o de Computadores (n\u00edvel m\u00e9dio com curso espec\u00edfico) \u2013 1 vaga;<\/li><\/ul><\/li><li>Gestor em Sa\u00fade Coletiva (n\u00edvel superior em Sa\u00fade Coletiva) \u2013 3 vagas;<\/li><li>Biom\u00e9dico (n\u00edvel superior em Biomedicina) \u2013 CR; e<\/li><li>M\u00e9dico Veterin\u00e1rio (n\u00edvel superior em Medicina Veterin\u00e1ria) \u2013 3 vagas.<\/li><\/ul><p><\/p>\n\n\n\n<p>Al\u00e9m disso, veja abaixo as vagas e cargos que j\u00e1 estavam em curso, <strong>anteriormente<\/strong> \u00c0 republica\u00e7\u00e3o do documento com mudan\u00e7as:<\/p>\n\n\n\n<ul class=\"wp-block-list\"><li><strong>N\u00edvel M\u00e9dio<\/strong><ul><li>Agente Administrativo<\/li><li>Auxiliar de Farm\u00e1cia<\/li><li>T\u00e9cnico de Laborat\u00f3rio em An\u00e1lise Cl\u00ednica<\/li><li>T\u00e9cnico em \u00d3rtese e Pr\u00f3tese Ortop\u00e9dica<\/li><li>Condutor de Ambul\u00e2ncia<\/li><li>T\u00e9cnico de Radiologia<\/li><li>T\u00e9cnico em Seguran\u00e7a do Trabalho<\/li><\/ul><\/li><li><strong>N\u00edvel Superior<\/strong><ul><li>Assistente Social<\/li><li>Bi\u00f3logo<\/li><li>Cirurgi\u00e3o Dentista<\/li><li>Enfermeiro<\/li><li>Engenheiro Eletricista<\/li><li>Engenheiro Eletr\u00f4nico<\/li><li>Farmac\u00eautico<\/li><li>Engenheiro Sanitarista<\/li><li>Fisioterapeuta<\/li><li>Fonoaudi\u00f3logo<\/li><li>M\u00e9dico (diversas especialidades)<\/li><li>M\u00e9dico do Trabalho<\/li><\/ul><\/li><\/ul><p><\/p>\n\n\n\n<p>Al\u00e9m disso, as vagas est\u00e3o destinadas para preenchimento em uma<strong>\u00a0s\u00e9rie de munic\u00edpios<\/strong>\u00a0do estado.<\/p>\n\n\n\n<p>Ademais, os aprovados contar\u00e3o com\u00a0<strong>remunera\u00e7\u00f5es<\/strong>\u00a0que variam entre\u00a0<strong>R$ 1.392,81<\/strong>\u00a0e\u00a0<strong>R$ 11.096,93<\/strong>\u00a0para as jornadas de trabalho de 30 horas semanais.<\/p>\n\n\n\n<figure class=\"wp-block-image size-large\"><a href=\"https:\/\/aprovacao.novaconcursos.com.br\/assinatura\" target=\"_blank\" rel=\"noreferrer noopener\"><img decoding=\"async\" src=\"https:\/\/www.novaconcursos.com.br\/portal\/wp-content\/uploads\/2022\/01\/Faixa-Frete-Gr%E2%80%A0tis-portal.png\" alt=\"assinatura completa\" class=\"wp-image-153078\" loading=\"lazy\" title=\"\"><\/a><figcaption><\/figcaption><\/figure>","protected":false},"excerpt":{"rendered":"<p>Recentemente retomado, o\u00a0concurso Sesacre\u00a0\u00a0(Secretaria de Estado de Sa\u00fade do Estado do Acre) publicou o edital de convoca\u00e7\u00e3o para as provas, que ser\u00e3o aplicadas no pr\u00f3ximo domingo (16). S\u00e3o 669 vagas. Confira:\u00a0Guia Definitivo Como montar um mapa mental (Gr\u00e1tis) Estude para o concurso dos seus sonhos com o\u00a0M\u00e9todo\u00a0que j\u00e1 ajudou na\u00a0aprova\u00e7\u00e3o de mais de 70 mil [&hellip;]<\/p>\n","protected":false},"author":54671,"featured_media":163055,"comment_status":"closed","ping_status":"closed","sticky":false,"template":"","format":"standard","meta":{"_acf_changed":false,"footnotes":"","_wp_rev_ctl_limit":""},"categories":[228],"tags":[],"class_list":["post-174248","post","type-post","status-publish","format-standard","has-post-thumbnail","hentry","category-noticias"],"acf":[],"_links":{"self":[{"href":"https:\/\/www.novaconcursos.com.br\/portal\/wp-json\/wp\/v2\/posts\/174248","targetHints":{"allow":["GET"]}}],"collection":[{"href":"https:\/\/www.novaconcursos.com.br\/portal\/wp-json\/wp\/v2\/posts"}],"about":[{"href":"https:\/\/www.novaconcursos.com.br\/portal\/wp-json\/wp\/v2\/types\/post"}],"author":[{"embeddable":true,"href":"https:\/\/www.novaconcursos.com.br\/portal\/wp-json\/wp\/v2\/users\/54671"}],"replies":[{"embeddable":true,"href":"https:\/\/www.novaconcursos.com.br\/portal\/wp-json\/wp\/v2\/comments?post=174248"}],"version-history":[{"count":4,"href":"https:\/\/www.novaconcursos.com.br\/portal\/wp-json\/wp\/v2\/posts\/174248\/revisions"}],"predecessor-version":[{"id":174255,"href":"https:\/\/www.novaconcursos.com.br\/portal\/wp-json\/wp\/v2\/posts\/174248\/revisions\/174255"}],"wp:featuredmedia":[{"embeddable":true,"href":"https:\/\/www.novaconcursos.com.br\/portal\/wp-json\/wp\/v2\/media\/163055"}],"wp:attachment":[{"href":"https:\/\/www.novaconcursos.com.br\/portal\/wp-json\/wp\/v2\/media?parent=174248"}],"wp:term":[{"taxonomy":"category","embeddable":true,"href":"https:\/\/www.novaconcursos.com.br\/portal\/wp-json\/wp\/v2\/categories?post=174248"},{"taxonomy":"post_tag","embeddable":true,"href":"https:\/\/www.novaconcursos.com.br\/portal\/wp-json\/wp\/v2\/tags?post=174248"}],"curies":[{"name":"wp","href":"https:\/\/api.w.org\/{rel}","templated":true}]}}