{"id":174648,"date":"2022-10-14T12:01:39","date_gmt":"2022-10-14T15:01:39","guid":{"rendered":"https:\/\/www.novaconcursos.com.br\/portal\/?p=174648"},"modified":"2025-03-07T14:35:02","modified_gmt":"2025-03-07T17:35:02","slug":"concurso-sme-sp-edital-retificado-veja-alteracoes","status":"publish","type":"post","link":"https:\/\/www.novaconcursos.com.br\/portal\/noticias\/concurso-sme-sp-edital-retificado-veja-alteracoes\/","title":{"rendered":"Concurso SME SP: Edital retificado. Confira as altera\u00e7\u00f5es no conte\u00fado program\u00e1tico!"},"content":{"rendered":"<p>Aten\u00e7\u00e3o concurseiros! O <a href=\"https:\/\/www.novaconcursos.com.br\/portal\/concursos\/concurso-sme-sp\/\" target=\"_blank\" rel=\"noreferrer noopener\" aria-label=\"concurso SME SP (abre numa nova aba)\">concurso SME SP<\/a> teve o <strong>edital retificado<\/strong> e sofreu altera\u00e7\u00f5es no conte\u00fado program\u00e1tico. Saiba mais!<\/p>\n\n\n\n<p>A retifica\u00e7\u00e3o foi publicada nesta quinta-feira, 13 de outubro, no site da FGV (Funda\u00e7\u00e3o Get\u00falio Vargas), banca organizadora.<\/p>\n\n\n\n<p>De acordo com o documento, a sele\u00e7\u00e3o passar\u00e1 a <strong>n\u00e3o cobrar <\/strong>o conhecimento de Legisla\u00e7\u00e3o Espec\u00edfica: Federais e Municipais. No entanto, ouve <strong>acr\u00e9scimos <\/strong>na disciplina de Conhecimentos Pedag\u00f3gicos.<\/p>\n\n\n\n<p>Al\u00e9m disso, foram<strong> retificados conte\u00fados <\/strong>e parte da refer\u00eancia bibliogr\u00e1fica dos conte\u00fados de Biologia e <strong>requisitos de escolaridade <\/strong>cobrados para disciplinas de Matem\u00e1tica e Libras. <\/p>\n\n\n\n<p><\/p>\n\n\n\n<p><\/p>\n\n\n\n<h2 class=\"wp-block-heading\" id=\"concurso-sme-sp-vagas-oferecidas\">Concurso SME SP: Vagas oferecidas<\/h2>\n\n\n\n<p>A sele\u00e7\u00e3o est\u00e1 oferecendo\u00a0<strong>3.250 oportunidades<\/strong>\u00a0para a carreira de Professor, divididas entre as seguintes especialidades:<\/p>\n\n\n\n<ul class=\"wp-block-list\"><li><strong>Educa\u00e7\u00e3o Infantil e Ensino Fundamental I:<\/strong>\u00a01.270 vagas\n<ul class=\"wp-block-list\"><li><strong>Requisito:<\/strong>\u00a0n\u00edvel m\u00e9dio completo<\/li>\n\n\n\n<li><strong>Sal\u00e1rio<\/strong>: R$ 3.135,48<\/li>\n<\/ul><\/li>\n<\/ul><p><\/p>\n\n\n\n<ul class=\"wp-block-list\"><li><strong>Ensino Fundamental II e Ensino M\u00e9dio:<\/strong>\u00a01.980 vagas\n<ul class=\"wp-block-list\"><li><strong>Requisito:<\/strong>\u00a0licenciatura nas seguintes \u00e1reas:\n<ul class=\"wp-block-list\"><li>Arte;<\/li>\n\n\n\n<li>Biologia;<\/li>\n\n\n\n<li>Ci\u00eancias;<\/li>\n\n\n\n<li>Educa\u00e7\u00e3o F\u00edsica;<\/li>\n\n\n\n<li>Espanhol;<\/li>\n\n\n\n<li>F\u00edsica;<\/li>\n\n\n\n<li>Geografia;<\/li>\n\n\n\n<li>Hist\u00f3ria;<\/li>\n\n\n\n<li>Ingl\u00eas;<\/li>\n\n\n\n<li>Matem\u00e1tica;<\/li>\n\n\n\n<li>Portugu\u00eas;<\/li>\n\n\n\n<li>Qu\u00edmica;<\/li>\n\n\n\n<li>Sociologia;<\/li>\n\n\n\n<li>Filosofia;<\/li>\n\n\n\n<li>Libras.<\/li>\n<\/ul><\/li>\n\n\n\n<li><strong>Sal\u00e1rio<\/strong>: R$ 3.787,50<\/li>\n<\/ul><\/li>\n<\/ul><p><\/p>\n\n\n\n<p>Al\u00e9m do sal\u00e1rio inicial, os aprovados receberam os seguintes\u00a0<strong>benef\u00edcios:<\/strong><\/p>\n\n\n\n<ul class=\"wp-block-list\"><li>Aux\u00edlio-alimenta\u00e7\u00e3o: R$ 600,00<\/li>\n\n\n\n<li>Aux\u00edlio-refei\u00e7\u00e3o (por dia trabalhado): R$ 25,00<\/li>\n\n\n\n<li>Gratifica\u00e7\u00e3o por Local de Trabalho (GLT) de R$ 300 a R$ 1.500 por m\u00eas;<\/li>\n\n\n\n<li>Gratifica\u00e7\u00e3o de Dif\u00edcil Acesso (GDA) de R$ 110 a R$ 660 por m\u00eas;<\/li>\n\n\n\n<li>Pr\u00eamio de Desempenho Educacional (PDE) anual \u2014 neste ano, o valor m\u00e1ximo chegou a R$ 7.800.<\/li>\n<\/ul><p><\/p>\n\n\n\n<h2 class=\"wp-block-heading\" id=\"provas-e-etapas\">Provas e etapas<\/h2>\n\n\n\n<p>Em s\u00edntese, os candidatos ser\u00e3o avaliados atrav\u00e9s de\u00a0<strong>quatro etapas<\/strong>, s\u00e3o elas:<\/p>\n\n\n\n<ul class=\"wp-block-list\"><li>Prova (eliminat\u00f3ria e classificat\u00f3ria)\n<ul class=\"wp-block-list\"><li>Objetiva<\/li>\n\n\n\n<li>Discursiva<\/li>\n\n\n\n<li>Pr\u00e1tica<\/li>\n<\/ul><\/li>\n\n\n\n<li>Avalia\u00e7\u00e3o de T\u00edtulos (classificat\u00f3ria)<\/li>\n<\/ul><p><\/p>\n\n\n\n<p>As provas ser\u00e3o realizadas em dias diferentes, dependendo do cargo. Veja!<\/p>\n\n\n\n<ul class=\"wp-block-list\"><li><strong>Educa\u00e7\u00e3o Infantil e Ensino Fundamental I:<\/strong>\u00a015 de janeiro de 2023<\/li>\n\n\n\n<li><strong>Ensino Fundamental II e Ensino M\u00e9dio:<\/strong>\u00a08 de janeiro de 2023<\/li>\n<\/ul><p><\/p>\n\n\n\n<p>A prova objetiva, para todos os cargos, contar\u00e1 com\u00a0<strong>60 quest\u00f5es<\/strong>, distribu\u00eddas entre as seguintes \u00e1reas de conhecimento:<\/p>\n\n\n\n<ul class=\"wp-block-list\"><li>Conhecimentos<ul><li>B\u00e1sicos<ul><li>L\u00edngua Portuguesa<\/li><li>Inform\u00e1tica B\u00e1sica<\/li><li>Legisla\u00e7\u00e3o Espec\u00edfica<\/li><\/ul><\/li><\/ul><ul class=\"wp-block-list\"><li>Pedag\u00f3gicos\n<ul class=\"wp-block-list\"><li>Fundamentos da Educa\u00e7\u00e3o<\/li>\n<\/ul><\/li>\n\n\n\n<li>Espec\u00edficos\n<ul class=\"wp-block-list\"><li>varia de acordo com o cargo.<\/li>\n<\/ul><\/li>\n<\/ul><\/li>\n<\/ul><p><\/p>\n\n\n\n<p>Em contrapartida, a prova discursiva, para todos os cargos, ser\u00e1 composta por\u00a0<strong>duas quest\u00f5es<\/strong>, sendo:<\/p>\n\n\n\n<ul class=\"wp-block-list\"><li>Uma quest\u00e3o sobre estudo de caso<\/li>\n\n\n\n<li>Uma quest\u00e3o versando sobre os Conhecimentos Espec\u00edficos dos cargos<\/li>\n<\/ul><p><\/p>\n\n\n\n<p>Vale mencionar que as inscri\u00e7\u00f5es ser\u00e3o encerradas na segunda-feira, 17 de outubro, \u00e0s 16h. Portanto n\u00e3o perca tempo!<\/p>\n\n\n\n<p>Para se inscrever \u00e9 necess\u00e1rio acessar o site da\u00a0FGV\u00a0e efetuar o pagamento da<strong>\u00a0taxa de inscri\u00e7\u00e3o<\/strong>\u00a0no valor de R$ 66,95 para que a candidatura seja homologada.<\/p>","protected":false},"excerpt":{"rendered":"<p>Aten\u00e7\u00e3o concurseiros! O concurso SME SP teve o edital retificado e sofreu altera\u00e7\u00f5es no conte\u00fado program\u00e1tico. Saiba mais! A retifica\u00e7\u00e3o foi publicada nesta quinta-feira, 13 de outubro, no site da FGV (Funda\u00e7\u00e3o Get\u00falio Vargas), banca organizadora. De acordo com o documento, a sele\u00e7\u00e3o passar\u00e1 a n\u00e3o cobrar o conhecimento de Legisla\u00e7\u00e3o Espec\u00edfica: Federais e Municipais. [&hellip;]<\/p>\n","protected":false},"author":54679,"featured_media":164423,"comment_status":"closed","ping_status":"closed","sticky":false,"template":"","format":"standard","meta":{"_acf_changed":false,"footnotes":"","_wp_rev_ctl_limit":""},"categories":[228],"tags":[],"class_list":["post-174648","post","type-post","status-publish","format-standard","has-post-thumbnail","hentry","category-noticias"],"acf":[],"_links":{"self":[{"href":"https:\/\/www.novaconcursos.com.br\/portal\/wp-json\/wp\/v2\/posts\/174648","targetHints":{"allow":["GET"]}}],"collection":[{"href":"https:\/\/www.novaconcursos.com.br\/portal\/wp-json\/wp\/v2\/posts"}],"about":[{"href":"https:\/\/www.novaconcursos.com.br\/portal\/wp-json\/wp\/v2\/types\/post"}],"author":[{"embeddable":true,"href":"https:\/\/www.novaconcursos.com.br\/portal\/wp-json\/wp\/v2\/users\/54679"}],"replies":[{"embeddable":true,"href":"https:\/\/www.novaconcursos.com.br\/portal\/wp-json\/wp\/v2\/comments?post=174648"}],"version-history":[{"count":14,"href":"https:\/\/www.novaconcursos.com.br\/portal\/wp-json\/wp\/v2\/posts\/174648\/revisions"}],"predecessor-version":[{"id":274544,"href":"https:\/\/www.novaconcursos.com.br\/portal\/wp-json\/wp\/v2\/posts\/174648\/revisions\/274544"}],"wp:featuredmedia":[{"embeddable":true,"href":"https:\/\/www.novaconcursos.com.br\/portal\/wp-json\/wp\/v2\/media\/164423"}],"wp:attachment":[{"href":"https:\/\/www.novaconcursos.com.br\/portal\/wp-json\/wp\/v2\/media?parent=174648"}],"wp:term":[{"taxonomy":"category","embeddable":true,"href":"https:\/\/www.novaconcursos.com.br\/portal\/wp-json\/wp\/v2\/categories?post=174648"},{"taxonomy":"post_tag","embeddable":true,"href":"https:\/\/www.novaconcursos.com.br\/portal\/wp-json\/wp\/v2\/tags?post=174648"}],"curies":[{"name":"wp","href":"https:\/\/api.w.org\/{rel}","templated":true}]}}