{"id":174787,"date":"2022-10-17T10:15:51","date_gmt":"2022-10-17T13:15:51","guid":{"rendered":"https:\/\/www.novaconcursos.com.br\/portal\/?p=174787"},"modified":"2022-10-17T10:15:55","modified_gmt":"2022-10-17T13:15:55","slug":"quando-sera-publicado-o-novo-concurso-seeduc-rj-para-efetivos","status":"publish","type":"post","link":"https:\/\/www.novaconcursos.com.br\/portal\/artigos\/quando-sera-publicado-o-novo-concurso-seeduc-rj-para-efetivos\/","title":{"rendered":"Quando ser\u00e1 publicado o novo concurso Seeduc RJ para efetivos?"},"content":{"rendered":"<p>Com o n\u00famero de cargos vagos aumentando, um novo\u00a0<a href=\"https:\/\/www.novaconcursos.com.br\/portal\/concursos\/concurso-seeduc-rj\/\">concurso Seeduc RJ<\/a>\u00a0\u00e9 necess\u00e1rio e est\u00e1 em planejamento. Ser\u00e3o ofertadas <strong>303 vagas <\/strong>e a banca dever\u00e1 ser anunciada em breve, com previs\u00e3o de <strong>edital j\u00e1 em novembro!<\/strong><\/p>\n\n\n\n<ul class=\"wp-block-list\"><li><strong>Confira:<\/strong>\u00a0<a rel=\"noreferrer noopener\" aria-label=\"Apostila SEDUC-RJ - Conhecimentos Gerais - Professor Docente I (abre numa nova aba)\" href=\"https:\/\/www.novaconcursos.com.br\/apostila\/seduc-rj-prep-conhecimentos-gerais-professor-docente\" target=\"_blank\">Apostila SEDUC-RJ \u2013 Conhecimentos Gerais \u2013 Professor Docente I<\/a><\/li><\/ul><p><\/p>\n\n\n\n<p>Estude para o concurso dos seus sonhos com o\u00a0<strong>M\u00e9todo<\/strong>\u00a0que j\u00e1 ajudou na\u00a0<strong>aprova\u00e7\u00e3o de mais de 70 mil alunos.<\/strong>\u00a0<a href=\"https:\/\/aprovacao.novaconcursos.com.br\/assinatura\" target=\"_blank\" rel=\"noreferrer noopener\" aria-label=\" (abre numa nova aba)\">Clique aqui<\/a>\u00a0e saiba mais!<\/p>\n\n\n\n<h2 class=\"wp-block-heading\" id=\"concurso-seeduc-rj-est-sendo-planejado\">Concurso Seeduc RJ est\u00e1 sendo planejado<\/h2>\n\n\n\n<p>Sendo assim, a Secretaria de Estado de Educa\u00e7\u00e3o do\u00a0<a href=\"https:\/\/www.novaconcursos.com.br\/portal\/concursos-abertos\/rj\/\">Rio de Janeiro<\/a>\u00a0poder\u00e1 ter um novo edital publicado <strong>ainda em 2022.<\/strong><\/p>\n\n\n\n<p>Segundo o governador em exerc\u00edcio, Claudio Castro, o documento dever\u00e1 ser publicado em <strong>novembro<\/strong>.<\/p>\n\n\n\n<p>Para isso, entretanto, a <strong>banca <\/strong>organizadora, que atualmente est\u00e1 sendo escolhida, deve ser anunciada em breve.<\/p>\n\n\n\n<p>Segundo a secretaria, o processo est\u00e1 <strong>tramitando <\/strong>e aguardando todas as autoriza\u00e7\u00f5es, incluindo a formaliza\u00e7\u00e3o de contrato com a banca. <\/p>\n\n\n\n<p>O concurso est\u00e1\u00a0<strong>previsto desde 2018<\/strong>, mas foi adiado devido a problemas or\u00e7ament\u00e1rios do Estado e tamb\u00e9m por conta da pandemia de COVID-19.<\/p>\n\n\n\n<p><em>\u201cN\u00f3s faremos de tudo para fazer o mais r\u00e1pido poss\u00edvel. At\u00e9 porque tem cobran\u00e7as do Minist\u00e9rio P\u00fablico e a gente quer botar o edital na rua o quanto antes\u201d,<\/em> disse o secret\u00e1rio estadual de Educa\u00e7\u00e3o, Alexandre Valle.<\/p>\n\n\n\n<h3 class=\"wp-block-heading\">Quais ser\u00e3o as vagas?<\/h3>\n\n\n\n<p>Portanto, o edital ir\u00e1 ofertar <strong>303 vagas<\/strong> para o cargo de Professor Docente I com jornada de 16 horas.\u00a0Sendo assim, confira a divis\u00e3o:<\/p>\n\n\n\n<ul class=\"wp-block-list\"><li>l\u00edngua portuguesa \u2013 32<\/li><li>matem\u00e1tica \u2013 32<\/li><li>artes \u2013 13<\/li><li>biologia \u2013 8<\/li><li>pedag\u00f3gicas \u2013 5<\/li><li>espanhol \u2013 18<\/li><li>educa\u00e7\u00e3o f\u00edsica \u2013 15<\/li><li>f\u00edsica \u2013 24<\/li><li>filosofia \u2013 29<\/li><li>geografia \u2013 27<\/li><li>hist\u00f3ria \u2013 23<\/li><li>ingl\u00eas \u2013 20<\/li><li>qu\u00edmica \u2013 27<\/li><li>sociologia \u2013 27<\/li><\/ul><p><\/p>\n\n\n\n<p>Entretanto, as outras tr\u00eas vagas devem ser para a \u00e1rea de <strong>ci\u00eancia<\/strong>, anunciada pelo governador, mas que ainda n\u00e3o houve confirma\u00e7\u00e3o oficial.<\/p>\n\n\n\n<p>Al\u00e9m disso, o governo afirmou que as vagas devem ser distribu\u00eddas para as <strong>14 diretorias regionais<\/strong>, que abrangem todas as cidades do estado.<\/p>\n\n\n\n<h3 class=\"wp-block-heading\">Requisitos<\/h3>\n\n\n\n<p>Portanto, vale destacar que o plano de carreira dos servidores do magist\u00e9rio\u00a0est\u00e1 estabelecido na lei n\u00ba 1.614\/1990. <\/p>\n\n\n\n<p>Sendo assim, a classe dos Professores abrange os <strong>n\u00edveis A, B, C e D. <\/strong>Ent\u00e3o, veja abaixo o que exige cada uma delas, como requisito?<\/p>\n\n\n\n<ul class=\"wp-block-list\"><li><strong>A:<\/strong>\u00a0curso de forma\u00e7\u00e3o de professores (Docente II);<\/li><li><strong>B:<\/strong>\u00a0curso de forma\u00e7\u00e3o de professores e estudos adicionais (Docente II);<\/li><li><strong>C:<\/strong>\u00a0curso de forma\u00e7\u00e3o de professores e licenciatura curta ou plena em curso relacionado diretamente com o ensino. (Docente I e II);<\/li><li><strong>D:<\/strong>\u00a0curso de forma\u00e7\u00e3o de professores, licenciatura plena e curso de p\u00f3s-gradua\u00e7\u00e3o, em cursos relacionados diretamente com o ensino (Docente I e II, com no m\u00ednimo 360 horas de carga hor\u00e1ria e ofertado por institui\u00e7\u00e3o de ensino superior, reconhecida pelo MEC e habilitada para oferecer o referido curso).<\/li><\/ul><p><\/p>\n\n\n\n<h3 class=\"wp-block-heading\">Sal\u00e1rios<\/h3>\n\n\n\n<p>Os contratados para o cargo de<strong>\u00a0Professor I<\/strong>\u00a0na Secretaria de Educa\u00e7\u00e3o do\u00a0<a href=\"https:\/\/www.novaconcursos.com.br\/portal\/concursos-abertos\/rj\/\">Rio de Janeiro<\/a>\u00a0precisar\u00e3o cumprir 16 horas semanais. <\/p>\n\n\n\n<p>Para essa carga hor\u00e1ria, o sal\u00e1rio inicial \u00e9 de<strong>\u00a0R$1.795,07<\/strong>, sendo R$1.179,35 de vencimento b\u00e1sico. Al\u00e9m do b\u00e1sico, a remunera\u00e7\u00e3o \u00e9 composta por:<\/p>\n\n\n\n<ul class=\"wp-block-list\"><li>R$239,52 de\u00a0<strong>aux\u00edlio-alimenta\u00e7\u00e3o<\/strong>; e<\/li><li>R$376,20 de\u00a0<strong>aux\u00edlio-transporte<\/strong>.<\/li><\/ul><p><\/p>\n\n\n\n<h2 class=\"wp-block-heading\" id=\"como-foi-o-ltimo-concurso-seeduc-rj\">Como foi o \u00faltimo concurso Seeduc RJ?<\/h2>\n\n\n\n<p>Sendo assim, o \u00faltimo concurso Seeduc RJ aconteceu em <strong>2014 <\/strong>e foi organizado pela Funda\u00e7\u00e3o Ceperj. <\/p>\n\n\n\n<p>A oferta, na \u00e9poca, foi de<strong>\u00a01.697 vagas<\/strong>, sendo distribu\u00eddas entre P<strong>rofessor Docente I (16 horas) e Professor Docente I (30 horas)<\/strong>.<\/p>\n\n\n\n<p>A banca aplicou uma\u00a0<strong>Prova Objetiva\u00a0<\/strong>de 50 quest\u00f5es\u00a0<strong>divididas\u00a0<\/strong>da seguinte maneira:<\/p>\n\n\n\n<ul class=\"wp-block-list\"><li>Portugu\u00eas \u2013 10 quest\u00f5es;<\/li><li>Conhecimentos Gerais e Pedag\u00f3gicos \u2013 10 quest\u00f5es;<\/li><li>Conhecimentos Espec\u00edficos \u2013 30 quest\u00f5es.<\/li><\/ul><p><\/p>\n\n\n\n<p>Al\u00e9m desse Teste, os candidatos tamb\u00e9m foram avaliados por uma\u00a0<strong>Prova de T\u00edtulos<\/strong>\u00a0que validou forma\u00e7\u00f5es como p\u00f3s-gradua\u00e7\u00e3o Lato Sensu, mestrado, doutorado e certificado em libras de tradutor e int\u00e9rprete.<\/p>\n\n\n\n<h2 class=\"wp-block-heading\" id=\"concurso-seeduc-rj-cargos-vagos-aumentam\">Concurso Seeduc RJ: cargos vagos aumentam<\/h2>\n\n\n\n<p>Enquanto um novo concurso n\u00e3o \u00e9 publicado, a Secretaria de Estado de Educa\u00e7\u00e3o do\u00a0<a href=\"https:\/\/www.novaconcursos.com.br\/portal\/concursos-previstos\/rj\/\">Rio de Janeiro<\/a>\u00a0v\u00ea o\u00a0<strong>n\u00famero de vac\u00e2ncias aumentar.<\/strong><\/p>\n\n\n\n<p>Assim, dados do Sindicato Estadual dos profissionais da educa\u00e7\u00e3o (Sepe RJ), referentes a \u00f3bitos, exonera\u00e7\u00f5es e aposentadorias, apontam d\u00e9ficit de\u00a0<strong>7.806 Professores<\/strong>.<\/p>\n\n\n\n<p>Portanto, os cargos vagos devem ser preenchidos atrav\u00e9s de\u00a0<strong>novos concursos\u00a0<\/strong>ou com a\u00a0<strong>chamada de excedentes<\/strong>\u00a0em sele\u00e7\u00f5es ainda com validade.<\/p>\n\n\n\n<p>Por exemplo, na sele\u00e7\u00e3o de 2014,\u00a0<strong>9.905<\/strong>\u00a0aprovados ficaram no cadastro reserva. Enquanto em 2013, foram\u00a0<strong>2.171<\/strong>. Assim, s\u00e3o\u00a0<strong>12.176\u00a0<\/strong>aguardando convoca\u00e7\u00e3o.<\/p>\n\n\n\n<p><em>\u201cO Sepe vem cobrando em todas as audi\u00eancias com o governo estadual RJ a convoca\u00e7\u00e3o dos milhares de profissionais aprovados nos concursos de 2013\/2014 que est\u00e3o na fila de espera para serem convocados\u201d,<\/em>\u00a0disse o\u00a0sindicato em nota.<\/p>\n\n\n\n<h3 class=\"wp-block-heading\">Sai mais convoca\u00e7\u00f5es<\/h3>\n\n\n\n<p>Na \u00faltima sexta-feira (14), a Secretaria publicou a <strong>chamada\u00a0<\/strong>de mais de 100 aprovados nos concursos realizados em 2013 e 2014. <\/p>\n\n\n\n<p>Sendo assim, a lista completa de <strong>convocados <\/strong>est\u00e1 dispon\u00edvel no Di\u00e1rio Oficial do Estado. <\/p>\n\n\n\n<p>Portanto, os convocados devem <strong>se apresentar <\/strong>nesta segunda-feira, dia 17 de outubro, nos hor\u00e1rios descritos na publica\u00e7\u00e3o do Di\u00e1rio Oficial.<\/p>\n\n\n\n<p>Ser\u00e1 necess\u00e1rio estar munido de RG, CPF, PIS\/PASEP, t\u00edtulo de eleitor, CTPS, certificado de reservista, diploma de conclus\u00e3o da gradua\u00e7\u00e3o exigida no edital do concurso, comprovante de resid\u00eancia e CREF para os professores de Educa\u00e7\u00e3o F\u00edsica.<\/p>\n\n\n\n<p>Al\u00e9m disso, as gr\u00e1vidas dever\u00e3o apresentar ultrassonografia obst\u00e9trica para caracteriza\u00e7\u00e3o da idade gestacional e normalidade da gesta\u00e7\u00e3o.<\/p>\n\n\n\n<p><\/p>\n\n\n\n<figure class=\"wp-block-image size-large\"><a href=\"https:\/\/aprovacao.novaconcursos.com.br\/assinatura\" target=\"_blank\" rel=\"noreferrer noopener\"><img decoding=\"async\" src=\"https:\/\/www.novaconcursos.com.br\/portal\/wp-content\/uploads\/2022\/01\/Faixa-Frete-Gr%E2%80%A0tis-portal.png\" alt=\"assinatura completa\" class=\"wp-image-153078\" loading=\"lazy\" title=\"\"><\/a><figcaption><\/figcaption><\/figure>","protected":false},"excerpt":{"rendered":"<p>Com o n\u00famero de cargos vagos aumentando, um novo\u00a0concurso Seeduc RJ\u00a0\u00e9 necess\u00e1rio e est\u00e1 em planejamento. Ser\u00e3o ofertadas 303 vagas e a banca dever\u00e1 ser anunciada em breve, com previs\u00e3o de edital j\u00e1 em novembro! Confira:\u00a0Apostila SEDUC-RJ \u2013 Conhecimentos Gerais \u2013 Professor Docente I Estude para o concurso dos seus sonhos com o\u00a0M\u00e9todo\u00a0que j\u00e1 ajudou [&hellip;]<\/p>\n","protected":false},"author":54671,"featured_media":155575,"comment_status":"closed","ping_status":"closed","sticky":false,"template":"","format":"standard","meta":{"_acf_changed":false,"footnotes":"","_wp_rev_ctl_limit":""},"categories":[33508],"tags":[],"class_list":["post-174787","post","type-post","status-publish","format-standard","has-post-thumbnail","hentry","category-artigos"],"acf":[],"_links":{"self":[{"href":"https:\/\/www.novaconcursos.com.br\/portal\/wp-json\/wp\/v2\/posts\/174787","targetHints":{"allow":["GET"]}}],"collection":[{"href":"https:\/\/www.novaconcursos.com.br\/portal\/wp-json\/wp\/v2\/posts"}],"about":[{"href":"https:\/\/www.novaconcursos.com.br\/portal\/wp-json\/wp\/v2\/types\/post"}],"author":[{"embeddable":true,"href":"https:\/\/www.novaconcursos.com.br\/portal\/wp-json\/wp\/v2\/users\/54671"}],"replies":[{"embeddable":true,"href":"https:\/\/www.novaconcursos.com.br\/portal\/wp-json\/wp\/v2\/comments?post=174787"}],"version-history":[{"count":6,"href":"https:\/\/www.novaconcursos.com.br\/portal\/wp-json\/wp\/v2\/posts\/174787\/revisions"}],"predecessor-version":[{"id":174842,"href":"https:\/\/www.novaconcursos.com.br\/portal\/wp-json\/wp\/v2\/posts\/174787\/revisions\/174842"}],"wp:featuredmedia":[{"embeddable":true,"href":"https:\/\/www.novaconcursos.com.br\/portal\/wp-json\/wp\/v2\/media\/155575"}],"wp:attachment":[{"href":"https:\/\/www.novaconcursos.com.br\/portal\/wp-json\/wp\/v2\/media?parent=174787"}],"wp:term":[{"taxonomy":"category","embeddable":true,"href":"https:\/\/www.novaconcursos.com.br\/portal\/wp-json\/wp\/v2\/categories?post=174787"},{"taxonomy":"post_tag","embeddable":true,"href":"https:\/\/www.novaconcursos.com.br\/portal\/wp-json\/wp\/v2\/tags?post=174787"}],"curies":[{"name":"wp","href":"https:\/\/api.w.org\/{rel}","templated":true}]}}