{"id":175420,"date":"2022-10-20T13:07:51","date_gmt":"2022-10-20T16:07:51","guid":{"rendered":"https:\/\/www.novaconcursos.com.br\/portal\/?p=175420"},"modified":"2022-10-20T15:13:50","modified_gmt":"2022-10-20T18:13:50","slug":"como-foi-ultimo-concurso-sejus-es-saiba-tudo","status":"publish","type":"post","link":"https:\/\/www.novaconcursos.com.br\/portal\/artigos\/como-foi-ultimo-concurso-sejus-es-saiba-tudo\/","title":{"rendered":"Como foi o \u00faltimo concurso SEJUS ES? Saiba tudo!"},"content":{"rendered":"<p>Aten\u00e7\u00e3o concurseiros! \u00c9 aguardado um novo <a href=\"https:\/\/www.novaconcursos.com.br\/portal\/concursos\/concurso-sejus-es\/\">concurso SEJUS ES<\/a> que pretende oferecer 600 <strong>vagas imediatas<\/strong>, al\u00e9m de forma\u00e7\u00e3o de cadastro reserva, ao cargo de\u00a0Inspetor Penitenci\u00e1rio. Saiba mais!<\/p>\n\n\n\n<p>A sele\u00e7\u00e3o j\u00e1 est\u00e1 com <strong>comiss\u00e3o formada,<\/strong> assim, o pr\u00f3ximo passo \u00e9 a escolha da banca organizadora que ficar\u00e1 respons\u00e1vel pela publica\u00e7\u00e3o do edital. <\/p>\n\n\n\n<p>De acordo com o termo de refer\u00eancia, as <strong>600 oportunidades <\/strong>ser\u00e3o divididas da seguinte maneira:<\/p>\n\n\n\n<ul class=\"wp-block-list\"><li>10% das vagas ser\u00e3o destinadas para candidatos PCDs;<\/li><li>17% das vagas ser\u00e3o destinadas para candidatos negros; e<\/li><li>3% das vagas ser\u00e3o destinadas para candidatos ind\u00edgenas.<\/li><\/ul><p><\/p>\n\n\n\n<p>Conforme a <a rel=\"noreferrer noopener\" aria-label=\"Lei 11.537\/22 (abre numa nova aba)\" href=\"http:\/\/www3.al.es.gov.br\/Arquivo\/Documents\/legislacao\/html\/LEI115372022.html\" target=\"_blank\">Lei 11.537\/22<\/a>, os aprovados ser\u00e3o remunerados com<strong> sal\u00e1rios iniciais<\/strong> de R$ 3.361,24, al\u00e9m do aux\u00edlio alimenta\u00e7\u00e3o no valor de R$ 300,00.<\/p>\n\n\n\n<ul class=\"wp-block-list\"><li><strong>Confira:<\/strong> <a href=\"https:\/\/www.novaconcursos.com.br\/curso-online\/sejus-es-inspetor-penitenciario?q=SEJUS%20ES\">Curso SEJUS ES \u2013 Inspetor Penitenci\u00e1rio<\/a><\/li><li><strong>Confira:<\/strong> <a href=\"https:\/\/www.novaconcursos.com.br\/apostila\/sejus-es-prep-inspetor-penitenciario?q=SEJUS%20ES\">Apostila SEJUS ES 2022 \u2013 Inspetor Penitenci\u00e1rio<\/a><\/li><\/ul><p><\/p>\n\n\n\n<p>Estude para o concurso dos seus sonhos com o <strong>M\u00e9todo<\/strong> que j\u00e1 ajudou na <strong>aprova\u00e7\u00e3o de mais de 70 mil alunos!<\/strong> <a rel=\"noreferrer noopener\" aria-label=\"Clique aqui (abre numa nova aba)\" href=\"https:\/\/aprovacao.novaconcursos.com.br\/assinatura\" target=\"_blank\">Clique aqui<\/a> e saiba mais!<\/p>\n\n\n\n<h2 class=\"wp-block-heading\" id=\"provas-e-etapas\">Provas e etapas<\/h2>\n\n\n\n<p>O termo de refer\u00eancia tamb\u00e9m trouxe informa\u00e7\u00f5es acerca das <strong>etapas avaliativas<\/strong> da sele\u00e7\u00e3o, s\u00e3o elas:<\/p>\n\n\n\n<ul class=\"wp-block-list\"><li>Prova Objetiva e de Reda\u00e7\u00e3o;<\/li><li>Teste de Aptid\u00e3o F\u00edsica;<\/li><li>Exame de Sa\u00fade;<\/li><li>Exame Psicot\u00e9cnico;<\/li><li>Investiga\u00e7\u00e3o Social; <\/li><li>Curso de Forma\u00e7\u00e3o.<\/li><\/ul><p><\/p>\n\n\n\n<p>A prova objetiva ser\u00e1 composta de <strong>60 quest\u00f5es<\/strong>, sendo:<\/p>\n\n\n\n<ul class=\"wp-block-list\"><li><strong>Conhecimentos Gerais<\/strong>: 35 quest\u00f5es<ul><li>L\u00edngua Portuguesa<\/li><li>Inform\u00e1tica<\/li><li>Racioc\u00ednio L\u00f3gico<\/li><li>Atualidades. <\/li><\/ul><\/li><\/ul><p><\/p>\n\n\n\n<ul class=\"wp-block-list\"><li><strong>Conhecimentos Espec\u00edficos<\/strong>: 25 quest\u00f5es<ul><li>Direitos Humanos<\/li><li>Direito<ul><li>Administrativo<\/li><li>Penal<\/li><li>Processual Penal<\/li><\/ul><\/li><\/ul><\/li><\/ul><p><\/p>\n\n\n\n<p>Vale mencionar que antigamente a carreira de Policial Penal, era chamada de Agente Penitenci\u00e1rio.<\/p>\n\n\n\n<h2 class=\"wp-block-heading\" id=\"como-foi-o-ltimo-concurso-sejus-es\">Como foi o \u00faltimo concurso SEJUS ES?<\/h2>\n\n\n\n<p>O \u00faltimo concurso aconteceu em 2012 e ofereceu <strong>500 vagas imediatas <\/strong>divididas da seguinte maneira:<\/p>\n\n\n\n<ul class=\"wp-block-list\"><li>Agente de Escolta e Vigil\u00e2ncia Penitenci\u00e1ria \u2013 AEVP: <strong>250 vagas + CR<\/strong><\/li><li>Agente Penitenci\u00e1rio \u2013 AP:  <strong>250 + CR<\/strong><\/li><\/ul><p><\/p>\n\n\n\n<p>Os aprovados foram remunerados com <strong>sal\u00e1rios iniciais<\/strong> de R$ 2.156,70 com jornada de trabalho de 40 horas semanais.<\/p>\n\n\n\n<p>Na ocasi\u00e3o a banca organizadora foi a <a href=\"https:\/\/www.vunesp.com.br\/busca\/concurso\/inscricoes%20abertas\" target=\"_blank\" rel=\"noreferrer noopener\" aria-label=\"Vunesp (abre numa nova aba)\">Vunesp<\/a> e avaliou os candidatos atrav\u00e9s de seis etapas:<\/p>\n\n\n\n<ul class=\"wp-block-list\"><li>Prova Objetiva;<\/li><li>Prova de Condicionamento F\u00edsico;<\/li><li>Exame de Sa\u00fade;<\/li><li>Prova de Aptid\u00e3o Psicol\u00f3gica;<\/li><li>Comprova\u00e7\u00e3o de idoneidade e conduta ilibada na vida p\u00fablica e na vida privada;<\/li><li>Curso de Forma\u00e7\u00e3o.<\/li><\/ul><p><\/p>\n\n\n\n<p>A prova objetiva foi composta de<strong> 50 quest\u00f5es<\/strong> divididas entre os seguintes conhecimentos:<\/p>\n\n\n\n<ul class=\"wp-block-list\"><li><strong>Conhecimentos Gerais:<\/strong><ul><li>L\u00edngua Portuguesa<\/li><li>Matem\u00e1tica<\/li><li>Atualidades<\/li><\/ul><\/li><\/ul><p><\/p>\n\n\n\n<ul class=\"wp-block-list\"><li><strong>Conhecimentos Espec\u00edficos<\/strong><ul><li>Lei n\u00ba 7.210\/84 \u2013 Lei de Execu\u00e7\u00e3o Penal<\/li><li>Lei Complementar Estadual n\u00ba 46\/94<\/li><li>Direitos Humanos<\/li><li>Lei n\u00ba 9.455\/97: Define os Crimes de Tortura<\/li><\/ul><\/li><\/ul><p><\/p>\n\n\n\n<p>A prova foi aplicada em munic\u00edpios da <strong>Grande Vit\u00f3ria<\/strong> e teve dura\u00e7\u00e3o de 3h.<\/p>\n\n\n\n<p>Os aprovados na prova objetiva, realizaram o <strong>teste de aptid\u00e3o f\u00edsica <\/strong>(TAF), composto dos seguintes exerc\u00edcios:<\/p>\n\n\n\n<ul class=\"wp-block-list\"><li>Flexo-extens\u00e3o de cotovelos em apoio de frente;<\/li><li>Flexo-extens\u00e3o de cotovelos sobre o solo em apoio no banco;<\/li><li>Resist\u00eancia abdominal;<\/li><li>Corrida de 50 metros;<\/li><li>Corrida em 12 minutos;<\/li><\/ul><h2 class=\"wp-block-heading\" id=\"quais-os-requisitos-da-carreira-de-inspetor-penitencirio-\">Quais os requisitos da carreira de Inspetor Penitenci\u00e1rio? <\/h2>\n\n\n\n<ul class=\"wp-block-list\"><li>Ter, na data da posse, 18 anos de idade, no m\u00ednimo;<\/li><li>Possuir, na data da posse, Certificado de Conclus\u00e3o do Ensino M\u00e9dio ou equivalente, ministrado por escola oficialmente reconhecida;<\/li><li>Possuir, na data da posse, Carteira Nacional de Habilita\u00e7\u00e3o (CNH), Categorias \u201cB\u201d, \u201cC\u201d, \u201cD\u201d ou \u201cE\u201d;<\/li><li>Ter estatura m\u00ednima descal\u00e7o, sem meias e descoberto de 1,65m se homens e 1,60m se mulher, por ocasi\u00e3o da prova de condicionamento f\u00edsico;<\/li><li>Demais requisitos previstos no edital.<\/li><\/ul><h2 class=\"wp-block-heading\" id=\"quais-as-atribuies-do-cargo-\">Quais as atribui\u00e7\u00f5es do cargo? <\/h2>\n\n\n\n<ul class=\"wp-block-list\"><li>Promover o planejamento, a organiza\u00e7\u00e3o, o monitoramento, a execu\u00e7\u00e3o e a avalia\u00e7\u00e3o de rotina inerentes \u00e0 gest\u00e3o penitenci\u00e1ria;<\/li><li>Executar as atividades necess\u00e1rias \u00e0 vigil\u00e2ncia, seguran\u00e7a, ordem e disciplina nos estabelecimentos penais;<\/li><li>Coibir a\u00e7\u00f5es violentas por parte de presos por meio do uso de t\u00e9cnicas pr\u00f3prias no \u00e2mbito do estabelecimento penal ou quando em movimenta\u00e7\u00e3o;<\/li><li>Proteger pessoas e bens no \u00e2mbito do estabelecimento penal;<\/li><li>Fiscalizar o trabalho e o comportamento da popula\u00e7\u00e3o carcer\u00e1ria, observando os regulamentos e normas pr\u00f3prias, conforme a Lei de Execu\u00e7\u00e3o Penal \u2013 LEP e outros documentos nacionais e internacionais; <\/li><li>Dentre outras atividades previstas na Lei Complementar Estadual n\u00b0743\/2013.<\/li><\/ul><p><\/p>\n\n\n\n<p>Confira todos os detalhes do edital, <a href=\"https:\/\/dhg1h5j42swfq.cloudfront.net\/2020\/10\/01113006\/Edital-2012-SEJUS-ES.pdf\" target=\"_blank\" rel=\"noreferrer noopener\" aria-label=\"clicando aqui! (abre numa nova aba)\">clicando aqui!<\/a><\/p>\n\n\n\n<figure class=\"wp-block-image size-large\"><a href=\"https:\/\/aprovacao.novaconcursos.com.br\/assinatura\" target=\"_blank\" rel=\"noreferrer noopener\"><img decoding=\"async\" src=\"https:\/\/www.novaconcursos.com.br\/portal\/wp-content\/uploads\/2022\/01\/Faixa-Frete-Gr%E2%80%A0tis-portal.png\" alt=\"assinatura completa\" class=\"wp-image-153078\" loading=\"lazy\" title=\"\"><\/a><figcaption><\/figcaption><\/figure>","protected":false},"excerpt":{"rendered":"<p>Aten\u00e7\u00e3o concurseiros! \u00c9 aguardado um novo concurso SEJUS ES que pretende oferecer 600 vagas imediatas, al\u00e9m de forma\u00e7\u00e3o de cadastro reserva, ao cargo de\u00a0Inspetor Penitenci\u00e1rio. Saiba mais! A sele\u00e7\u00e3o j\u00e1 est\u00e1 com comiss\u00e3o formada, assim, o pr\u00f3ximo passo \u00e9 a escolha da banca organizadora que ficar\u00e1 respons\u00e1vel pela publica\u00e7\u00e3o do edital. De acordo com o [&hellip;]<\/p>\n","protected":false},"author":54679,"featured_media":157948,"comment_status":"closed","ping_status":"closed","sticky":false,"template":"","format":"standard","meta":{"_acf_changed":false,"footnotes":"","_wp_rev_ctl_limit":""},"categories":[33508],"tags":[],"class_list":["post-175420","post","type-post","status-publish","format-standard","has-post-thumbnail","hentry","category-artigos"],"acf":[],"_links":{"self":[{"href":"https:\/\/www.novaconcursos.com.br\/portal\/wp-json\/wp\/v2\/posts\/175420","targetHints":{"allow":["GET"]}}],"collection":[{"href":"https:\/\/www.novaconcursos.com.br\/portal\/wp-json\/wp\/v2\/posts"}],"about":[{"href":"https:\/\/www.novaconcursos.com.br\/portal\/wp-json\/wp\/v2\/types\/post"}],"author":[{"embeddable":true,"href":"https:\/\/www.novaconcursos.com.br\/portal\/wp-json\/wp\/v2\/users\/54679"}],"replies":[{"embeddable":true,"href":"https:\/\/www.novaconcursos.com.br\/portal\/wp-json\/wp\/v2\/comments?post=175420"}],"version-history":[{"count":8,"href":"https:\/\/www.novaconcursos.com.br\/portal\/wp-json\/wp\/v2\/posts\/175420\/revisions"}],"predecessor-version":[{"id":175485,"href":"https:\/\/www.novaconcursos.com.br\/portal\/wp-json\/wp\/v2\/posts\/175420\/revisions\/175485"}],"wp:featuredmedia":[{"embeddable":true,"href":"https:\/\/www.novaconcursos.com.br\/portal\/wp-json\/wp\/v2\/media\/157948"}],"wp:attachment":[{"href":"https:\/\/www.novaconcursos.com.br\/portal\/wp-json\/wp\/v2\/media?parent=175420"}],"wp:term":[{"taxonomy":"category","embeddable":true,"href":"https:\/\/www.novaconcursos.com.br\/portal\/wp-json\/wp\/v2\/categories?post=175420"},{"taxonomy":"post_tag","embeddable":true,"href":"https:\/\/www.novaconcursos.com.br\/portal\/wp-json\/wp\/v2\/tags?post=175420"}],"curies":[{"name":"wp","href":"https:\/\/api.w.org\/{rel}","templated":true}]}}