{"id":175432,"date":"2022-10-20T12:29:41","date_gmt":"2022-10-20T15:29:41","guid":{"rendered":"https:\/\/www.novaconcursos.com.br\/portal\/?p=175432"},"modified":"2025-04-23T17:11:12","modified_gmt":"2025-04-23T20:11:12","slug":"concurso-sefaz-rr-inscricoes-prorrogadas-e-provas-remarcadas","status":"publish","type":"post","link":"https:\/\/www.novaconcursos.com.br\/portal\/noticias\/concurso-sefaz-rr-inscricoes-prorrogadas-e-provas-remarcadas\/","title":{"rendered":"Concurso Sefaz RR: Edital retificado. Inscri\u00e7\u00f5es prorrogadas e provas remarcadas!"},"content":{"rendered":"<p>Aten\u00e7\u00e3o concurseiros! O edital do\u00a0<a href=\"https:\/\/www.novaconcursos.com.br\/portal\/concursos\/concurso-sefaz-roraima\/\">concurso Sefaz RR<\/a>, com oferta de\u00a0<strong>282 vagas<\/strong>\u00a0para carreiras que exigem\u00a0<strong>n\u00edvel m\u00e9dio e superior<\/strong>, sofreu retifica\u00e7\u00e3o. As inscri\u00e7\u00f5es foram prorrogadas. Veja!<\/p>\n\n\n\n<ul class=\"wp-block-list\"><li><strong>Confira:<\/strong>\u00a0<a href=\"https:\/\/www.novaconcursos.com.br\/livro\/600-questoes-comentadas-lingua-portuguesa-isabella-ramiro\">Livro 600 Quest\u00f5es Comentadas L\u00edngua Portuguesa<\/a><\/li>\n<\/ul><p><\/p>\n\n\n\n<p>Estude para o concurso dos seus sonhos com o\u00a0<strong>M\u00e9todo<\/strong>\u00a0que j\u00e1 ajudou na\u00a0<strong>aprova\u00e7\u00e3o de mais de 70 mil alunos!<\/strong>\u00a0<a rel=\"noreferrer noopener\" aria-label=\" (abre numa nova aba)\" href=\"https:\/\/aprovacao.novaconcursos.com.br\/assinatura\" target=\"_blank\">Clique aqui<\/a>\u00a0e saiba mais!<\/p>\n\n\n\n<h2 class=\"wp-block-heading\" id=\"concurso-sefaz-rr-foi-retificado-o-que-mudou\">Concurso Sefaz RR foi retificado; o que mudou?<\/h2>\n\n\n\n<p>Portanto, o edital do concurso da Secretaria de Fazenda do <a href=\"https:\/\/www.novaconcursos.com.br\/portal\/concursos-previstos\/rr\/\">Estado de Roraima<\/a> foi <strong>retificado <\/strong>nesta semana.<\/p>\n\n\n\n<p>Assim, o concurso apresentou mudan\u00e7as no per\u00edodo e <strong>inscri\u00e7\u00f5es <\/strong>e realiza\u00e7\u00e3o das <strong>provas<\/strong>. Veja a seguir!<\/p>\n\n\n\n<p>Sendo assim, as novas datas foram anunciadas por meio de comunicado divulgado na p\u00e1gina do Idecan, banca organizadora.<\/p>\n\n\n\n<h3 class=\"wp-block-heading\">Inscri\u00e7\u00f5es<\/h3>\n\n\n\n<p>De acordo com o documento, as inscri\u00e7\u00f5es, que encerrariam no dia\u00a0<strong>17 de outubro<\/strong>, passam a poder ser realizadas at\u00e9 o dia\u00a0<strong>11 de novembro.<\/strong><\/p>\n\n\n\n<p>Para se inscrever \u00e9 necess\u00e1rio acessar o site do\u00a0Idecan. Al\u00e9m disso ser\u00e1 necess\u00e1rio efetuar o pagamento da\u00a0<strong>taxa de inscri\u00e7\u00e3o<\/strong>, que varia de acordo com o cargo, <strong>entre R$ 64,00 e R$ 102,00<\/strong>.<\/p>\n\n\n\n<h3 class=\"wp-block-heading\">Provas<\/h3>\n\n\n\n<p>J\u00e1 as provas objetivas, anteriormente marcadas para o dia\u00a0<strong>11 de dezembro de 2022<\/strong>, passar a ter data prov\u00e1vel de\u00a0<strong>15 de janeiro de 2023.<\/strong><\/p>\n\n\n\n<p>Assim, as avalia\u00e7\u00f5es ser\u00e3o compostas de\u00a0<strong>100 quest\u00f5es<\/strong>\u00a0com cinco alternativas cada. <\/p>\n\n\n\n<h3 class=\"wp-block-heading\">Demais etapas<\/h3>\n\n\n\n<ul class=\"wp-block-list\"><li><strong>Provas Objetivas<\/strong>, de car\u00e1ter eliminat\u00f3rio e classificat\u00f3rio,\u00a0para todos os cargos;<\/li>\n\n\n\n<li><strong>Curso de Treinamento<\/strong>, de car\u00e1ter eliminat\u00f3rio e classificat\u00f3rio,\u00a0para T\u00e9cnico de Tributos;<\/li>\n\n\n\n<li><strong>Avalia\u00e7\u00e3o de T\u00edtulos<\/strong>, de car\u00e1ter Classificat\u00f3rio,\u00a0para os cargos da Cefit.<\/li>\n<\/ul><p><\/p>\n\n\n\n<h2 class=\"wp-block-heading\" id=\"vagas-oferecidas\">Vagas oferecidas<\/h2>\n\n\n\n<p>Portanto, o concurso est\u00e1 ofertando <strong>282 vagas<\/strong>\u00a0para carreiras que exigem <strong>n\u00edvel m\u00e9dio e superior<\/strong>. Sendo assim, veja a distribui\u00e7\u00e3o:<\/p>\n\n\n\n<ul class=\"wp-block-list\"><li>21 vagas + 63 CR:\u00a0T\u00e9cnico\u00a0de Tributos Estaduais;<\/li>\n\n\n\n<li>12 vagas + 60 CR: Desenvolvedor de Software;<\/li>\n\n\n\n<li>10 vagas + 50 CR: Implementador de Software;<\/li>\n\n\n\n<li>03 vagas + 15 CR: Administrador de Banco de Dados;<\/li>\n\n\n\n<li>03 vagas + 15 CR: Administrador de Redes de Dados; e<\/li>\n\n\n\n<li>05 vagas + 25 CR: T\u00e9cnico em Infraestrutura de Tecnologia da Informa\u00e7\u00e3o.<\/li>\n<\/ul><p><\/p>\n\n\n\n<p>Posteriormente, os aprovados e contratados na secretaria contar\u00e3o com sal\u00e1rios entre\u00a0<strong>R$ 1.339,22 e R$ 5.037,97<\/strong>.<\/p>\n\n\n\n<h3 class=\"wp-block-heading\">Quais os requisitos?<\/h3>\n\n\n\n<ul class=\"wp-block-list\"><li><strong>T\u00e9cnico de Tributos Estaduais:<\/strong>\u00a0Ter diploma de conclus\u00e3o de curso superior em n\u00edvel de gradua\u00e7\u00e3o em qualquer \u00e1rea de conhecimento, por institui\u00e7\u00e3o devidamente reconhecida pelo MEC;<\/li>\n\n\n\n<li><strong>Desenvolvedor de Software:<\/strong>\u00a0Possuir diploma de n\u00edvel superior em An\u00e1lise de Sistemas, Engenharia de Software, Ci\u00eancia da Computa\u00e7\u00e3o ou Processamento de Dados, expedido por escolas oficiais ou privadas reconhecidas pelo MEC;<\/li>\n\n\n\n<li><strong>Implementador de Software:<\/strong>\u00a0Possuir diploma de n\u00edvel superior em An\u00e1lise de Sistemas, Engenharia de Software, Ci\u00eancia da Computa\u00e7\u00e3o ou Processamento de Dados, expedido por escolas oficiais ou privadas reconhecidas pelo MEC;<\/li>\n\n\n\n<li><strong>Administrador de Bancos de Dados:<\/strong>\u00a0Possuir diploma de n\u00edvel superior em An\u00e1lise de Sistemas, Engenharia de Software, Ci\u00eancia da Computa\u00e7\u00e3o ou Processamento de Dados, expedido por escolas oficiais ou privadas reconhecidas pelo MEC;<\/li>\n\n\n\n<li><strong>Administrador de Redes de Dados:<\/strong>\u00a0Possuir diploma de n\u00edvel superior em An\u00e1lise de Sistemas, Engenharia de Software, Ci\u00eancia da Computa\u00e7\u00e3o ou Processamento de Dados, expedido por escolas oficiais ou privadas reconhecidas pelo MEC;<\/li>\n\n\n\n<li><strong>T\u00e9cnico em Infraestrutura de Tecnologia da Informa\u00e7\u00e3o:<\/strong>\u00a0Ensino M\u00e9dio Completo, T\u00e9cnico de Inform\u00e1tica ou de Programa\u00e7\u00e3o de Computadores, expedido por Escolas Oficiais ou privadas legalmente reconhecidas.<\/li>\n<\/ul><p><\/p>\n\n\n\n<figure class=\"wp-block-image size-large\"><a href=\"https:\/\/aprovacao.novaconcursos.com.br\/assinatura\" target=\"_blank\" rel=\"noreferrer noopener\"><img decoding=\"async\" src=\"https:\/\/www.novaconcursos.com.br\/portal\/wp-content\/uploads\/2022\/01\/Faixa-Frete-Gr%E2%80%A0tis-portal.png\" alt=\"assinatura completa\" class=\"wp-image-153078\" loading=\"lazy\" title=\"\"><\/a><figcaption><\/figcaption><\/figure>","protected":false},"excerpt":{"rendered":"<p>Aten\u00e7\u00e3o concurseiros! O edital do\u00a0concurso Sefaz RR, com oferta de\u00a0282 vagas\u00a0para carreiras que exigem\u00a0n\u00edvel m\u00e9dio e superior, sofreu retifica\u00e7\u00e3o. As inscri\u00e7\u00f5es foram prorrogadas. Veja! Estude para o concurso dos seus sonhos com o\u00a0M\u00e9todo\u00a0que j\u00e1 ajudou na\u00a0aprova\u00e7\u00e3o de mais de 70 mil alunos!\u00a0Clique aqui\u00a0e saiba mais! Concurso Sefaz RR foi retificado; o que mudou? Portanto, o [&hellip;]<\/p>\n","protected":false},"author":54671,"featured_media":158781,"comment_status":"closed","ping_status":"closed","sticky":false,"template":"","format":"standard","meta":{"_acf_changed":false,"footnotes":"","_wp_rev_ctl_limit":""},"categories":[228],"tags":[],"class_list":["post-175432","post","type-post","status-publish","format-standard","has-post-thumbnail","hentry","category-noticias"],"acf":[],"_links":{"self":[{"href":"https:\/\/www.novaconcursos.com.br\/portal\/wp-json\/wp\/v2\/posts\/175432","targetHints":{"allow":["GET"]}}],"collection":[{"href":"https:\/\/www.novaconcursos.com.br\/portal\/wp-json\/wp\/v2\/posts"}],"about":[{"href":"https:\/\/www.novaconcursos.com.br\/portal\/wp-json\/wp\/v2\/types\/post"}],"author":[{"embeddable":true,"href":"https:\/\/www.novaconcursos.com.br\/portal\/wp-json\/wp\/v2\/users\/54671"}],"replies":[{"embeddable":true,"href":"https:\/\/www.novaconcursos.com.br\/portal\/wp-json\/wp\/v2\/comments?post=175432"}],"version-history":[{"count":7,"href":"https:\/\/www.novaconcursos.com.br\/portal\/wp-json\/wp\/v2\/posts\/175432\/revisions"}],"predecessor-version":[{"id":280430,"href":"https:\/\/www.novaconcursos.com.br\/portal\/wp-json\/wp\/v2\/posts\/175432\/revisions\/280430"}],"wp:featuredmedia":[{"embeddable":true,"href":"https:\/\/www.novaconcursos.com.br\/portal\/wp-json\/wp\/v2\/media\/158781"}],"wp:attachment":[{"href":"https:\/\/www.novaconcursos.com.br\/portal\/wp-json\/wp\/v2\/media?parent=175432"}],"wp:term":[{"taxonomy":"category","embeddable":true,"href":"https:\/\/www.novaconcursos.com.br\/portal\/wp-json\/wp\/v2\/categories?post=175432"},{"taxonomy":"post_tag","embeddable":true,"href":"https:\/\/www.novaconcursos.com.br\/portal\/wp-json\/wp\/v2\/tags?post=175432"}],"curies":[{"name":"wp","href":"https:\/\/api.w.org\/{rel}","templated":true}]}}