{"id":176261,"date":"2022-10-26T13:01:43","date_gmt":"2022-10-26T16:01:43","guid":{"rendered":"https:\/\/www.novaconcursos.com.br\/portal\/?p=176261"},"modified":"2022-10-26T13:01:49","modified_gmt":"2022-10-26T16:01:49","slug":"concurso-tj-es-presidente-reforca-necessidade-edital","status":"publish","type":"post","link":"https:\/\/www.novaconcursos.com.br\/portal\/noticias\/concurso-tj-es-presidente-reforca-necessidade-edital\/","title":{"rendered":"Concurso TJ ES: Presidente do Tribunal destaca a necessidade de edital!"},"content":{"rendered":"<p>O presidente do Tribunal de Justi\u00e7a do Esp\u00edrito Santo, Fabio Clem de Oliveira, refor\u00e7ou a necessidade de realiza\u00e7\u00e3o do novo <a href=\"https:\/\/www.novaconcursos.com.br\/portal\/concursos\/concurso-tj-es\/\">concurso TJ ES<\/a>. Saiba mais!<\/p>\n\n\n\n<p>O quantitativo de vagas a serem oferecidas e o <strong>cronograma<\/strong> da sele\u00e7\u00e3o ainda n\u00e3o foram divulgados.<\/p>\n\n\n\n<p>No entanto, a previs\u00e3o \u00e9 que o edital seja publicado nos pr\u00f3ximos meses e sejam ofertadas oportunidades para os cargos de<strong> T\u00e9cnico e Analista, <\/strong>exig\u00eancia de<strong> n\u00edvel superior.<\/strong><\/p>\n\n\n\n<p>Atualmente, os\u00a0<strong>sal\u00e1rios iniciais<\/strong>\u00a0para as vagas com possibilidade de serem oferecidas, s\u00e3o os seguintes:<\/p>\n\n\n\n<ul class=\"wp-block-list\"><li><strong>T\u00e9cnico Judici\u00e1rio<\/strong>\u00a0(cargo de n\u00edvel m\u00e9dio): R$ 4.657,28;<\/li><li><strong>Analista<\/strong>\u00a0(cargo de n\u00edvel superior): R$ 6.713,00.\u00a0<\/li><\/ul><p><\/p>\n\n\n\n<p>De acordo com o presidente, n\u00e3o vai ser poss\u00edvel chamar o quantitativo ideal para repor toda a car\u00eancia do \u00f3rg\u00e3o, por\u00e9m sua inten\u00e7\u00e3o \u00e9 formar um <strong>cadastro reserva<\/strong> para ser utilizado durante o per\u00edodo de vig\u00eancia do concurso.<\/p>\n\n\n\n<ul class=\"wp-block-list\"><li><strong>Confira:<\/strong>  <a href=\"https:\/\/www.novaconcursos.com.br\/livro-impresso\/questoes-tj-tribunal-justica?q=TRIBUNAL\">Livro de Quest\u00f5es Comentadas TJ <\/a><\/li><\/ul><p><\/p>\n\n\n\n<p>Estude para o concurso dos seus sonhos com o <strong>M\u00e9todo <\/strong>que j\u00e1 ajudou na <strong>aprova\u00e7\u00e3o de mais de 70 mil alunos!<\/strong> <a rel=\"noreferrer noopener\" aria-label=\"Clique aqui (abre numa nova aba)\" href=\"https:\/\/aprovacao.novaconcursos.com.br\/assinatura\" target=\"_blank\">Clique aqui<\/a> e saiba mais!<\/p>\n\n\n\n<h2 class=\"wp-block-heading\" id=\"comisso-formada\">Comiss\u00e3o formada!<\/h2>\n\n\n\n<p>A sele\u00e7\u00e3o j\u00e1 est\u00e1 com comiss\u00e3o formada e \u00e9 composta pelos seguintes membros:<\/p>\n\n\n\n<ul class=\"wp-block-list\"><li><strong>Presidente da comiss\u00e3o<\/strong>:<ul><li>Aldary Nunes, Juiz de Direito \u2013 representante do Tribunal de Justi\u00e7a<\/li><\/ul><\/li><\/ul><p><\/p>\n\n\n\n<ul class=\"wp-block-list\"><li><strong>Membros<\/strong>:<ul><li>Larissa Vescovi de Brito, representante do Tribunal de Justi\u00e7a<\/li><li>Margareth Rampinelli Moro Queiroz, representante do Tribunal de Justi\u00e7a<\/li><li>Lavinia Vieira de Andrade Waichert Lyrio, representante do Sindicato dos Servidores do Poder Judici\u00e1rio do Esp\u00edrito Santo<\/li><li>Paulo S\u00e9rgio Torres Meinicke, representante do Sindicado dos Oficiais de Justi\u00e7a do Esp\u00edrito Santo<\/li><\/ul><\/li><\/ul><p><\/p>\n\n\n\n<p>Al\u00e9m disso, vale mencionar que em julho deste ano o TJ ES tamb\u00e9m confirmou comiss\u00e3o organizadora para o\u00a0<strong>concurso de ju\u00edzes<\/strong>, que vai oferecer vagas para<strong>\u00a0magistratura.<\/strong><\/p>\n\n\n\n<p>Em ambos os casos, os concursos j\u00e1 foram<strong>\u00a0autorizados<\/strong>, assim, a comiss\u00e3o deve iniciar os tramites iniciais em breve.<\/p>\n\n\n\n<h2 class=\"wp-block-heading\" id=\"como-foi-o-ltimo-concurso-tj-es\">Como foi o \u00faltimo concurso TJ ES?<\/h2>\n\n\n\n<p>O \u00faltimo certame para servidores aconteceu em 2010 e foram oferecidas\u00a0<strong>455 vagas<\/strong>\u00a0para Analistas de\u00a0<strong>n\u00edvel m\u00e9dio e superior.<\/strong><\/p>\n\n\n\n<p>Al\u00e9m disso, a banca organizadora do concurso foi o\u00a0<strong>Cebraspe<\/strong>\u00a0(Cespe), e aplicou as provas objetivas, que eram compostas de 70 quest\u00f5es de conhecimentos gerais e espec\u00edficos.<\/p>\n\n\n\n<p>Dessa forma, \u00e9 essencial a realiza\u00e7\u00e3o de uma nova sele\u00e7\u00e3o, visto que a \u00faltima aconteceu h\u00e1\u00a0<strong>10 anos<\/strong>\u00a0e a car\u00eancia de servidores vem aumentando.<\/p>\n\n\n\n<p>Por fim, confira o edital do \u00faltimo concurso TJ ES,\u00a0<a rel=\"noreferrer noopener\" href=\"https:\/\/www.novaconcursos.com.br\/portal\/wp-content\/uploads\/2022\/08\/ED_1_TJ_ES_ABERTURA-1.pdf\" target=\"_blank\">clicando aqui!<\/a><\/p>\n\n\n\n<figure class=\"wp-block-image size-large\"><a href=\"https:\/\/aprovacao.novaconcursos.com.br\/assinatura\" target=\"_blank\" rel=\"noreferrer noopener\"><img decoding=\"async\" src=\"https:\/\/www.novaconcursos.com.br\/portal\/wp-content\/uploads\/2022\/01\/Faixa-Frete-Gr%E2%80%A0tis-portal.png\" alt=\"assinatura completa\" class=\"wp-image-153078\" loading=\"lazy\" title=\"\"><\/a><figcaption><\/figcaption><\/figure>","protected":false},"excerpt":{"rendered":"<p>O presidente do Tribunal de Justi\u00e7a do Esp\u00edrito Santo, Fabio Clem de Oliveira, refor\u00e7ou a necessidade de realiza\u00e7\u00e3o do novo concurso TJ ES. Saiba mais! O quantitativo de vagas a serem oferecidas e o cronograma da sele\u00e7\u00e3o ainda n\u00e3o foram divulgados. No entanto, a previs\u00e3o \u00e9 que o edital seja publicado nos pr\u00f3ximos meses e [&hellip;]<\/p>\n","protected":false},"author":54679,"featured_media":162900,"comment_status":"closed","ping_status":"closed","sticky":false,"template":"","format":"standard","meta":{"_acf_changed":false,"footnotes":"","_wp_rev_ctl_limit":""},"categories":[228],"tags":[],"class_list":["post-176261","post","type-post","status-publish","format-standard","has-post-thumbnail","hentry","category-noticias"],"acf":[],"_links":{"self":[{"href":"https:\/\/www.novaconcursos.com.br\/portal\/wp-json\/wp\/v2\/posts\/176261","targetHints":{"allow":["GET"]}}],"collection":[{"href":"https:\/\/www.novaconcursos.com.br\/portal\/wp-json\/wp\/v2\/posts"}],"about":[{"href":"https:\/\/www.novaconcursos.com.br\/portal\/wp-json\/wp\/v2\/types\/post"}],"author":[{"embeddable":true,"href":"https:\/\/www.novaconcursos.com.br\/portal\/wp-json\/wp\/v2\/users\/54679"}],"replies":[{"embeddable":true,"href":"https:\/\/www.novaconcursos.com.br\/portal\/wp-json\/wp\/v2\/comments?post=176261"}],"version-history":[{"count":10,"href":"https:\/\/www.novaconcursos.com.br\/portal\/wp-json\/wp\/v2\/posts\/176261\/revisions"}],"predecessor-version":[{"id":176277,"href":"https:\/\/www.novaconcursos.com.br\/portal\/wp-json\/wp\/v2\/posts\/176261\/revisions\/176277"}],"wp:featuredmedia":[{"embeddable":true,"href":"https:\/\/www.novaconcursos.com.br\/portal\/wp-json\/wp\/v2\/media\/162900"}],"wp:attachment":[{"href":"https:\/\/www.novaconcursos.com.br\/portal\/wp-json\/wp\/v2\/media?parent=176261"}],"wp:term":[{"taxonomy":"category","embeddable":true,"href":"https:\/\/www.novaconcursos.com.br\/portal\/wp-json\/wp\/v2\/categories?post=176261"},{"taxonomy":"post_tag","embeddable":true,"href":"https:\/\/www.novaconcursos.com.br\/portal\/wp-json\/wp\/v2\/tags?post=176261"}],"curies":[{"name":"wp","href":"https:\/\/api.w.org\/{rel}","templated":true}]}}