{"id":176438,"date":"2022-10-27T13:03:33","date_gmt":"2022-10-27T16:03:33","guid":{"rendered":"https:\/\/www.novaconcursos.com.br\/portal\/?p=176438"},"modified":"2024-11-12T17:17:30","modified_gmt":"2024-11-12T20:17:30","slug":"concurso-ifba-selecao-registra-mais-30-mil-inscritos","status":"publish","type":"post","link":"https:\/\/www.novaconcursos.com.br\/portal\/noticias\/concurso-ifba-selecao-registra-mais-30-mil-inscritos\/","title":{"rendered":"Concurso IFBA: Sele\u00e7\u00e3o registra mais de 30 mil inscritos. Veja!"},"content":{"rendered":"<p>Aten\u00e7\u00e3o concurseiros! De acordo com a Funda\u00e7\u00e3o Cefetminas, banca organizadora do <a href=\"https:\/\/www.novaconcursos.com.br\/portal\/concursos\/concurso-ifba\/\">concurso IFBA<\/a>, foram registrados <strong>30.105 inscritos <\/strong>na sele\u00e7\u00e3o. <\/p>\n\n\n\n<p>Veja o quantitativo por \u00e1rea:<\/p>\n\n\n\n<ul class=\"wp-block-list\"><li><strong>T\u00e9cnico-administrativos em Educa\u00e7\u00e3o (TAE):<\/strong>\u00a020.875 inscritos para 125 vagas;<\/li>\n\n\n\n<li><strong>Professores:<\/strong>\u00a09.230 inscritos para 65 vagas.<\/li>\n<\/ul><p><\/p>\n\n\n\n<p>A banca tamb\u00e9m divulgou o resultado final das inscri\u00e7\u00f5es.<\/p>\n\n\n\n<p>Conforme o cronograma da sele\u00e7\u00e3o, os comprovantes definitivos de inscri\u00e7\u00e3o ser\u00e3o divulgados no dia 18 de novembro junto com os locais de prova.<\/p>\n\n\n\n<h2 class=\"wp-block-heading\" id=\"edital-tae-vagas-oferecidas\">Edital TAE: Vagas oferecidas<\/h2>\n\n\n\n<p>Ao todo ser\u00e3o oferecidas\u00a0<strong>125 vagas<\/strong>\u00a0para o cargo de T\u00e9cnico Administrativo, divididas entre as seguintes especialidades:<\/p>\n\n\n\n<ul class=\"wp-block-list\"><li><strong>Cargos n\u00edvel E<\/strong>\u00a0(exig\u00eancia de n\u00edvel superior)<\/li>\n\n\n\n<li>Administrador: 4 vagas;<\/li>\n\n\n\n<li>Auditor: 2 vagas;<\/li>\n\n\n\n<li>Arquiteto e Urbanista: 1 vaga;<\/li>\n\n\n\n<li>Arquivista: 2 vagas;<\/li>\n\n\n\n<li>Assistente Social: 1 vaga;<\/li>\n\n\n\n<li>Bibliotec\u00e1rio-Documentalista: 1 vaga;<\/li>\n\n\n\n<li>Contador: 5 vagas;<\/li>\n\n\n\n<li>Enfermeiro-\u00c1rea: 2 vagas;<\/li>\n\n\n\n<li>Engenheiro-\u00c1rea Civil: 2 vagas;<\/li>\n\n\n\n<li>Engenheiro de Seguran\u00e7a do Trabalho: 4 vagas;<\/li>\n\n\n\n<li>M\u00e9dico-\u00c1rea: 3 vagas;<\/li>\n\n\n\n<li>Nutricionista-habilita\u00e7\u00e3o: 2 vagas;<\/li>\n\n\n\n<li>Odont\u00f3logo: 1 vaga;<\/li>\n\n\n\n<li>Pedagogo-\u00c1rea: 1 vaga;<\/li>\n\n\n\n<li>Analista de Tecnologia da Informa\u00e7\u00e3o: 4 vagas; e<\/li>\n\n\n\n<li>T\u00e9cnico em Assuntos Educacionais: 10 vagas.<\/li>\n<\/ul><p><\/p>\n\n\n\n<ul class=\"wp-block-list\"><li><strong>Cargos n\u00edvel D<\/strong>\u00a0(exig\u00eancia de n\u00edvel m\u00e9dio\/t\u00e9cnico)<\/li>\n\n\n\n<li>Assistente em Administra\u00e7\u00e3o: 40 vagas;<\/li>\n\n\n\n<li>T\u00e9cnico<ul><li>Contabilidade: 2 vagas;<\/li><\/ul><ul><li>Tecnologia da Informa\u00e7\u00e3o: 10 vagas;<\/li><li>Enfermagem: 1 vaga;<\/li><\/ul><ul class=\"wp-block-list\"><li>Edifica\u00e7\u00f5es: 2 vagas;<\/li>\n\n\n\n<li>Qu\u00edmica: 2 vagas;<\/li>\n\n\n\n<li>Inform\u00e1tica: 6 vagas;<\/li>\n\n\n\n<li>Minera\u00e7\u00e3o: 1 vaga;<\/li>\n\n\n\n<li>Eletrot\u00e9cnica: 2 vagas;<\/li>\n\n\n\n<li>Eletr\u00f4nica: 2 vagas;<\/li>\n\n\n\n<li>F\u00edsica: 2 vagas; e<\/li>\n\n\n\n<li>Biologia: 1 vaga;<\/li>\n<\/ul><\/li>\n<\/ul><p><\/p>\n\n\n\n<ul class=\"wp-block-list\"><li><strong>Cargos n\u00edvel C<\/strong>\u00a0(exig\u00eancia de n\u00edvel m\u00e9dio\/t\u00e9cnico)<\/li>\n\n\n\n<li>Assistente de Aluno: 9 vagas.<\/li>\n<\/ul><p>Al\u00e9m disso, os aprovados na sele\u00e7\u00e3o far\u00e3o jus aos seguintes\u00a0<strong>sal\u00e1rios iniciais:<\/strong><\/p>\n\n\n\n<ul class=\"wp-block-list\"><li><strong>N\u00edvel<\/strong>\n<ul class=\"wp-block-list\"><li><strong>C:\u00a0<\/strong>R$ 2.403,07;<\/li>\n\n\n\n<li><strong>D:<\/strong>\u00a0R$ 2.904,96;<\/li>\n\n\n\n<li><strong>E:<\/strong>\u00a0R$ 4.638,66.<\/li>\n<\/ul><\/li>\n<\/ul><p><\/p>\n\n\n\n<p>Esses valores s\u00e3o compostos pelo vencimento b\u00e1sico e o aux\u00edlio alimenta\u00e7\u00e3o no valor de R$ 458,00.<\/p>\n\n\n\n<h2 class=\"wp-block-heading\" id=\"edital-tae-provas-e-etapas\">Edital TAE: Provas e etapas<\/h2>\n\n\n\n<p>Ademais, os candidatos ser\u00e3o avaliados atrav\u00e9s de\u00a0<strong>duas etapas:<\/strong><\/p>\n\n\n\n<ul class=\"wp-block-list\"><li>Prova objetiva;<\/li>\n\n\n\n<li>Prova dissertativa\/reda\u00e7\u00e3o.<\/li>\n<\/ul><p><\/p>\n\n\n\n<p> A\u00a0<strong>prova objetiva\u00a0<\/strong>ser\u00e1 composta de<strong>\u00a050 quest\u00f5es<\/strong>\u00a0de m\u00faltipla escolha, com 5 alternativas cada, sendo apenas uma resposta correta. Confira as disciplinas que ser\u00e3o cobradas: <\/p>\n\n\n\n<ul class=\"wp-block-list\"><li>L\u00edngua Portuguesa<\/li>\n\n\n\n<li>Legisla\u00e7\u00e3o e \u00c9tica na Administra\u00e7\u00e3o P\u00fablica<\/li>\n\n\n\n<li>No\u00e7\u00f5es B\u00e1sicas de Inform\u00e1tica<\/li>\n\n\n\n<li>Conhecimentos Espec\u00edficos<\/li>\n<\/ul><p><\/p>\n\n\n\n<h2 class=\"wp-block-heading\" id=\"edital-professor-vagas-oferecidas\">Edital Professor: Vagas oferecidas<\/h2>\n\n\n\n<p>Ser\u00e3o oferecidas\u00a0<strong>65 vagas<\/strong>\u00a0para o cargo de Professor, exig\u00eancia de\u00a0<strong>n\u00edvel superior<\/strong>, divididas entre as seguintes especialidades:<\/p>\n\n\n\n<ul class=\"wp-block-list\"><li>Administra\u00e7\u00e3o: 2 vagas;<\/li>\n\n\n\n<li>Agronomia: 2 vagas;<\/li>\n\n\n\n<li>Arquitetura e Urbanismo: 1 vaga;<\/li>\n\n\n\n<li>Artes: 2 vagas;<\/li>\n\n\n\n<li>Atendimento Educacional Especializado: 5 vagas;<\/li>\n\n\n\n<li>Biologia: 3 vagas;<\/li>\n\n\n\n<li>Ci\u00eancia da Computa\u00e7\u00e3o: 11 vagas;<\/li>\n\n\n\n<li>Comunica\u00e7\u00e3o: 1 vaga;<\/li>\n\n\n\n<li>Desenho T\u00e9cnico: 1 vaga;<\/li>\n\n\n\n<li>Educa\u00e7\u00e3o F\u00edsica: 2 vagas;<\/li>\n\n\n\n<li>Eletromec\u00e2nica: 1 vaga;<\/li>\n\n\n\n<li>Enfermagem: 1 vaga;<\/li>\n\n\n\n<li>Engenharia\n<ul class=\"wp-block-list\"><li>Civil: 1 vaga;<\/li>\n\n\n\n<li>Alimentos: 1 vaga;<\/li>\n\n\n\n<li>Minas: 2 vagas;<\/li>\n\n\n\n<li>El\u00e9trica: 5 vagas;<\/li>\n\n\n\n<li>Mec\u00e2nica: 1 vaga;<\/li>\n\n\n\n<li>Sanit\u00e1ria: 1 vaga;<\/li>\n<\/ul><\/li>\n\n\n\n<li>Filosofia: 2 vagas;<\/li>\n\n\n\n<li>F\u00edsica: 1 vaga;<\/li>\n\n\n\n<li>Geologia: 1 vaga;<\/li>\n\n\n\n<li>Hist\u00f3ria: 2 vagas;<\/li>\n\n\n\n<li>Libras: 2 vagas;<\/li>\n\n\n\n<li>Espanhol: 1 vaga;<\/li>\n\n\n\n<li>Ingl\u00eas: 2 vagas;<\/li>\n\n\n\n<li>Portugu\u00eas: 3 vagas;<\/li>\n\n\n\n<li>Matem\u00e1tica: 3 vagas;<\/li>\n\n\n\n<li>Pedagogia: 1 vaga;<\/li>\n\n\n\n<li>Petr\u00f3leo e G\u00e1s Natural: 1 vaga;<\/li>\n\n\n\n<li>Qu\u00edmica: 1 vaga;<\/li>\n\n\n\n<li>Radiologia: 1 vaga;<\/li>\n\n\n\n<li>Turismo: 1 vaga;<\/li>\n\n\n\n<li>Zootecnia: 1 vaga.<\/li>\n<\/ul><p><\/p>\n\n\n\n<p>Ademais, os candidatos ser\u00e3o<strong>\u00a0remunerados<\/strong>\u00a0de acordo com o n\u00edvel de especializa\u00e7\u00e3o e a jornada de horas trabalhadas.<\/p>\n\n\n\n<p>Contudo, os valores podem variar de\u00a0<strong>R$ 2.236,32 at\u00e9 R$ 9.616,18.<\/strong><\/p>\n\n\n\n<h2 class=\"wp-block-heading\" id=\"edital-professor-provas-e-etapas\">Edital Professor: Provas e etapas<\/h2>\n\n\n\n<p>Os candidatos ser\u00e3o avaliados atrav\u00e9s de\u00a0<strong>quatro etapas:<\/strong><\/p>\n\n\n\n<ul class=\"wp-block-list\"><li>Prova Objetiva;<\/li>\n\n\n\n<li>Prova Dissertativa;<\/li>\n\n\n\n<li>Desempenho Did\u00e1tico;<\/li>\n\n\n\n<li>Avalia\u00e7\u00e3o de T\u00edtulos.<\/li>\n<\/ul><p><\/p>\n\n\n\n<p>A\u00a0<strong>prova objetiva\u00a0<\/strong>ser\u00e1 composta de<strong>\u00a050 quest\u00f5es<\/strong>\u00a0de m\u00faltipla escolha, com 5 alternativas cada, sendo apenas uma resposta correta. Confira as disciplinas que ser\u00e3o cobradas:<\/p>\n\n\n\n<ul class=\"wp-block-list\"><li>L\u00edngua Portuguesa<\/li>\n\n\n\n<li>Conhecimentos sobre educa\u00e7\u00e3o e rela\u00e7\u00f5es \u00e9tnico-raciais<\/li>\n\n\n\n<li>Legisla\u00e7\u00e3o das diretrizes da educa\u00e7\u00e3o nacional com \u00eanfase em educa\u00e7\u00e3o profissional e tecnol\u00f3gica de n\u00edvel m\u00e9dio e superior<\/li>\n\n\n\n<li>Conhecimentos Espec\u00edficos <\/li>\n<\/ul><p><\/p>","protected":false},"excerpt":{"rendered":"<p>Aten\u00e7\u00e3o concurseiros! De acordo com a Funda\u00e7\u00e3o Cefetminas, banca organizadora do concurso IFBA, foram registrados 30.105 inscritos na sele\u00e7\u00e3o. Veja o quantitativo por \u00e1rea: A banca tamb\u00e9m divulgou o resultado final das inscri\u00e7\u00f5es. Conforme o cronograma da sele\u00e7\u00e3o, os comprovantes definitivos de inscri\u00e7\u00e3o ser\u00e3o divulgados no dia 18 de novembro junto com os locais de [&hellip;]<\/p>\n","protected":false},"author":54679,"featured_media":156988,"comment_status":"closed","ping_status":"closed","sticky":false,"template":"","format":"standard","meta":{"_acf_changed":false,"footnotes":"","_wp_rev_ctl_limit":""},"categories":[228],"tags":[],"class_list":["post-176438","post","type-post","status-publish","format-standard","has-post-thumbnail","hentry","category-noticias"],"acf":[],"_links":{"self":[{"href":"https:\/\/www.novaconcursos.com.br\/portal\/wp-json\/wp\/v2\/posts\/176438","targetHints":{"allow":["GET"]}}],"collection":[{"href":"https:\/\/www.novaconcursos.com.br\/portal\/wp-json\/wp\/v2\/posts"}],"about":[{"href":"https:\/\/www.novaconcursos.com.br\/portal\/wp-json\/wp\/v2\/types\/post"}],"author":[{"embeddable":true,"href":"https:\/\/www.novaconcursos.com.br\/portal\/wp-json\/wp\/v2\/users\/54679"}],"replies":[{"embeddable":true,"href":"https:\/\/www.novaconcursos.com.br\/portal\/wp-json\/wp\/v2\/comments?post=176438"}],"version-history":[{"count":6,"href":"https:\/\/www.novaconcursos.com.br\/portal\/wp-json\/wp\/v2\/posts\/176438\/revisions"}],"predecessor-version":[{"id":260518,"href":"https:\/\/www.novaconcursos.com.br\/portal\/wp-json\/wp\/v2\/posts\/176438\/revisions\/260518"}],"wp:featuredmedia":[{"embeddable":true,"href":"https:\/\/www.novaconcursos.com.br\/portal\/wp-json\/wp\/v2\/media\/156988"}],"wp:attachment":[{"href":"https:\/\/www.novaconcursos.com.br\/portal\/wp-json\/wp\/v2\/media?parent=176438"}],"wp:term":[{"taxonomy":"category","embeddable":true,"href":"https:\/\/www.novaconcursos.com.br\/portal\/wp-json\/wp\/v2\/categories?post=176438"},{"taxonomy":"post_tag","embeddable":true,"href":"https:\/\/www.novaconcursos.com.br\/portal\/wp-json\/wp\/v2\/tags?post=176438"}],"curies":[{"name":"wp","href":"https:\/\/api.w.org\/{rel}","templated":true}]}}