{"id":176582,"date":"2022-10-28T12:04:34","date_gmt":"2022-10-28T15:04:34","guid":{"rendered":"https:\/\/www.novaconcursos.com.br\/portal\/?p=176582"},"modified":"2022-10-28T12:04:38","modified_gmt":"2022-10-28T15:04:38","slug":"concurso-guarda-metropolitana-de-palmas-edital-em-dezembro","status":"publish","type":"post","link":"https:\/\/www.novaconcursos.com.br\/portal\/noticias\/concurso-guarda-metropolitana-de-palmas-edital-em-dezembro\/","title":{"rendered":"Concurso Guarda Metropolitana de Palmas: Edital em dezembro, informa prefeita!"},"content":{"rendered":"<p>Boa not\u00edcia, concurseiros! Um novo edital deve sair em <strong>dezembro <\/strong>deste ano para o <a href=\"https:\/\/www.novaconcursos.com.br\/portal\/concursos\/concurso-guarda-de-palmas-to\/\">concurso\u00a0Guarda de Palmas \u2013 TO<\/a>. A Funda\u00e7\u00e3o <strong>Vunesp <\/strong>est\u00e1 definida como banca desde 2019. Veja detalhes!<\/p>\n\n\n\n<ul class=\"wp-block-list\"><li><strong>Confira:<\/strong>\u00a0<a href=\"https:\/\/www.novaconcursos.com.br\/apostila\/basico-concursos\">Apostila B\u00e1sica para Concursos<\/a><\/li><\/ul><p><\/p>\n\n\n\n<p>Estude para o concurso dos seus sonhos com o\u00a0<strong>M\u00e9todo<\/strong>\u00a0que j\u00e1 ajudou na\u00a0<strong>aprova\u00e7\u00e3o de mais de 70 mil alunos.<\/strong>\u00a0<a href=\"https:\/\/aprovacao.novaconcursos.com.br\/assinatura\" target=\"_blank\" rel=\"noreferrer noopener\" aria-label=\" (abre numa nova aba)\">Clique aqui<\/a>\u00a0e saiba mais!<\/p>\n\n\n\n<h2 class=\"wp-block-heading\" id=\"concurso-guarda-de-palmas-edital-vai-enfim-sair\">Concurso Guarda de Palmas: edital vai enfim sair?<\/h2>\n\n\n\n<p>Sendo assim, ao que tudo indica, o edital do concurso da Guarda Metropolitana de Palmas, no <a href=\"https:\/\/www.novaconcursos.com.br\/portal\/concursos-previstos\/to\/\">Estado do Tocantins,<\/a> ser\u00e1 publicado <strong>ainda em 2022. <\/strong><\/p>\n\n\n\n<p>Assim, a informa\u00e7\u00e3o foi confirmada pela <strong>prefeita <\/strong>da cidade, Cinthia Ribeiro (PSDB), durante evento promovido pelo dia do servidor, nesta sexta-feira (28).<\/p>\n\n\n\n<p>Portanto, segundo a chefe do Executivo Municipal, o edital ser\u00e1 publicado no m\u00eas de <strong>dezembro<\/strong>. <\/p>\n\n\n\n<p>De acordo com ela, o <strong>contrato <\/strong>que viabiliza o certame foi <strong>assinado<\/strong>. Entretanto, ainda n\u00e3o tem quantitativo de oportunidades definido.<\/p>\n\n\n\n<p>Al\u00e9m disso, foi anunciado ainda que um <strong>projeto de lei<\/strong> vai alterar o n\u00famero de vagas nos quadros da corpora\u00e7\u00e3o. O documento, ent\u00e3o, foi enviado \u00e0 C\u00e2mara Municipal.<\/p>\n\n\n\n<p>Vale destacar que a\u00a0<strong>previs\u00e3o era que o edital sa\u00edsse em 2020<\/strong>, mas devido \u00e0 pandemia da Covid-19, o certame foi adiado. <\/p>\n\n\n\n<p>Al\u00e9m disso, o presidente do\u00a0<strong>Sindicato dos\u00a0Guardas Metropolitanos de Palmas<\/strong>, Gilmar Fernandes, ainda informou que\u00a0<strong>s\u00e3o 20 anos de espera<\/strong> para o novo concurso, o que agora deve ser cumprido.<\/p>\n\n\n\n<p><em>\u201cEstamos confiantes de que o concurso ser\u00e1 realizado. A Prefeitura deve lan\u00e7ar o edital em breve\u201d,\u00a0<\/em>disse ele.<\/p>\n\n\n\n<h2 class=\"wp-block-heading\" id=\"concurso-guarda-de-palmas-previso-de-vagas-e-banca-definida\">Concurso Guarda de Palmas: previs\u00e3o de vagas e banca definida<\/h2>\n\n\n\n<p>S\u00e3o\u00a0<strong>50 vagas previstas<\/strong>\u00a0no Plano Plurianual de Palmas (PPA), que foi publicado no Di\u00e1rio Oficial do munic\u00edpio do\u00a0<a href=\"https:\/\/www.novaconcursos.com.br\/portal\/concursos-abertos\/to\/\">Estado de Tocantins<\/a>.<\/p>\n\n\n\n<p>Al\u00e9m disso, \u00e9 importante ressaltar que j\u00e1 havia banca definida para o pr\u00f3ximo concurso, que ser\u00e1 a\u00a0<strong>Vunesp<\/strong>, selecionada anteriormente.<\/p>\n\n\n\n<p>Entretanto, os\u00a0<strong>procedimentos foram suspensos<\/strong>\u00a0por conta da pandemia e a realiza\u00e7\u00e3o do<strong>\u00a0concurso<\/strong>\u00a0ficou \u00e0 merc\u00ea da melhora da situa\u00e7\u00e3o sanit\u00e1ria.<\/p>\n\n\n\n<p>Assim, a oficializa\u00e7\u00e3o saiu ap\u00f3s o<strong>\u00a0parecer favor\u00e1vel<\/strong>\u00a0da Procuradoria Geral do Munic\u00edpio (PGM) de Palmas.<\/p>\n\n\n\n<h3 class=\"wp-block-heading\">Requisitos<\/h3>\n\n\n\n<p>Ademais, levando em considera\u00e7\u00e3o o\u00a0<strong>\u00faltimo edital e legisla\u00e7\u00f5es vigentes\u00a0<\/strong>sobre o cargos, entre os requisitos b\u00e1sicos para a sele\u00e7\u00e3o, est\u00e3o:<\/p>\n\n\n\n<ul class=\"wp-block-list\"><li>Ser brasileiro;<\/li><li>Ter idade m\u00ednima de 18 anos e m\u00e1xima de 45 anos;<\/li><li>Ter altura m\u00ednima 1,65 m para o sexo masculino e 1,60 m para o sexo feminino;<\/li><li>Estar quite com as obriga\u00e7\u00f5es eleitorais;<\/li><li>Estar quite com o servi\u00e7o militar obrigat\u00f3rio, somente para o sexo masculino;<\/li><li>Ter aptid\u00e3o f\u00edsica e mental para o exerc\u00edcio do cargo;<\/li><li>N\u00e3o haver sido demitido do servi\u00e7o p\u00fablico;<\/li><li>N\u00e3o haver sido condenado por senten\u00e7a criminal transitada em julgado;<\/li><li>Ter boa conduta social e n\u00e3o registrar antecedentes criminais;<\/li><li>Ter conclu\u00eddo o Ensino M\u00e9dio (antigo 2\u00ba grau);<\/li><li>O candidato ser\u00e1 submetido \u00e0 investiga\u00e7\u00e3o da vida pregressa a ser realizada pela Corregedoria da Guarda Metropolitana.<\/li><\/ul><p><\/p>\n\n\n\n<figure class=\"wp-block-image size-large\"><a href=\"https:\/\/aprovacao.novaconcursos.com.br\/assinatura\" target=\"_blank\" rel=\"noreferrer noopener\"><img decoding=\"async\" src=\"https:\/\/www.novaconcursos.com.br\/portal\/wp-content\/uploads\/2022\/01\/Faixa-Frete-Gr%E2%80%A0tis-portal.png\" alt=\"assinatura completa\" class=\"wp-image-153078\" loading=\"lazy\" title=\"\"><\/a><figcaption><\/figcaption><\/figure>","protected":false},"excerpt":{"rendered":"<p>Boa not\u00edcia, concurseiros! Um novo edital deve sair em dezembro deste ano para o concurso\u00a0Guarda de Palmas \u2013 TO. A Funda\u00e7\u00e3o Vunesp est\u00e1 definida como banca desde 2019. Veja detalhes! Confira:\u00a0Apostila B\u00e1sica para Concursos Estude para o concurso dos seus sonhos com o\u00a0M\u00e9todo\u00a0que j\u00e1 ajudou na\u00a0aprova\u00e7\u00e3o de mais de 70 mil alunos.\u00a0Clique aqui\u00a0e saiba mais! [&hellip;]<\/p>\n","protected":false},"author":54671,"featured_media":176584,"comment_status":"closed","ping_status":"closed","sticky":false,"template":"","format":"standard","meta":{"_acf_changed":false,"footnotes":"","_wp_rev_ctl_limit":""},"categories":[228],"tags":[],"class_list":["post-176582","post","type-post","status-publish","format-standard","has-post-thumbnail","hentry","category-noticias"],"acf":[],"_links":{"self":[{"href":"https:\/\/www.novaconcursos.com.br\/portal\/wp-json\/wp\/v2\/posts\/176582","targetHints":{"allow":["GET"]}}],"collection":[{"href":"https:\/\/www.novaconcursos.com.br\/portal\/wp-json\/wp\/v2\/posts"}],"about":[{"href":"https:\/\/www.novaconcursos.com.br\/portal\/wp-json\/wp\/v2\/types\/post"}],"author":[{"embeddable":true,"href":"https:\/\/www.novaconcursos.com.br\/portal\/wp-json\/wp\/v2\/users\/54671"}],"replies":[{"embeddable":true,"href":"https:\/\/www.novaconcursos.com.br\/portal\/wp-json\/wp\/v2\/comments?post=176582"}],"version-history":[{"count":4,"href":"https:\/\/www.novaconcursos.com.br\/portal\/wp-json\/wp\/v2\/posts\/176582\/revisions"}],"predecessor-version":[{"id":176590,"href":"https:\/\/www.novaconcursos.com.br\/portal\/wp-json\/wp\/v2\/posts\/176582\/revisions\/176590"}],"wp:featuredmedia":[{"embeddable":true,"href":"https:\/\/www.novaconcursos.com.br\/portal\/wp-json\/wp\/v2\/media\/176584"}],"wp:attachment":[{"href":"https:\/\/www.novaconcursos.com.br\/portal\/wp-json\/wp\/v2\/media?parent=176582"}],"wp:term":[{"taxonomy":"category","embeddable":true,"href":"https:\/\/www.novaconcursos.com.br\/portal\/wp-json\/wp\/v2\/categories?post=176582"},{"taxonomy":"post_tag","embeddable":true,"href":"https:\/\/www.novaconcursos.com.br\/portal\/wp-json\/wp\/v2\/tags?post=176582"}],"curies":[{"name":"wp","href":"https:\/\/api.w.org\/{rel}","templated":true}]}}