{"id":176843,"date":"2022-11-01T09:15:14","date_gmt":"2022-11-01T12:15:14","guid":{"rendered":"https:\/\/www.novaconcursos.com.br\/portal\/?p=176843"},"modified":"2024-11-13T12:48:52","modified_gmt":"2024-11-13T15:48:52","slug":"concurso-ufpb-o-que-estudar-para-assistente-administracao","status":"publish","type":"post","link":"https:\/\/www.novaconcursos.com.br\/portal\/artigos\/concurso-ufpb-o-que-estudar-para-assistente-administracao\/","title":{"rendered":"Concurso UFPB o que estudar para Assistente em Administra\u00e7\u00e3o?"},"content":{"rendered":"<p>O <a href=\"https:\/\/www.novaconcursos.com.br\/portal\/concursos\/concurso-ufpb\/\">concurso UFPB<\/a> est\u00e1 oferecendo <strong>92 vagas de n\u00edvel m\u00e9dio e superior,<\/strong> onde somente para o cargo de Assistente em Administra\u00e7\u00e3o s\u00e3o ofertadas 74 oportunidades, com sal\u00e1rios iniciais de at\u00e9 <strong>R$ 4,1 mil!<\/strong><\/p>\n\n\n\n<p>Para se inscrever \u00e9 necess\u00e1rio acessar o site do IBFC (Instituto Brasileiro de Forma\u00e7\u00e3o e Capacita\u00e7\u00e3o), banca organizadora no per\u00edodo de <strong>7 de novembro e 6 de dezembro de 2022.<\/strong><\/p>\n\n\n\n<p>Al\u00e9m disso, para que candidatura seja homologada, \u00e9 preciso efetuar o pagamento da <strong>taxa de inscri\u00e7\u00e3o <\/strong>que varia de R$ 80,00 at\u00e9 R$ 130,00, de acordo com o cargo pretendido.<\/p>\n\n\n\n<ul class=\"wp-block-list\"><li><strong>Confira: <\/strong><a href=\"https:\/\/www.novaconcursos.com.br\/curso-online\/ufpb-assistente-administracao-pos-edital?q=UFPB\">Curso Online UFPB \u2013 Assistente em Administra\u00e7\u00e3o<\/a><\/li>\n\n\n\n<li><strong>Confira:<\/strong> <a href=\"https:\/\/www.novaconcursos.com.br\/apostila\/ufpb-assistente-administracao?q=UFPB\">Apostila UFPB \u2013 Assistente em Administra\u00e7\u00e3o<\/a><\/li>\n<\/ul><p><\/p>\n\n\n\n<p>Estude para o concurso dos seus sonhos com o <strong>M\u00e9todo<\/strong> que j\u00e1 ajudou na <strong>aprova\u00e7\u00e3o de mais de 70 mil alunos!<\/strong> <a rel=\"noreferrer noopener\" aria-label=\"Clique aqui (abre numa nova aba)\" href=\"https:\/\/aprovacao.novaconcursos.com.br\/assinatura\" target=\"_blank\">Clique aqui<\/a> e saiba mais!<\/p>\n\n\n\n<h2 class=\"wp-block-heading\" id=\"o-que-estudar-para-o-concurso-ufpb\">O que estudar para o concurso UFPB?<\/h2>\n\n\n\n<p>De acordo com o edital, as provas ser\u00e3o aplicadas no dia <strong>5 de fevereiro de 2023<\/strong> e ter\u00e3o a seguinte estrutura:<\/p>\n\n\n\n<ul class=\"wp-block-list\"><li>L\u00edngua Portuguesa: 10 quest\u00f5es<\/li>\n\n\n\n<li>Racioc\u00ednio L\u00f3gico: 5 quest\u00f5es<\/li>\n\n\n\n<li>No\u00e7\u00f5es de Inform\u00e1tica: 5 quest\u00f5es<\/li>\n\n\n\n<li>Legisla\u00e7\u00e3o: 10 quest\u00f5es<\/li>\n\n\n\n<li>Conhecimentos Espec\u00edficos: 20 quest\u00f5es.<\/li>\n<\/ul><p><\/p>\n\n\n\n<p>Dessa forma, os conhecimentos b\u00e1sicos, ou seja, <strong>comum a todos os cargos <\/strong>da sele\u00e7\u00e3o, s\u00e3o os seguintes:<\/p>\n\n\n\n<ul class=\"wp-block-list\"><li><strong>L\u00edngua Portuguesa<\/strong>\n<ul class=\"wp-block-list\"><li>Compreens\u00e3o e interpreta\u00e7\u00e3o de textos.<\/li>\n\n\n\n<li>Tipologia textual. <\/li>\n\n\n\n<li>Ortografia oficial. <\/li>\n\n\n\n<li>Acentua\u00e7\u00e3o gr\u00e1fica. <\/li>\n\n\n\n<li>Emprego das classes de palavras. <\/li>\n\n\n\n<li>Emprego do sinal indicativo de crase. <\/li>\n\n\n\n<li>Sintaxe da ora\u00e7\u00e3o e do per\u00edodo. <\/li>\n\n\n\n<li>Pontua\u00e7\u00e3o. <\/li>\n\n\n\n<li>Concord\u00e2ncia nominal e verbal. <\/li>\n\n\n\n<li>Reg\u00eancia nominal e verbal. <\/li>\n\n\n\n<li>Significa\u00e7\u00e3o das palavras. <\/li>\n<\/ul><\/li>\n<\/ul><p><\/p>\n\n\n\n<ul class=\"wp-block-list\"><li><strong>Racioc\u00ednio L\u00f3gico<\/strong>\n<ul class=\"wp-block-list\"><li>No\u00e7\u00f5es de L\u00f3gica. <\/li>\n\n\n\n<li>Diagramas L\u00f3gicos: conjuntos e elementos.<\/li>\n\n\n\n<li>L\u00f3gica da argumenta\u00e7\u00e3o. <\/li>\n\n\n\n<li>Tipos de Racioc\u00ednio. <\/li>\n\n\n\n<li>Conectivos L\u00f3gicos.<\/li>\n\n\n\n<li>Proposi\u00e7\u00f5es l\u00f3gicas Simples e compostas.<\/li>\n\n\n\n<li>Elementos de teoria dos conjuntos, an\u00e1lise combinat\u00f3ria e probabilidade. <\/li>\n\n\n\n<li>N\u00fameros e grandezas proporcionais: raz\u00f5es e propor\u00e7\u00f5es; divis\u00e3o em partes proporcionais; regra de tr\u00eas; porcentagem e problemas. <\/li>\n<\/ul><\/li>\n<\/ul><p><\/p>\n\n\n\n<ul class=\"wp-block-list\"><li><strong>No\u00e7\u00f5es de Inform\u00e1tica<\/strong>\n<ul class=\"wp-block-list\"><li>Internet e Aplicativos;<\/li>\n\n\n\n<li>Ferramentas de busca; <\/li>\n\n\n\n<li>Navegadores (Browser); <\/li>\n\n\n\n<li>Sistema Operacional e Software; <\/li>\n\n\n\n<li>Correios Eletr\u00f4nicos; <\/li>\n\n\n\n<li>Programa Antiv\u00edrus e Firewall; <\/li>\n\n\n\n<li>Editores de Apresenta\u00e7\u00e3o; <\/li>\n\n\n\n<li>Planilhas; <\/li>\n\n\n\n<li>Editores de Texto; <\/li>\n\n\n\n<li>Extens\u00e3o de Arquivo;<\/li>\n\n\n\n<li>Teclas de Atalho;<\/li>\n\n\n\n<li>Pacote Microsoft Office. <\/li>\n<\/ul><\/li>\n<\/ul><p><\/p>\n\n\n\n<ul class=\"wp-block-list\"><li><strong>Legisla\u00e7\u00e3o<\/strong>\n<ul class=\"wp-block-list\"><li>Lei n\u00b0\n<ul class=\"wp-block-list\"><li>13.709\/2018 (LGPD);<\/li>\n\n\n\n<li>8.112\/1990 (Regime Jur\u00eddico dos Servidores P\u00fablicos Civis Federais);<\/li>\n\n\n\n<li>9.784\/1999 (Processo administrativo); <\/li>\n\n\n\n<li>8.429\/1992 (Improbidade Administrativa);<\/li>\n\n\n\n<li>8.027\/1990<\/li>\n\n\n\n<li>11.091 \u2013 2005 \u2013 PCCTAE dos IFE;  <\/li>\n<\/ul><\/li>\n\n\n\n<li>Decreto 1.171\/1994 (C\u00f3digo de \u00c9tica dos Servidores P\u00fablicos); <\/li>\n\n\n\n<li>No\u00e7\u00f5es de Direito Constitucional: Dos princ\u00edpios fundamentais, dos direitos e garantias fundamentais, dos direitos sociais, da administra\u00e7\u00e3o p\u00fablica. <\/li>\n<\/ul><\/li>\n<\/ul><p><\/p>\n\n\n\n<h2 class=\"wp-block-heading\" id=\"o-que-estudar-para-o-cargo-de-assistente-em-administrao\">O que estudar para o cargo de Assistente em Administra\u00e7\u00e3o?<\/h2>\n\n\n\n<ul class=\"wp-block-list\"><li><strong>Fun\u00e7\u00f5es Administrativas:<\/strong> planejamento, estrutura organizacional, racionaliza\u00e7\u00e3o do trabalho; indicadores de excel\u00eancia. <\/li>\n\n\n\n<li><strong>Comunica\u00e7\u00e3o Interpessoal: <\/strong>barreiras, uso construtivo, comunica\u00e7\u00e3o formal e informal. <\/li>\n\n\n\n<li><strong>Gest\u00e3o de Pessoas:<\/strong> conceitos, avalia\u00e7\u00e3o de desempenho, trabalho em equipe, motiva\u00e7\u00e3o lideran\u00e7a e gerenciamento de conflitos. <\/li>\n\n\n\n<li><strong>Gest\u00e3o por Compet\u00eancias: <\/strong>conceitos, pol\u00edtica e diretrizes para o desenvolvimento de pessoal da Administra\u00e7\u00e3o P\u00fablica Federal (Decreto no. 9.991\/2019).<\/li>\n\n\n\n<li> <strong>Administra\u00e7\u00e3o de Materiais e Patrim\u00f4nio: <\/strong>import\u00e2ncia, organiza\u00e7\u00e3o da \u00e1rea de materiais, log\u00edstica de armazenagem, transporte e distribui\u00e7\u00e3o0.<\/li>\n\n\n\n<li><strong>Administra\u00e7\u00e3o P\u00fablica:<\/strong> Disposi\u00e7\u00f5es Gerais (Constitui\u00e7\u00e3o<\/li>\n\n\n\n<li>Federal, T\u00edtulo III, Cap\u00edtulo VII). <\/li>\n\n\n\n<li><strong>Agente P\u00fablico:<\/strong> conceito, fun\u00e7\u00e3o p\u00fablica, atendimento ao cidad\u00e3o. Regime Jur\u00eddico dos Servidores P\u00fablico Federais (Lei n\u00ba 8.112\/1990 e altera\u00e7\u00f5es). <\/li>\n\n\n\n<li><strong>\u00c9tica na Administra\u00e7\u00e3o P\u00fablica Federal<\/strong> (Decreto n\u00ba 1.171\/1994 e altera\u00e7\u00f5es). <\/li>\n\n\n\n<li><strong>Processo Administrativo: <\/strong>normas b\u00e1sicas no \u00e2mbito da Administra\u00e7\u00e3o Federal (Lei n\u00ba 9.784\/1999 e altera\u00e7\u00f5es). Elabora\u00e7\u00e3o de Termo de Refer\u00eancia; <\/li>\n\n\n\n<li><strong>Licita\u00e7\u00e3o:<\/strong> conceito, finalidades, princ\u00edpios e objeto; obrigatoriedade, dispensa, inexigibilidade e veda\u00e7\u00e3o; modalidades e tipos, revoga\u00e7\u00e3o e anula\u00e7\u00e3o; san\u00e7\u00f5es e contratos (Lei 14. 133\/2020 e altera\u00e7\u00f5es). <\/li>\n\n\n\n<li><strong>Controle Interno e Controle Externo na Administra\u00e7\u00e3o P\u00fablica: <\/strong>conceito e abrang\u00eancia.<\/li>\n\n\n\n<li><strong>No\u00e7\u00f5es de Arquivologia:<\/strong> m\u00e9todos de arquivamento. <\/li>\n\n\n\n<li><strong>No\u00e7\u00f5es de Or\u00e7amento P\u00fablico<\/strong> (LOA, LDO, PPA); <\/li>\n\n\n\n<li><strong>Administra\u00e7\u00e3o or\u00e7ament\u00e1ria e financeira. <\/strong><\/li>\n<\/ul><p><\/p>\n\n\n\n<p><\/p>\n\n\n\n<figure class=\"wp-block-image size-large\"><a href=\"https:\/\/aprovacao.novaconcursos.com.br\/assinatura\" target=\"_blank\" rel=\"noreferrer noopener\"><img decoding=\"async\" src=\"https:\/\/www.novaconcursos.com.br\/portal\/wp-content\/uploads\/2022\/01\/Faixa-Frete-Gr%E2%80%A0tis-portal.png\" alt=\"assinatura completa\" class=\"wp-image-153078\" loading=\"lazy\" title=\"\"><\/a><figcaption><\/figcaption><\/figure>","protected":false},"excerpt":{"rendered":"<p>O concurso UFPB est\u00e1 oferecendo 92 vagas de n\u00edvel m\u00e9dio e superior, onde somente para o cargo de Assistente em Administra\u00e7\u00e3o s\u00e3o ofertadas 74 oportunidades, com sal\u00e1rios iniciais de at\u00e9 R$ 4,1 mil! Para se inscrever \u00e9 necess\u00e1rio acessar o site do IBFC (Instituto Brasileiro de Forma\u00e7\u00e3o e Capacita\u00e7\u00e3o), banca organizadora no per\u00edodo de 7 [&hellip;]<\/p>\n","protected":false},"author":54679,"featured_media":161503,"comment_status":"closed","ping_status":"closed","sticky":false,"template":"","format":"standard","meta":{"_acf_changed":false,"footnotes":"","_wp_rev_ctl_limit":""},"categories":[33508],"tags":[],"class_list":["post-176843","post","type-post","status-publish","format-standard","has-post-thumbnail","hentry","category-artigos"],"acf":[],"_links":{"self":[{"href":"https:\/\/www.novaconcursos.com.br\/portal\/wp-json\/wp\/v2\/posts\/176843","targetHints":{"allow":["GET"]}}],"collection":[{"href":"https:\/\/www.novaconcursos.com.br\/portal\/wp-json\/wp\/v2\/posts"}],"about":[{"href":"https:\/\/www.novaconcursos.com.br\/portal\/wp-json\/wp\/v2\/types\/post"}],"author":[{"embeddable":true,"href":"https:\/\/www.novaconcursos.com.br\/portal\/wp-json\/wp\/v2\/users\/54679"}],"replies":[{"embeddable":true,"href":"https:\/\/www.novaconcursos.com.br\/portal\/wp-json\/wp\/v2\/comments?post=176843"}],"version-history":[{"count":7,"href":"https:\/\/www.novaconcursos.com.br\/portal\/wp-json\/wp\/v2\/posts\/176843\/revisions"}],"predecessor-version":[{"id":260756,"href":"https:\/\/www.novaconcursos.com.br\/portal\/wp-json\/wp\/v2\/posts\/176843\/revisions\/260756"}],"wp:featuredmedia":[{"embeddable":true,"href":"https:\/\/www.novaconcursos.com.br\/portal\/wp-json\/wp\/v2\/media\/161503"}],"wp:attachment":[{"href":"https:\/\/www.novaconcursos.com.br\/portal\/wp-json\/wp\/v2\/media?parent=176843"}],"wp:term":[{"taxonomy":"category","embeddable":true,"href":"https:\/\/www.novaconcursos.com.br\/portal\/wp-json\/wp\/v2\/categories?post=176843"},{"taxonomy":"post_tag","embeddable":true,"href":"https:\/\/www.novaconcursos.com.br\/portal\/wp-json\/wp\/v2\/tags?post=176843"}],"curies":[{"name":"wp","href":"https:\/\/api.w.org\/{rel}","templated":true}]}}