{"id":178589,"date":"2022-11-22T15:03:43","date_gmt":"2022-11-22T18:03:43","guid":{"rendered":"https:\/\/www.novaconcursos.com.br\/portal\/?p=178589"},"modified":"2022-11-22T15:03:48","modified_gmt":"2022-11-22T18:03:48","slug":"concurso-anvisa-e-ans-editais-sao-prioridades-do-novo-governo-entenda","status":"publish","type":"post","link":"https:\/\/www.novaconcursos.com.br\/portal\/noticias\/concurso-anvisa-e-ans-editais-sao-prioridades-do-novo-governo-entenda\/","title":{"rendered":"Concurso Anvisa e ANS: Editais s\u00e3o prioridades do novo governo. Entenda!"},"content":{"rendered":"<p>O Governo Lula tem como prioridade publicar editais para o <a href=\"https:\/\/www.novaconcursos.com.br\/portal\/concursos\/concurso-anvisa\/\">concurso Anvisa<\/a> e o <a href=\"https:\/\/www.novaconcursos.com.br\/portal\/concursos\/concurso-ans\/\">concurso ANS<\/a>, segundo o senador Humberto Costa. As sele\u00e7\u00f5es est\u00e3o previstas para 2023 e s\u00e3o vistas como urg\u00eancia. Entenda!<\/p>\n\n\n\n<ul class=\"wp-block-list\"><li><strong>Confira:<\/strong> <a href=\"https:\/\/www.novaconcursos.com.br\/curso-online\/anvisa-tecnico-administrativo\">Curso Anvisa \u2013 T\u00e9cnico Administrativo<\/a><\/li><li><strong>Confira: <\/strong><a href=\"https:\/\/www.novaconcursos.com.br\/apostila\/anvisa-prep-tecnico-administrativo\">Apostila ANVISA 2022 \u2013 T\u00e9cnico Administrativo<\/a><\/li><\/ul><p><\/p>\n\n\n\n<p>Estude para o concurso dos seus sonhos com o\u00a0<strong>M\u00e9todo<\/strong>\u00a0que j\u00e1 ajudou na\u00a0<strong>aprova\u00e7\u00e3o de mais de 70 mil alunos.<\/strong>\u00a0<a href=\"https:\/\/aprovacao.novaconcursos.com.br\/assinatura\" target=\"_blank\" rel=\"noreferrer noopener\" aria-label=\" (abre numa nova aba)\">Clique aqui<\/a>\u00a0e saiba mais!<\/p>\n\n\n\n<h2 class=\"wp-block-heading\" id=\"concursos-anvisa-e-ans-governo-quer-editais-em-2023\">Concursos Anvisa e ANS: governo quer editais em 2023<\/h2>\n\n\n\n<p>Sendo assim, novos <a href=\"https:\/\/www.novaconcursos.com.br\/portal\/concursos-previstos\/nacional\">editais <\/a>dever\u00e3o ser publicados no <strong>come\u00e7o de 2023<\/strong> para a Ag\u00eancia Nacional de Vigil\u00e2ncia Sanit\u00e1ria e a Ag\u00eancia Nacional de Sa\u00fade Suplementar.<\/p>\n\n\n\n<ul class=\"wp-block-list\"><li><strong>Adquira: <\/strong><a href=\"https:\/\/www.novaconcursos.com.br\/mapa-mental\/sus-sistema-unico-de-saude-pdf\">Mapas Mentais SUS \u2013 Sistema \u00danico de Sa\u00fade (Lei 8.142\/1990 e Lei 8.080\/1990) (PDF)<\/a><\/li><\/ul><p><\/p>\n\n\n\n<p>Isso porque a realiza\u00e7\u00e3o dos certames\u00a0est\u00e1 sendo tratada como uma <strong>prioridade <\/strong>pela equipe de transi\u00e7\u00e3o do governo Lula. <\/p>\n\n\n\n<p>Vale destacar ainda que a informa\u00e7\u00e3o foi dada recentemente pelo coordenador do grupo de trabalho da Sa\u00fade,\u00a0senador Humberto Costa.<\/p>\n\n\n\n<p>Portanto, o grupo teria estabelecido a<strong> cria\u00e7\u00e3o de condi\u00e7\u00f5es <\/strong>para que haja concurso, como uma das metas.<\/p>\n\n\n\n<p>Segundo o senador, integrantes da equipe reconheceram que as ag\u00eancias est\u00e3o <strong>desfalcadas <\/strong>e sucateadas.<\/p>\n\n\n\n<p>Entretanto, um <strong>estudo <\/strong>mais <strong>aprofundado <\/strong>ainda ser\u00e1 realizado e poder\u00e1 confirmar a informa\u00e7\u00e3o, mostrando o n\u00famero de vac\u00e2ncias nos \u00f3rg\u00e3os.<\/p>\n\n\n\n<p>Al\u00e9m disso, ser\u00e1 necess\u00e1rio que um espa\u00e7o seja <strong>reservado <\/strong>no or\u00e7amento, para que haja mesmo os concursos.<\/p>\n\n\n\n<p>Isso caso a <strong>PEC da Transi\u00e7\u00e3o<\/strong> seja aprovada e o aux\u00edlio brasil\u00a0seja retirado do teto de gastos.<\/p>\n\n\n\n<h2 class=\"wp-block-heading\" id=\"concursos-anvisa-e-ans-pedidos-foram-encaminhados-ao-me\"><strong>Concursos Anvisa e ANS: pedidos foram encaminhados ao ME<\/strong><\/h2>\n\n\n\n<p>Sendo assim, mais um passo importante para publica\u00e7\u00e3o dos <a href=\"https:\/\/www.novaconcursos.com.br\/portal\/concursos-abertos\/nacional\">concursos <\/a>Anvisa e ANS \u00e9 os pedidos, que devem ser solicitados ao <strong>Minist\u00e9rio da Economia. <\/strong><\/p>\n\n\n\n<h3 class=\"wp-block-heading\">ANS<\/h3>\n\n\n\n<p>Assim, a\u00a0Ag\u00eancia Nacional de Sa\u00fade Suplementar j\u00e1 havia informado que iria realizar um\u00a0<strong>novo pedido <\/strong>este ano. Entretanto, ainda n\u00e3o houve a solicita\u00e7\u00e3o formal.<\/p>\n\n\n\n<p>Al\u00e9m disso, ainda n\u00e3o houve tamb\u00e9m informa\u00e7\u00e3o sobre o n\u00famero de cargos e vagas que ser\u00e3o solicitados.<\/p>\n\n\n\n<p>Ao todo, a ag\u00eancia contava com\u00a0<strong>90 cargos vagos<\/strong> no primeiro semestre. Portanto, s\u00e3o eles:<\/p>\n\n\n\n<ul class=\"wp-block-list\"><li><strong>m\u00e9dio<\/strong>:\u00a0t\u00e9cnico administrativo (34 cargos vagos) \u2013\u00a0R$7.016,67*;<\/li><li><strong>m\u00e9dio t\u00e9cnico<\/strong>:\u00a0t\u00e9cnico em regula\u00e7\u00e3o de sa\u00fade suplementar (16) \u2013\u00a0R$7.388,37*;<\/li><li><strong>superior<\/strong>: especialista em regula\u00e7\u00e3o de sa\u00fade suplementar (33) \u2013\u00a0R$15.058,12, e\u00a0analista administrativo (sete) \u2013\u00a0R$13.807,57*.<\/li><\/ul><p><\/p>\n\n\n\n<p>Vale destacar que os ganhos\u00a0acima\u00a0j\u00e1 incluem o\u00a0aux\u00edlio-alimenta\u00e7\u00e3o, no valor de de <strong>R$458.\u00a0<\/strong><\/p>\n\n\n\n<p>Entretanto, os contratados ainda ter\u00e3o\u00a0<strong>assist\u00eancia pr\u00e9-escolar<\/strong>\u00a0(R$321) e\u00a0<strong>assist\u00eancia \u00e0 sa\u00fade suplementar.<\/strong><\/p>\n\n\n\n<p>Ademais, a\u00a0<strong>cidade\u00a0do Rio de Janeiro\u00a0<\/strong>pode receber boa parte das oportunidades, uma vez que \u00e9 a sede da ag\u00eancia.<\/p>\n\n\n\n<p>Entretanto,<strong>\u00a0contam com filiais, as cidades d<\/strong>e S\u00e3o Paulo, Ribeir\u00e3o Preto (SP), Belo Horizonte (MG), Cuiab\u00e1 (MT), Curitiba (PR), Fortaleza (CE), Porto Alegre (RS), Recife (PE), Salvador (BA) e Bras\u00edlia (DF).<\/p>\n\n\n\n<h3 class=\"wp-block-heading\">Anvisa<\/h3>\n\n\n\n<p>Ademais, a\u00a0Ag\u00eancia Nacional de Vigil\u00e2ncia Sanit\u00e1ria tamb\u00e9m informou que realizaria\u00a0um novo <strong>pedido <\/strong>ao Minist\u00e9rio da Economia.<\/p>\n\n\n\n<p>Assim, foram solicitadas\u00a0<strong>107 vagas\u00a0<\/strong>no total, distribu\u00eddas por cargos dos n\u00edveis m\u00e9dio e superior. Veja:<\/p>\n\n\n\n<ul class=\"wp-block-list\"><li><strong>N\u00edvel m\u00e9dio<\/strong>: t\u00e9cnico em regula\u00e7\u00e3o e vigil\u00e2ncia sanit\u00e1ria (cinco vagas) e t\u00e9cnico administrativo (44); e<\/li><li><strong>N\u00edvel superior<\/strong>: especialista em regula\u00e7\u00e3o e vigil\u00e2ncia sanit\u00e1ria (43) e analista administrativo (15).\u00a0<\/li><\/ul><p><\/p>\n\n\n\n<p><em>\u201cA Anvisa est\u00e1 em fase final de elabora\u00e7\u00e3o do processo que requerer\u00e1 novo concurso e encaminhar\u00e1 o pedido no prazo estipulado pelo\u00a0Decreto n. 9.739, de 28 de mar\u00e7o de 2019\u201d,<\/em>\u00a0explicou a ag\u00eancia.<\/p>\n\n\n\n<p>Portanto, entre 2017 e 2020, a\u00a0<strong>for\u00e7a de trabalho reduziu<\/strong>\u00a0em quase 12%. Ou seja, 217 servidores a menos.<\/p>\n\n\n\n<p>A\u00ed, no in\u00edcio de 2021, eram\u00a01.580 funcion\u00e1rios e um<strong>\u00a0d\u00e9ficit de 94 profissionais\u00a0<\/strong>na \u00e1rea t\u00e9cnica. Entretanto,\u00a0<strong>hoje j\u00e1 s\u00e3o 107<\/strong>\u00a0cargos vagos.<\/p>\n\n\n\n<p><em>\u201cH\u00e1 necessidade de concurso j\u00e1 que as atuais vagas desocupadas somente podem ser providas por meio de sele\u00e7\u00e3o p\u00fablica\u201d<\/em>, explica a Anvisa.<\/p>\n\n\n\n<figure class=\"wp-block-image size-large\"><a href=\"https:\/\/aprovacao.novaconcursos.com.br\/assinatura\" target=\"_blank\" rel=\"noreferrer noopener\"><img decoding=\"async\" src=\"https:\/\/www.novaconcursos.com.br\/portal\/wp-content\/uploads\/2022\/01\/Faixa-Frete-Gr%E2%80%A0tis-portal.png\" alt=\"assinatura completa\" class=\"wp-image-153078\" loading=\"lazy\" title=\"\"><\/a><figcaption><\/figcaption><\/figure>","protected":false},"excerpt":{"rendered":"<p>O Governo Lula tem como prioridade publicar editais para o concurso Anvisa e o concurso ANS, segundo o senador Humberto Costa. As sele\u00e7\u00f5es est\u00e3o previstas para 2023 e s\u00e3o vistas como urg\u00eancia. Entenda! Confira: Curso Anvisa \u2013 T\u00e9cnico Administrativo Confira: Apostila ANVISA 2022 \u2013 T\u00e9cnico Administrativo Estude para o concurso dos seus sonhos com o\u00a0M\u00e9todo\u00a0que [&hellip;]<\/p>\n","protected":false},"author":54671,"featured_media":156720,"comment_status":"closed","ping_status":"closed","sticky":false,"template":"","format":"standard","meta":{"_acf_changed":false,"footnotes":"","_wp_rev_ctl_limit":""},"categories":[228],"tags":[],"class_list":["post-178589","post","type-post","status-publish","format-standard","has-post-thumbnail","hentry","category-noticias"],"acf":[],"_links":{"self":[{"href":"https:\/\/www.novaconcursos.com.br\/portal\/wp-json\/wp\/v2\/posts\/178589","targetHints":{"allow":["GET"]}}],"collection":[{"href":"https:\/\/www.novaconcursos.com.br\/portal\/wp-json\/wp\/v2\/posts"}],"about":[{"href":"https:\/\/www.novaconcursos.com.br\/portal\/wp-json\/wp\/v2\/types\/post"}],"author":[{"embeddable":true,"href":"https:\/\/www.novaconcursos.com.br\/portal\/wp-json\/wp\/v2\/users\/54671"}],"replies":[{"embeddable":true,"href":"https:\/\/www.novaconcursos.com.br\/portal\/wp-json\/wp\/v2\/comments?post=178589"}],"version-history":[{"count":7,"href":"https:\/\/www.novaconcursos.com.br\/portal\/wp-json\/wp\/v2\/posts\/178589\/revisions"}],"predecessor-version":[{"id":178618,"href":"https:\/\/www.novaconcursos.com.br\/portal\/wp-json\/wp\/v2\/posts\/178589\/revisions\/178618"}],"wp:featuredmedia":[{"embeddable":true,"href":"https:\/\/www.novaconcursos.com.br\/portal\/wp-json\/wp\/v2\/media\/156720"}],"wp:attachment":[{"href":"https:\/\/www.novaconcursos.com.br\/portal\/wp-json\/wp\/v2\/media?parent=178589"}],"wp:term":[{"taxonomy":"category","embeddable":true,"href":"https:\/\/www.novaconcursos.com.br\/portal\/wp-json\/wp\/v2\/categories?post=178589"},{"taxonomy":"post_tag","embeddable":true,"href":"https:\/\/www.novaconcursos.com.br\/portal\/wp-json\/wp\/v2\/tags?post=178589"}],"curies":[{"name":"wp","href":"https:\/\/api.w.org\/{rel}","templated":true}]}}