{"id":178631,"date":"2022-11-22T15:28:09","date_gmt":"2022-11-22T18:28:09","guid":{"rendered":"https:\/\/www.novaconcursos.com.br\/portal\/?p=178631"},"modified":"2025-12-04T11:18:08","modified_gmt":"2025-12-04T14:18:08","slug":"concurso-ibge-mp-autoriza-a-contratacao-sem-processo-seletivo-entenda","status":"publish","type":"post","link":"https:\/\/www.novaconcursos.com.br\/portal\/noticias\/concurso-ibge-mp-autoriza-a-contratacao-sem-processo-seletivo-entenda\/","title":{"rendered":"Concurso IBGE: MP autoriza a contrata\u00e7\u00e3o sem processo seletivo. Entenda!"},"content":{"rendered":"<p>O Poder Executivo editou a Medida Provis\u00f3ria 1141\/22 e autorizou a <strong>contrata\u00e7\u00e3o de pessoal tempor\u00e1rio<\/strong> para trabalhar na realiza\u00e7\u00e3o do Censo Demogr\u00e1fico de 2022 sem precisar de <a href=\"https:\/\/www.novaconcursos.com.br\/portal\/concursos\/concurso-ibge\/\">concurso IBGE<\/a>. Veja detalhes!<\/p>\n\n\n\n<ul class=\"wp-block-list\"><li>Confira:\u00a0<a href=\"https:\/\/www.novaconcursos.com.br\/curso-online\/ibge-agente-pesquisa-mapeamento\">Curso Online IBGE \u2013 Agente de Pesquisa e Mapeamento<\/a><\/li>\n\n\n\n<li>Confira:\u00a0<a href=\"https:\/\/www.novaconcursos.com.br\/mapa-mental\/portugues-ibge?promo_creative=Mapas+Mentais+Portugu%C3%AAs+para+IBGE&amp;promo_name=noticia&amp;promo_id=%2Fportal%2Fnoticias%2Fconcurso-ibge-2022-inscricoes-abertas&amp;promo_position=corpo-texto\">Mapas Mentais Portugu\u00eas para <\/a><a href=\"https:\/\/www.novaconcursos.com.br\/mapa-mental\/portugues-ibge\">I<\/a><a href=\"https:\/\/www.novaconcursos.com.br\/mapa-mental\/portugues-ibge?promo_creative=Mapas+Mentais+Portugu%C3%AAs+para+IBGE&amp;promo_name=noticia&amp;promo_id=%2Fportal%2Fnoticias%2Fconcurso-ibge-2022-inscricoes-abertas&amp;promo_position=corpo-texto\">BGE<\/a><\/li>\n<\/ul><p><\/p>\n\n\n\n<p>Estude para o concurso dos seus sonhos com o\u00a0<strong>M\u00e9todo<\/strong>\u00a0que j<strong>\u00e1 aprovou mais de 70 mil alunos!<\/strong>\u00a0<a rel=\"noreferrer noopener\" aria-label=\" (abre numa nova aba)\" href=\"https:\/\/aprovacao.novaconcursos.com.br\/assinatura\" target=\"_blank\">Clique aqui<\/a>\u00a0e saiba mais!<\/p>\n\n\n\n<h2 class=\"wp-block-heading\" id=\"concurso-ibge-entenda-o-que-mudou\">Concurso IBGE: entenda o que mudou!<\/h2>\n\n\n\n<p>Sendo assim, os interessados em trabalhar no <strong>Censo Demogr\u00e1fico<\/strong> do IBGE n\u00e3o vai mais precisar ser contratado por meio de\u00a0<a href=\"https:\/\/www.novaconcursos.com.br\/portal\/concursos-previstos\/nacional\">concurso<\/a>\u00a0ou processo seletivo.<\/p>\n\n\n\n<p>Isso porque o Poder Executivo editou a<strong> Medida Provis\u00f3ria 1141\/22<\/strong>, que estabelece regras especiais para a contrata\u00e7\u00e3o de pessoal tempor\u00e1rio. <\/p>\n\n\n\n<p>De acordo com o texto, a contrata\u00e7\u00e3o dispensar\u00e1 a realiza\u00e7\u00e3o de processo seletivo e poder\u00e1 incluir aposentados do servi\u00e7o p\u00fablico da Uni\u00e3o, estados, Distrito Federal e munic\u00edpios. <\/p>\n\n\n\n<p>Estes disputar\u00e3o as vagas e exercer\u00e3o atividades nas mesmas condi\u00e7\u00f5es dos demais concorrentes ou contratados.<\/p>\n\n\n\n<p>A edi\u00e7\u00e3o da MP foi um pedido do Instituto Brasileiro de Geografia e Estat\u00edstica (IBGE) e visa refor\u00e7ar as equipes de recenseadores em todo o Pa\u00eds e finalizar a coleta de dados. <\/p>\n\n\n\n<p>No in\u00edcio de novembro havia <strong>90,5 mil recenseadores em a\u00e7\u00e3o<\/strong>, n\u00famero que representa apenas 49,5% do total de vagas dispon\u00edveis.<\/p>\n\n\n\n<p>\u00daltimo balan\u00e7o at\u00e9 ent\u00e3o divulgado em<strong> 1\u00ba de novembro<\/strong> mostrava a contagem de 136 milh\u00f5es de brasileiros, o que correspondia a cerca de 63% da popula\u00e7\u00e3o estimada de 215 milh\u00f5es de pessoas.<\/p>\n\n\n\n<p>A m\u00e9dia nacional de <strong>recusa <\/strong>para responder aos recenseadores estava em cerca de 2,33% dos domic\u00edlios.<\/p>\n\n\n\n<h3 class=\"wp-block-heading\">Censo adiado<\/h3>\n\n\n\n<p>Programado originalmente para 2020, o Censo foi adiado pela primeira vez em raz\u00e3o da pandemia de Covid-19. Em 2021 foi adiado novamente ap\u00f3s cortes no or\u00e7amento federal. <\/p>\n\n\n\n<p>Ademais, a <a href=\"https:\/\/www2.camara.gov.br\/legin\/fed\/lei\/1991\/lei-8184-10-maio-1991-363873-norma-pl.html\" target=\"_blank\" rel=\"noopener\">Lei 8.184\/91<\/a> determina que o recenseamento da popula\u00e7\u00e3o deve ocorrer a cada dez anos \u2013 o \u00faltimo aconteceu em 2010.<\/p>\n\n\n\n<p>Assim, a coleta nacional permite obter dados socioecon\u00f4micos da popula\u00e7\u00e3o, como distribui\u00e7\u00e3o geogr\u00e1fica, identifica\u00e7\u00e3o \u00e9tnico-racial, taxa de fecundidade, rendimento, frequ\u00eancia escolar, tipo de moradia e acesso a servi\u00e7os como saneamento e coleta de lixo.<\/p>\n\n\n\n<h3 class=\"wp-block-heading\"><strong>Tramita\u00e7\u00e3o<\/strong><\/h3>\n\n\n\n<p>Agora, a MP 1141\/22 ser\u00e1 analisada agora no Plen\u00e1rio da <strong>C\u00e2mara\u00a0<\/strong>dos Deputados. Posteriormente, em seguida, ir\u00e1 para o <strong>Senado<\/strong>.<\/p>\n\n\n\n<p>Al\u00e9m disso, vale destacar que o IBGE divulgou ainda a seguinte <strong>nota<\/strong>:<\/p>\n\n\n\n<p><em>\u201cO Di\u00e1rio Oficial da Uni\u00e3o publica hoje (21.11.22) Medida Provis\u00f3ria (MP) 1,141 que disp\u00f5e sobre regras especiais para a contrata\u00e7\u00e3o de pessoal, por tempo determinado, visando atender a necessidade tempor\u00e1ria de excepcional interesse p\u00fablico vinculado ao Censo Demogr\u00e1fico de 2022. A MP dispensa a realiza\u00e7\u00e3o de processo seletivo e permite incluir aposentados pelos regimes pr\u00f3prios de previd\u00eancia social da Uni\u00e3o, dos Estados, do Distrito Federal ou dos Munic\u00edpios. As atividades a serem desempenhadas pelos contratados dever\u00e3o ser atividades ordin\u00e1rias pertinentes ao recenseamento. Haver\u00e1 igualdade de condi\u00e7\u00f5es na sele\u00e7\u00e3o, na contrata\u00e7\u00e3o e na execu\u00e7\u00e3o da contrata\u00e7\u00e3o entre os aposentados e os demais concorrentes ou contratados\u201d.<\/em><\/p>\n\n\n\n<figure class=\"wp-block-image size-large\"><a href=\"https:\/\/aprovacao.novaconcursos.com.br\/assinatura\" target=\"_blank\" rel=\"noreferrer noopener\"><img decoding=\"async\" src=\"https:\/\/www.novaconcursos.com.br\/portal\/wp-content\/uploads\/2022\/01\/Faixa-Frete-Gr%E2%80%A0tis-portal.png\" alt=\"assinatura completa\" class=\"wp-image-153078\" loading=\"lazy\" title=\"\"><\/a><figcaption><\/figcaption><\/figure>","protected":false},"excerpt":{"rendered":"<p>O Poder Executivo editou a Medida Provis\u00f3ria 1141\/22 e autorizou a contrata\u00e7\u00e3o de pessoal tempor\u00e1rio para trabalhar na realiza\u00e7\u00e3o do Censo Demogr\u00e1fico de 2022 sem precisar de concurso IBGE. Veja detalhes! Estude para o concurso dos seus sonhos com o\u00a0M\u00e9todo\u00a0que j\u00e1 aprovou mais de 70 mil alunos!\u00a0Clique aqui\u00a0e saiba mais! Concurso IBGE: entenda o que [&hellip;]<\/p>\n","protected":false},"author":54671,"featured_media":155869,"comment_status":"closed","ping_status":"closed","sticky":false,"template":"","format":"standard","meta":{"_acf_changed":false,"footnotes":"","_wp_rev_ctl_limit":""},"categories":[228],"tags":[],"class_list":["post-178631","post","type-post","status-publish","format-standard","has-post-thumbnail","hentry","category-noticias"],"acf":[],"_links":{"self":[{"href":"https:\/\/www.novaconcursos.com.br\/portal\/wp-json\/wp\/v2\/posts\/178631","targetHints":{"allow":["GET"]}}],"collection":[{"href":"https:\/\/www.novaconcursos.com.br\/portal\/wp-json\/wp\/v2\/posts"}],"about":[{"href":"https:\/\/www.novaconcursos.com.br\/portal\/wp-json\/wp\/v2\/types\/post"}],"author":[{"embeddable":true,"href":"https:\/\/www.novaconcursos.com.br\/portal\/wp-json\/wp\/v2\/users\/54671"}],"replies":[{"embeddable":true,"href":"https:\/\/www.novaconcursos.com.br\/portal\/wp-json\/wp\/v2\/comments?post=178631"}],"version-history":[{"count":7,"href":"https:\/\/www.novaconcursos.com.br\/portal\/wp-json\/wp\/v2\/posts\/178631\/revisions"}],"predecessor-version":[{"id":298800,"href":"https:\/\/www.novaconcursos.com.br\/portal\/wp-json\/wp\/v2\/posts\/178631\/revisions\/298800"}],"wp:featuredmedia":[{"embeddable":true,"href":"https:\/\/www.novaconcursos.com.br\/portal\/wp-json\/wp\/v2\/media\/155869"}],"wp:attachment":[{"href":"https:\/\/www.novaconcursos.com.br\/portal\/wp-json\/wp\/v2\/media?parent=178631"}],"wp:term":[{"taxonomy":"category","embeddable":true,"href":"https:\/\/www.novaconcursos.com.br\/portal\/wp-json\/wp\/v2\/categories?post=178631"},{"taxonomy":"post_tag","embeddable":true,"href":"https:\/\/www.novaconcursos.com.br\/portal\/wp-json\/wp\/v2\/tags?post=178631"}],"curies":[{"name":"wp","href":"https:\/\/api.w.org\/{rel}","templated":true}]}}