{"id":17924,"date":"2022-03-30T12:43:57","date_gmt":"2022-03-30T15:43:57","guid":{"rendered":"http:\/\/www.novaconcursos.com.br\/portal\/?post_type=nc-public-tender&#038;p=17924"},"modified":"2024-12-16T09:53:46","modified_gmt":"2024-12-16T12:53:46","slug":"concurso-mapa-edital-publicado","status":"publish","type":"post","link":"https:\/\/www.novaconcursos.com.br\/portal\/concursos\/concurso-mapa-edital-publicado\/","title":{"rendered":"Concurso MAPA: Edital publicado. Sal\u00e1rio de R$ 8,3 mil!"},"content":{"rendered":"<p>Boas not\u00edcias para os concurseiros! Foi publicado o edital do novo <strong>concurso MAPA<\/strong> (Minist\u00e9rio da Agricultura, Pecu\u00e1ria e Abastecimento) com a oferta de <strong>360 oportunidades tempor\u00e1rias<\/strong>, entre imediatas e para cadastro reserva.<\/p>\n<p>Al\u00e9m disso, as inscri\u00e7\u00f5es se iniciam hoje,<strong> 30 de mar\u00e7o<\/strong>, e as provas acontecer\u00e3o <strong>no m\u00eas de junho<\/strong>. Portanto, se voc\u00ea se interessa pela sele\u00e7\u00e3o, confira a seguir <strong>todos os detalhes!<\/strong><\/p>\n<ul><li><a class=\"_ps2id\" href=\"#inscri%C3%A7%C3%B5es-concurso\" data-ps2id-offset=\"\">Inscri\u00e7\u00f5es<\/a>\n<ul><li><a class=\"_ps2id\" href=\"#isen%C3%A7%C3%A3o-taxa\" data-ps2id-offset=\"\">Isen\u00e7\u00e3o de taxa<\/a><\/li>\n<\/ul><\/li>\n<li><a class=\"_ps2id\" href=\"#vagas-cargos\" data-ps2id-offset=\"\">Vagas, cargos e sal\u00e1rios<\/a><\/li>\n<li><a class=\"_ps2id\" href=\"#requistos-b%C3%A1sicos\" data-ps2id-offset=\"\">Requisitos<\/a><\/li>\n<li><a class=\"_ps2id\" href=\"#provas-concurso\" data-ps2id-offset=\"\">Provas<\/a><\/li>\n<\/ul><p>\u00a0<\/p>\n<h2 id=\"ps2id-idinscriesconcurso-targetconcurso-mapa-inscries\">[ps2id id=\u2019inscri\u00e7\u00f5es-concurso\u2019 target=\u201d\/]Concurso MAPA: inscri\u00e7\u00f5es<\/h2>\n<p>Sendo assim, \u00e9 importante que os concurseiros interessados no novo concurso MAPA saibam que as inscri\u00e7\u00f5es se iniciam nesta quarta-feira, <strong>30 de mar\u00e7o, a partir das 14h<\/strong>, e poder\u00e3o ser realizadas at\u00e9 o dia <strong>02 de maio<\/strong> por meio do site da <strong>banca organizadora<\/strong> do certame, o <a href=\"https:\/\/idib.org.br\/concursos\/?status=inscricoes_abertas\" target=\"_blank\" rel=\"noopener noreferrer\">IDIB<\/a> (Instituto de Desenvolvimento Institucional Brasileiro).<\/p>\n<p>Al\u00e9m disso, para efetivar a participa\u00e7\u00e3o \u00e9 preciso que os candidatos efetuem o pagamento da<strong> taxa de inscri\u00e7\u00e3o<\/strong>, que possui o valor \u00fanico de <strong>R$ 44,00,<\/strong> at\u00e9 o dia <strong>03 de maio de 2022.<\/strong><\/p>\n<p>Estude para o concurso dos seus sonhos com a <a href=\"https:\/\/aprovacao.novaconcursos.com.br\/assinatura\" target=\"_blank\" rel=\"noopener noreferrer\">Assinatura Completa da Nova.<\/a> Tenha acesso a <strong>Cursos, Plataforma de Quest\u00f5es, Eventos Exclusivos<\/strong> para Assinantes e Muito Mais!<\/p>\n<h3>[ps2id id=\u2019isen\u00e7\u00e3o-taxa\u2019 target=\u201d\/]Isen\u00e7\u00e3o de taxa<\/h3>\n<p>\u00c9 igualmente essencial que os concurseiros saibam que entre os dias <strong>30 de mar\u00e7o e 1\u00ba de abril<\/strong> poder\u00e3o solicitar a <strong>isen\u00e7\u00e3o de taxa<\/strong> aqueles que se encaixam nos seguintes perfis:<\/p>\n<ul><li>candidatos que estiverem inscritos no Cadastro \u00danico para Programas Sociais do Governo Federal (Cad\u00danico);<\/li>\n<li>candidatos doadores de medula \u00f3ssea.<\/li>\n<\/ul><p>\u00a0<\/p>\n<h2 id=\"ps2id-idvagascargos-targetvagas-cargos-e-salrios\">[ps2id id=\u2019vagas-cargos\u2019 target=\u201d\/]Vagas, cargos e sal\u00e1rios<\/h2>\n<p>Portanto, o novo <a href=\"https:\/\/www.novaconcursos.com.br\/portal\/concursos-abertos\/nacional\/\">concurso<\/a> do Minist\u00e9rio da Agricultura, Pecu\u00e1ria e Abastecimento oferta <strong>360 oportunidades tempor\u00e1rias<\/strong>, sendo 60 delas <strong>imediatas<\/strong> e 300 voltadas para a forma\u00e7\u00e3o de um <strong>cadastro reserva<\/strong> que poder\u00e1 ser convocado durante todo o per\u00edodo de validade do concurso.<\/p>\n<p>Al\u00e9m disso, as vagas s\u00e3o destinadas ao cargo de <strong>Tecnologia da Informa\u00e7\u00e3o e Comunica\u00e7\u00e3o<\/strong>, que possui diversas especialidades. Sendo assim, confira a <strong>distribui\u00e7\u00e3o<\/strong> das oportunidades imediatas entre as carreiras contempladas:<\/p>\n<ul><li>Analista de Dados \u2013 9<\/li>\n<li>Especialista em Governan\u00e7a de Dados \u2013 2<\/li>\n<li>Analista em Business Intelligence \u2013 5<\/li>\n<li>Cientista de Dados \u2013 2<\/li>\n<li>Especialista em Big Data \u2013 2<\/li>\n<li>Engenheiro de IA \u2013 2<\/li>\n<li>Analista em Interoperabilidade \u2013 9<\/li>\n<li>Arquiteto em Solu\u00e7\u00f5es \u2013 3<\/li>\n<li>Analista de Processo \u2013 1<\/li>\n<li>Analista de Infraestrutura de TIC \u2013 6<\/li>\n<li>Especialista em DevOps \u2013 2<\/li>\n<li>Analista de Neg\u00f3cios (Gerente de Projetos de Solu\u00e7\u00f5es de TIC) \u2013 14<\/li>\n<li>Analista de Seguran\u00e7a da Informa\u00e7\u00e3o \u2013 3<\/li>\n<\/ul><p>\u00a0<\/p>\n<p>Ademais, os aprovados no concurso p\u00fablico contar\u00e3o com <strong>sal\u00e1rios<\/strong> no valor de<strong> R$ 8.300,00<\/strong> para as jornadas de trabalho de <strong>40 horas semanais.<\/strong><\/p>\n<p>\u00c9 igualmente importante mencionar que para concorrer a uma das carreiras \u00e9 necess\u00e1rio possuir o <strong>n\u00edvel superior na \u00e1rea de Inform\u00e1tica\/Computa\u00e7\u00e3o,<\/strong> ou gradua\u00e7\u00e3o em qualquer \u00e1rea de forma\u00e7\u00e3o com p\u00f3s-gradua\u00e7\u00e3o em Inform\u00e1tica\/Computa\u00e7\u00e3o.<\/p>\n<h2 id=\"ps2id-idrequisitosbsicos-targetquais-so-os-requisitos-bsicos\">[ps2id id=\u2019requisitos-b\u00e1sicos\u2019 target=\u201d\/]Quais s\u00e3o os requisitos b\u00e1sicos?<\/h2>\n<p>Nesse sentido, tamb\u00e9m \u00e9 de suma import\u00e2ncia que os candidatos do concurso MAPA saibam que para a <strong>investidura nos cargos<\/strong> \u00e9 necess\u00e1rio que cumpram com os seguintes <strong>requisitos b\u00e1sicos:<\/strong><\/p>\n<ul><li>ser brasileiro nato, naturalizado ou estrangeiro, na forma da lei;<\/li>\n<li>ter idade m\u00ednima de 18 (dezoito) anos completos;<\/li>\n<li>estar quite com o servi\u00e7o militar, exceto para os candidatos do sexo feminino, e com a Justi\u00e7a Eleitoral, para todos os candidatos;<\/li>\n<li>n\u00e3o ter sido contratado ou mantido v\u00ednculo com fundamento na Lei n\u00ba 8.745, de 1993, e suas altera\u00e7\u00f5es, nos \u00faltimos 24 (vinte e quatro) meses;<\/li>\n<li>firmar declara\u00e7\u00e3o de n\u00e3o estar cumprindo nem ter sofrido, no exerc\u00edcio da fun\u00e7\u00e3o p\u00fablica, penalidade por pr\u00e1tica de improbidade administrativa, aplicada por qualquer \u00f3rg\u00e3o p\u00fablico ou entidade da esfera federal, estadual ou municipal;<\/li>\n<li>apresentar declara\u00e7\u00e3o quanto ao exerc\u00edcio de outro(s) cargo(s), emprego(s) ou fun\u00e7\u00e3o(\u00f5es) p\u00fablica(s) e sobre recebimento de proventos decorrentes de aposentadoria e\/ou pens\u00e3o;<\/li>\n<li>firmar declara\u00e7\u00e3o de n\u00e3o estar cumprindo san\u00e7\u00e3o por inidoneidade, aplicada por qualquer \u00f3rg\u00e3o p\u00fablico ou entidade da esfera federal, estadual ou municipal;<\/li>\n<li>apresentar declara\u00e7\u00e3o de bens e valores que constituam patrim\u00f4nio;<\/li>\n<li>ser considerado apto no exame admissional a ser realizado pelo Minist\u00e9rio da Agricultura, Pecu\u00e1ria e Abastecimento, mediante apresenta\u00e7\u00e3o dos laudos, exames e declara\u00e7\u00e3o de sa\u00fade que forem por ele exigidos;<\/li>\n<li>n\u00e3o participar de ger\u00eancia ou administra\u00e7\u00e3o de sociedade privada, personificada ou n\u00e3o personificada, exercer o com\u00e9rcio, exceto na qualidade de acionista, cotista ou comandit\u00e1rio, nos termos do inciso X do art. 117 da Lei n\u00ba 8.112, de 11 de dezembro de 1990, com nova reda\u00e7\u00e3o dada pela Lei n\u00ba 11.784, de 22 de setembro de 2008.<\/li>\n<li>Apresentar experi\u00eancia profissional superior a 5 (cinco) anos em fun\u00e7\u00f5es de Tecnologia da Informa\u00e7\u00e3o; ou possuir t\u00edtulo de mestrado ou doutorado na \u00e1rea.<\/li>\n<\/ul><p>\u00a0<\/p>\n<h2 id=\"ps2id-idprovasconcurso-targetconcurso-mapa-como-sero-as-prov\">[ps2id id=\u2019provas-concurso\u2019 target=\u201d\/]Concurso MAPA: como ser\u00e3o as provas?<\/h2>\n<p>Por fim, \u00e9 imprescind\u00edvel que os candidatos do <a href=\"https:\/\/www.novaconcursos.com.br\/portal\/concursos-previstos\/nacional\/\">concurso<\/a> MAPA saibam que ser\u00e3o avaliados por meio de apenas <strong>duas etapas avaliativas,<\/strong> sendo elas de <strong>Prova Objetiva e Avalia\u00e7\u00e3o de T\u00edtulos.<\/strong><\/p>\n<p>Al\u00e9m disso, vale destacar que a aplica\u00e7\u00e3o das provas objetivas j\u00e1 est\u00e1 prevista para ocorrer <strong>no dia 05 de junho de 2022<\/strong>, em Bras\u00edlia-DF, quando os inscritos na sele\u00e7\u00e3o dever\u00e3o responder a <strong>60 quest\u00f5es<\/strong> acerca das disciplinas a seguir:<\/p>\n<ul><li>L\u00edngua Portuguesa \u2013 15;<\/li>\n<li>L\u00edngua Inglesa \u2013 05;<\/li>\n<li>Racioc\u00ednio L\u00f3gico \u2013 10;<\/li>\n<li>Conhecimentos Espec\u00edficos \u2013 30.<\/li>\n<\/ul><p>\u00a0<\/p>\n<p>Ademais, para ser considerado como aprovado nessa etapa, \u00e9 preciso que o candidato obtenha, <strong>no m\u00ednimo, 50% de acertos<\/strong> do total de pontos da prova, al\u00e9m de <strong>n\u00e3o zerar<\/strong> nenhuma disciplina.<\/p>\n<p>\u00c9 igualmente essencial que os concurseiros saibam que ser\u00e3o<strong> automaticamente eliminados<\/strong> do concurso p\u00fablico aqueles que:<\/p>\n<ul><li>apresentar-se ap\u00f3s o fechamento dos port\u00f5es ou fora dos locais predeterminados;<\/li>\n<li>n\u00e3o apresentar o documento de identidade pessoal exigido no subitem 11.7 deste Edital;<\/li>\n<li>n\u00e3o comparecer \u00e0 prova, seja qual for o motivo alegado;<\/li>\n<li>ausentar-se da sala de prova sem o acompanhamento do fiscal;<\/li>\n<li>for surpreendido em comunica\u00e7\u00e3o com outro candidato ou terceiros, verbalmente, por escrito ou por qualquer outro meio de comunica\u00e7\u00e3o, sobre a prova que estiver sendo realizada, ou estiver utilizando livros, notas, impressos n\u00e3o permitidos e\/ou calculadoras;<\/li>\n<li>estiver portando, durante as provas, qualquer tipo de equipamento eletr\u00f4nico de comunica\u00e7\u00e3o;<\/li>\n<li>lan\u00e7ar m\u00e3o de meios il\u00edcitos para executar as provas, seja qual for;<\/li>\n<li>n\u00e3o devolver a Folha de Respostas;<\/li>\n<li>perturbar, de qualquer modo, a ordem dos trabalhos ou ser descort\u00eas com qualquer dos examinadores, executores e seus auxiliares ou autoridades presentes;<\/li>\n<li>comparecer sem m\u00e1scara ou recusar-se a utiliz\u00e1-la, ou, ainda, desrespeitar as regras relativas \u00e0 preven\u00e7\u00e3o do cont\u00e1gio por COVID-19;<\/li>\n<li>entre outros.<\/li>\n<\/ul><p>\u00a0<\/p>\n<p>Por outro lado, para a etapa de <strong>Avalia\u00e7\u00e3o de T\u00edtulos<\/strong> ser\u00e3o aceitos os seguintes <strong>documentos:<\/strong><\/p>\n<p><a href=\"https:\/\/www.novaconcursos.com.br\/portal\/wp-content\/uploads\/2022\/02\/prova-de-t%C3%ADtulos-concurso-mapa.png\"><img decoding=\"async\" class=\"alignnone wp-image-158453 size-full\" src=\"https:\/\/www.novaconcursos.com.br\/portal\/wp-content\/uploads\/2022\/02\/prova-de-t%C3%ADtulos-concurso-mapa.png\" alt=\"\" width=\"1189\" height=\"316\" loading=\"lazy\" title=\"\" srcset=\"https:\/\/www.novaconcursos.com.br\/portal\/wp-content\/uploads\/2022\/02\/prova-de-t\u00edtulos-concurso-mapa-300x80.png 300w, https:\/\/www.novaconcursos.com.br\/portal\/wp-content\/uploads\/2022\/02\/prova-de-t\u00edtulos-concurso-mapa-1024x272.png 1024w, https:\/\/www.novaconcursos.com.br\/portal\/wp-content\/uploads\/2022\/02\/prova-de-t\u00edtulos-concurso-mapa.png 1189w\" sizes=\"auto, (max-width: 480px) 100vw, (max-width: 768px) 100vw, (max-width: 1200px) 70vw, 768px\"><\/a><\/p>\n<p>\u00a0<\/p>","protected":false},"excerpt":{"rendered":"<p>Boas not\u00edcias para os concurseiros! Foi publicado o edital do novo concurso MAPA (Minist\u00e9rio da Agricultura, Pecu\u00e1ria e Abastecimento) com a oferta de 360 oportunidades tempor\u00e1rias, entre imediatas e para cadastro reserva.<br \/>\nAl\u00e9m disso, as inscri\u00e7\u00f5es se iniciam hoje, 30 de mar\u00e7o, e as provas acontecer\u00e3o no m\u00eas de junho. Portanto, se voc\u00ea se interessa pela sele\u00e7\u00e3o, confira a seguir todos os detalhes!<\/p>\n","protected":false},"author":16,"featured_media":155652,"comment_status":"closed","ping_status":"open","sticky":false,"template":"","format":"standard","meta":{"_acf_changed":false,"footnotes":"","_wp_rev_ctl_limit":""},"categories":[44999],"tags":[],"class_list":["post-17924","post","type-post","status-publish","format-standard","has-post-thumbnail","hentry","category-concursos"],"acf":[],"_links":{"self":[{"href":"https:\/\/www.novaconcursos.com.br\/portal\/wp-json\/wp\/v2\/posts\/17924","targetHints":{"allow":["GET"]}}],"collection":[{"href":"https:\/\/www.novaconcursos.com.br\/portal\/wp-json\/wp\/v2\/posts"}],"about":[{"href":"https:\/\/www.novaconcursos.com.br\/portal\/wp-json\/wp\/v2\/types\/post"}],"author":[{"embeddable":true,"href":"https:\/\/www.novaconcursos.com.br\/portal\/wp-json\/wp\/v2\/users\/16"}],"replies":[{"embeddable":true,"href":"https:\/\/www.novaconcursos.com.br\/portal\/wp-json\/wp\/v2\/comments?post=17924"}],"version-history":[{"count":17,"href":"https:\/\/www.novaconcursos.com.br\/portal\/wp-json\/wp\/v2\/posts\/17924\/revisions"}],"predecessor-version":[{"id":158488,"href":"https:\/\/www.novaconcursos.com.br\/portal\/wp-json\/wp\/v2\/posts\/17924\/revisions\/158488"}],"wp:featuredmedia":[{"embeddable":true,"href":"https:\/\/www.novaconcursos.com.br\/portal\/wp-json\/wp\/v2\/media\/155652"}],"wp:attachment":[{"href":"https:\/\/www.novaconcursos.com.br\/portal\/wp-json\/wp\/v2\/media?parent=17924"}],"wp:term":[{"taxonomy":"category","embeddable":true,"href":"https:\/\/www.novaconcursos.com.br\/portal\/wp-json\/wp\/v2\/categories?post=17924"},{"taxonomy":"post_tag","embeddable":true,"href":"https:\/\/www.novaconcursos.com.br\/portal\/wp-json\/wp\/v2\/tags?post=17924"}],"curies":[{"name":"wp","href":"https:\/\/api.w.org\/{rel}","templated":true}]}}