{"id":179760,"date":"2022-12-06T10:28:46","date_gmt":"2022-12-06T13:28:46","guid":{"rendered":"https:\/\/www.novaconcursos.com.br\/portal\/?p=179760"},"modified":"2025-12-03T10:21:25","modified_gmt":"2025-12-03T13:21:25","slug":"concurso-detran-df-ibfc-divulga-o-horario-e-orientacoes-para-a-prova","status":"publish","type":"post","link":"https:\/\/www.novaconcursos.com.br\/portal\/noticias\/concurso-detran-df-ibfc-divulga-o-horario-e-orientacoes-para-a-prova\/","title":{"rendered":"Concurso Detran DF: IBFC divulga o hor\u00e1rio e orienta\u00e7\u00f5es para a prova!"},"content":{"rendered":"<p>As provas objetivas do <a href=\"https:\/\/www.novaconcursos.com.br\/portal\/concursos\/concurso-detran-df\/\" data-type=\"link\" data-id=\"https:\/\/www.novaconcursos.com.br\/portal\/concursos\/concurso-detran-df\/\">concurso Detran DF<\/a>\u00a0est\u00e3o se\u00a0<strong>aproximando<\/strong>; por isso, confira hor\u00e1rios e orienta\u00e7\u00f5es para a aplica\u00e7\u00e3o! A oferta \u00e9 de\u00a0<strong>366 vagas<\/strong> para as carreiras de T\u00e9cnico e Analista.<\/p>\n\n\n\n<p>Estude para o concurso dos seus sonhos com o<strong>\u00a0M\u00e9todo<\/strong>\u00a0que j\u00e1 ajudou na\u00a0<strong>aprova\u00e7\u00e3o de mais de 70 mil alunos!\u00a0<\/strong><a href=\"https:\/\/aprovacao.novaconcursos.com.br\/assinatura\">Clique aqui<\/a>\u00a0e saiba mais!<\/p>\n\n\n\n<h2 class=\"wp-block-heading\" id=\"concurso-detran-df-detalhes-das-avaliaes-objetivas\">Concurso Detran DF: detalhes das avalia\u00e7\u00f5es objetivas<\/h2>\n\n\n\n<p>Sendo assim, as provas do concurso do Departamento de Tr\u00e2nsito do Distrito Federal\u00a0ser\u00e3o aplicadas no pr\u00f3ximo domingo, <strong>11 de novembro!<\/strong><\/p>\n\n\n\n<p><\/p>\n\n\n\n<p>Portanto, \u00e9 importante que o concurseiro inscrito saiba detalhes das avali\u00e7\u00f5es, como <strong>hor\u00e1rios, o que ser\u00e1 cobrado e orienta\u00e7\u00f5es. <\/strong><\/p>\n\n\n\n<h3 class=\"wp-block-heading\">Hor\u00e1rios<\/h3>\n\n\n\n<p>De acordo com o documento, as provas de <strong>Analista <\/strong>ser\u00e3o aplicadas pela manh\u00e3, com <strong>4h30 de dura\u00e7\u00e3o.<\/strong> <\/p>\n\n\n\n<p>Enquanto isso, o <strong>T\u00e9cnico <\/strong>far\u00e1 a avalia\u00e7\u00e3o \u00e0 tarde e ter\u00e1<strong> 4 horas<\/strong> para responder as quest\u00f5es. Sendo assim, veja a distribui\u00e7\u00e3o:<\/p>\n\n\n\n<ul class=\"wp-block-list\"><li><strong>Analista<\/strong>\n<ul class=\"wp-block-list\"><li>Hor\u00e1rio de Abertura dos Port\u00f5es: 7h30<\/li>\n\n\n\n<li>Hor\u00e1rio de Fechamento dos Port\u00f5es: 8h15<\/li>\n\n\n\n<li>In\u00edcio Previsto das Provas: 8h30 <\/li>\n<\/ul><\/li>\n\n\n\n<li><strong>T\u00e9cnico<\/strong>\n<ul class=\"wp-block-list\"><li>Hor\u00e1rio de Abertura dos Port\u00f5es: 14h<\/li>\n\n\n\n<li>Hor\u00e1rio de Fechamento dos Port\u00f5es: 14h45<\/li>\n\n\n\n<li>In\u00edcio Previsto das Provas: 15h <\/li>\n<\/ul><\/li>\n<\/ul><p><\/p>\n\n\n\n<h3 class=\"wp-block-heading\">Orienta\u00e7\u00f5es<\/h3>\n\n\n\n<ul class=\"wp-block-list\"><li>Os candidatos dever\u00e3o comparecer aos locais de prova 60 minutos antes do fechamento dos port\u00f5es para realiza\u00e7\u00e3o das provas, munidos de documento de identidade com foto, de caneta esferogr\u00e1fica de tinta azul ou preta e cart\u00e3o de convoca\u00e7\u00e3o para as provas <\/li>\n\n\n\n<li>Somente ser\u00e1 permitido ao candidato se retirar definitivamente da sala de provas ap\u00f3s transcorrido o tempo de 2 horas de seu in\u00edcio, mediante a entrega obrigat\u00f3ria da sua Folha de Respostas e do seu Caderno de Quest\u00f5es devidamente preenchidos e assinados, ao fiscal <\/li>\n\n\n\n<li>O candidato poder\u00e1 levar seu Caderno de Quest\u00f5es somente ap\u00f3s transcorrido o tempo de 3 de seu in\u00edcio. Em hip\u00f3tese alguma o candidato poder\u00e1 levar o Caderno de Quest\u00f5es antes do hor\u00e1rio permitido <\/li>\n\n\n\n<li> A SEPLAD\/DF e o IBFC recomendam que o candidato N\u00c3O LEVE celulares\/aparelhos eletr\u00f4nicos e nenhum dos objetos citados no item 10.14 do Edital 01\/2022 <\/li>\n\n\n\n<li> Fica recomendado ao candidato, ainda que n\u00e3o seja obrigat\u00f3rio no dia de realiza\u00e7\u00e3o das provas, o uso de m\u00e1scara individual, cir\u00fargica ou de tecido, de prote\u00e7\u00e3o de nariz e boca <\/li>\n\n\n\n<li>Os candidatos surdos que tiveram atendimento especial deferido para L\u00edngua Brasileira de Sinais (Libras), ter\u00e3o sua prova realizada por meio de videoprova, nos termos da Lei n\u00ba 7.181, de 1\u00ba de dezembro de 2022 <\/li>\n<\/ul><p><\/p>\n\n\n\n<h3 class=\"wp-block-heading\">Como ser\u00e3o?<\/h3>\n\n\n\n<p>Assim, a objetiva ser\u00e1 composta de\u00a0<strong>60 quest\u00f5es<\/strong>\u00a0de m\u00faltipla escolha. Portanto, veja as disciplinas cobradas:<\/p>\n\n\n\n<ul class=\"wp-block-list\"><li><strong>Conhecimentos B\u00e1sicos:<\/strong>\n<ul class=\"wp-block-list\"><li>L\u00edngua Portuguesa \u2013 10<\/li>\n\n\n\n<li>No\u00e7\u00f5es de Inform\u00e1tica \u2013 5<\/li>\n\n\n\n<li>Conhecimentos sobre o Distrito Federal \u2013 5<\/li>\n\n\n\n<li>Legisla\u00e7\u00e3o Geral \u2013 10<\/li>\n<\/ul><\/li>\n\n\n\n<li><strong>Conhecimentos Espec\u00edficos:<\/strong>\n<ul class=\"wp-block-list\"><li>Conhecimentos Espec\u00edficos \u2013 30<\/li>\n<\/ul><\/li>\n<\/ul><p><\/p>\n\n\n\n<p>Posteriormente, a objetiva ser\u00e1 avaliada na escala de 0 a 90 pontos e para ser aprovado o candidato dever\u00e1 obter nota igual ou superior a 45 pontos.<\/p>\n\n\n\n<h3 class=\"wp-block-heading\">Demais etapas<\/h3>\n\n\n\n<p>Al\u00e9m da prova objetiva, os inscritos na sele\u00e7\u00e3o ainda ser\u00e3o avaliados por meio de<strong> outras tr\u00eas etapas<\/strong>. Portanto, veja:<\/p>\n\n\n\n<ul class=\"wp-block-list\"><li>Prova Discursiva;<\/li>\n\n\n\n<li>Avalia\u00e7\u00e3o Biopsicossocial (candidatos que se declararem com Defici\u00eancia);<\/li>\n\n\n\n<li>Procedimento de Heteroidentifica\u00e7\u00e3o (candidatos Negros).<\/li>\n<\/ul><p><\/p>\n\n\n\n<h2 class=\"wp-block-heading\" id=\"concurso-detran-df-vagas-e-salrios-ofertados\">Concurso Detran DF: Vagas e sal\u00e1rios ofertados<\/h2>\n\n\n\n<p>Assim, est\u00e3o sendo oferecidas 366 vagas, divididas entre imediatas e cadastro reserva, para as seguintes especialidades:<\/p>\n\n\n\n<ul class=\"wp-block-list\"><li><strong>T\u00e9cnico em Atividades de Tr\u00e2nsito:<\/strong>\u00a0240 vagas;<\/li>\n\n\n\n<li><strong>Analista em Atividades de Tr\u00e2nsito:<\/strong>\u00a0126 vagas.<\/li>\n<\/ul><p><\/p>\n\n\n\n<p>S\u00e3o 183 s\u00e3o para ampla concorr\u00eancia (63 vagas imediatas e 120 CR), 73 para pessoas com defici\u00eancia (23 + 50 CR), 73 para os negros (25 + 48 CR) e 37 para hipossuficientes (12 + 25 CR).<\/p>\n\n\n\n<p>Al\u00e9m disso os aprovados ser\u00e3o remunerados com os seguintes\u00a0<strong>sal\u00e1rios iniciais:<\/strong>\u00a0<strong>T\u00e9cnico:\u00a0<\/strong>R$ 4.650,00 e\u00a0<strong>Analista:<\/strong>\u00a0R$ 6.437,50.<\/p>\n\n\n\n<p>Posteriormente, ao final da carreira esses valores podem chegar at\u00e9\u00a0<strong>R$ 8.735,83<\/strong>, para carga hor\u00e1ria semanal de 40 horas.<\/p>\n\n\n\n<h3 class=\"wp-block-heading\">Requisitos b\u00e1sicos<\/h3>\n\n\n\n<ul class=\"wp-block-list\"><li><strong>T\u00e9cnico<\/strong>\n<ul class=\"wp-block-list\"><li>Certificado, devidamente registrado, de conclus\u00e3o de curso de n\u00edvel m\u00e9dio ou equivalente, expedido por institui\u00e7\u00e3o de ensino reconhecida pelo Minist\u00e9rio da Educa\u00e7\u00e3o.<\/li>\n<\/ul><\/li>\n\n\n\n<li><strong>Analista<\/strong>\n<ul class=\"wp-block-list\"><li>Diploma, devidamente registrado em qualquer \u00e1rea de n\u00edvel superior, reconhecido pelo Minist\u00e9rio da Educa\u00e7\u00e3o.<\/li>\n<\/ul><\/li>\n<\/ul><p><\/p>\n\n\n\n<figure class=\"wp-block-image size-large\"><a href=\"https:\/\/aprovacao.novaconcursos.com.br\/assinatura\" target=\"_blank\" rel=\"noreferrer noopener\"><img decoding=\"async\" src=\"https:\/\/www.novaconcursos.com.br\/portal\/wp-content\/uploads\/2022\/01\/Faixa-Frete-Gr%E2%80%A0tis-portal.png\" alt=\"assinatura completa\" class=\"wp-image-153078\" loading=\"lazy\" title=\"\"><\/a><figcaption><\/figcaption><\/figure>","protected":false},"excerpt":{"rendered":"<p>As provas objetivas do concurso Detran DF\u00a0est\u00e3o se\u00a0aproximando; por isso, confira hor\u00e1rios e orienta\u00e7\u00f5es para a aplica\u00e7\u00e3o! A oferta \u00e9 de\u00a0366 vagas para as carreiras de T\u00e9cnico e Analista. Estude para o concurso dos seus sonhos com o\u00a0M\u00e9todo\u00a0que j\u00e1 ajudou na\u00a0aprova\u00e7\u00e3o de mais de 70 mil alunos!\u00a0Clique aqui\u00a0e saiba mais! Concurso Detran DF: detalhes das [&hellip;]<\/p>\n","protected":false},"author":54671,"featured_media":155915,"comment_status":"closed","ping_status":"closed","sticky":false,"template":"","format":"standard","meta":{"_acf_changed":false,"footnotes":"","_wp_rev_ctl_limit":""},"categories":[228],"tags":[],"class_list":["post-179760","post","type-post","status-publish","format-standard","has-post-thumbnail","hentry","category-noticias"],"acf":[],"_links":{"self":[{"href":"https:\/\/www.novaconcursos.com.br\/portal\/wp-json\/wp\/v2\/posts\/179760","targetHints":{"allow":["GET"]}}],"collection":[{"href":"https:\/\/www.novaconcursos.com.br\/portal\/wp-json\/wp\/v2\/posts"}],"about":[{"href":"https:\/\/www.novaconcursos.com.br\/portal\/wp-json\/wp\/v2\/types\/post"}],"author":[{"embeddable":true,"href":"https:\/\/www.novaconcursos.com.br\/portal\/wp-json\/wp\/v2\/users\/54671"}],"replies":[{"embeddable":true,"href":"https:\/\/www.novaconcursos.com.br\/portal\/wp-json\/wp\/v2\/comments?post=179760"}],"version-history":[{"count":10,"href":"https:\/\/www.novaconcursos.com.br\/portal\/wp-json\/wp\/v2\/posts\/179760\/revisions"}],"predecessor-version":[{"id":298241,"href":"https:\/\/www.novaconcursos.com.br\/portal\/wp-json\/wp\/v2\/posts\/179760\/revisions\/298241"}],"wp:featuredmedia":[{"embeddable":true,"href":"https:\/\/www.novaconcursos.com.br\/portal\/wp-json\/wp\/v2\/media\/155915"}],"wp:attachment":[{"href":"https:\/\/www.novaconcursos.com.br\/portal\/wp-json\/wp\/v2\/media?parent=179760"}],"wp:term":[{"taxonomy":"category","embeddable":true,"href":"https:\/\/www.novaconcursos.com.br\/portal\/wp-json\/wp\/v2\/categories?post=179760"},{"taxonomy":"post_tag","embeddable":true,"href":"https:\/\/www.novaconcursos.com.br\/portal\/wp-json\/wp\/v2\/tags?post=179760"}],"curies":[{"name":"wp","href":"https:\/\/api.w.org\/{rel}","templated":true}]}}