{"id":179835,"date":"2022-12-06T13:43:32","date_gmt":"2022-12-06T16:43:32","guid":{"rendered":"https:\/\/www.novaconcursos.com.br\/portal\/?p=179835"},"modified":"2022-12-06T13:43:38","modified_gmt":"2022-12-06T16:43:38","slug":"concurso-guarda-palmas-edital-nesta-terca-06-informa-prefeita-50-vagas","status":"publish","type":"post","link":"https:\/\/www.novaconcursos.com.br\/portal\/noticias\/concurso-guarda-palmas-edital-nesta-terca-06-informa-prefeita-50-vagas\/","title":{"rendered":"Concurso Guarda de Palmas: Edital nesta ter\u00e7a (06), informa prefeita. 50 vagas!"},"content":{"rendered":"<p>Aten\u00e7\u00e3o, concurseiros! ? <\/p>\n\n\n\n<p>O edital do <a href=\"https:\/\/www.novaconcursos.com.br\/portal\/concursos\/concurso-guarda-de-palmas-to\/\">concurso Guarda de Palmas<\/a> pode ser publicado ainda hoje, ter\u00e7a-feira (06)! <\/p>\n\n\n\n<p>A informa\u00e7\u00e3o foi repassada pela <strong>prefeita<\/strong> Cinthia Ribeiro por meio das redes sociais. <\/p>\n\n\n\n<ul class=\"wp-block-list\"><li><strong>Confira: <\/strong><a rel=\"noreferrer noopener\" aria-label=\"Livro de Quest\u00f5es Comentadas Vunesp (abre numa nova aba)\" href=\"https:\/\/www.novaconcursos.com.br\/livro-impresso\/questoes-a-vunesp?q=Livro%20de%20Quest%C3%B5es%20Comentadas%20Vunesp\" target=\"_blank\">Livro de Quest\u00f5es Comentadas Vunesp<\/a><\/li><\/ul><p><\/p>\n\n\n\n<p>Veja mais detalhes a seguir!<\/p>\n\n\n\n<p>Estude para o concurso dos seus sonhos com o\u00a0<strong>M\u00e9todo<\/strong>\u00a0que j\u00e1 ajudou na\u00a0<strong>aprova\u00e7\u00e3o de mais de 70 mil alunos<\/strong>.\u00a0<a rel=\"noreferrer noopener\" target=\"_blank\" href=\"https:\/\/www.novaconcursos.com.br\/eventos\/assinatura?promo_creative=Clique+aqui&amp;promo_name=concurso&amp;promo_id=%2Fportal%2Fconcursos%2Fconcurso-uespi-edital-autorizado-160-vagas&amp;promo_position=corpo-texto\">Clique aqui<\/a>e saiba mais! <\/p>\n\n\n\n<h2 class=\"wp-block-heading\" id=\"concurso-guarda-metropolitana-de-palmas-2022-edital-nesta-te\">Concurso Guarda Metropolitana de Palmas 2022: Edital nesta ter\u00e7a!<\/h2>\n\n\n\n<p>Os interessados na <a href=\"https:\/\/www.novaconcursos.com.br\/portal\/concursos-abertos\/nacional\/\">sele\u00e7\u00e3o<\/a> da Guarda de Palmas, capital do Tocantins, podem celebrar! <\/p>\n\n\n\n<p>Ap\u00f3s comemorar a vit\u00f3ria da sele\u00e7\u00e3o brasileira contra a Coreia do Sul no jogo de ontem (05\/12), a prefeita do Munic\u00edpio, Cinthia Ribeiro, anunciou, por meio das suas redes sociais, que o edital deve ser <strong>assinado<\/strong> hoje! Confira:<\/p>\n\n\n\n<figure class=\"wp-block-image size-full\"><img decoding=\"async\" width=\"874\" height=\"223\" src=\"https:\/\/www.novaconcursos.com.br\/portal\/wp-content\/uploads\/2022\/12\/imagem_2022-12-06_125906118.png\" alt=\"\" class=\"wp-image-179837\" loading=\"lazy\" title=\"\" srcset=\"https:\/\/www.novaconcursos.com.br\/portal\/wp-content\/uploads\/2022\/12\/imagem_2022-12-06_125906118-300x77.png 300w, https:\/\/www.novaconcursos.com.br\/portal\/wp-content\/uploads\/2022\/12\/imagem_2022-12-06_125906118.png 874w\" sizes=\"auto, (max-width: 480px) 100vw, (max-width: 768px) 100vw, (max-width: 1200px) 70vw, 768px\"><figcaption><\/figcaption><\/figure><p><\/p>\n\n\n\n<p>Assim que a assinatura for efetivada, o documento estar\u00e1 pronto para ser <strong>publicado<\/strong> no Di\u00e1rio Oficial do Munic\u00edpio!<\/p>\n\n\n\n<p>Ent\u00e3o, fique atento: o edital pode sair ainda <strong>hoje<\/strong> (06\/12) ou ao longo desta semana. ? <\/p>\n\n\n\n<h2 class=\"wp-block-heading\" id=\"detalhes-sobre-o-concurso-guarda-de-palmas\">Detalhes sobre o concurso Guarda de Palmas<\/h2>\n\n\n\n<p>Agora que o <strong>edital<\/strong> est\u00e1 mais perto do que nunca, que tal recordar como ser\u00e1 a sele\u00e7\u00e3o?<\/p>\n\n\n\n<p>N\u00f3s j\u00e1 te contamos os detalhes <a href=\"https:\/\/www.novaconcursos.com.br\/portal\/noticias\/concurso-guarda-palmas-to-edital-breve-previsao-vagas\/\">aqui<\/a>, mas \u00e9 sempre bom repassar, n\u00e9?<\/p>\n\n\n\n<p>Ent\u00e3o, vamos l\u00e1!<\/p>\n\n\n\n<h3 class=\"wp-block-heading\">Vagas, cargo e sal\u00e1rio<\/h3>\n\n\n\n<p>A sele\u00e7\u00e3o ofertar\u00e1 <strong>50 vagas imediatas<\/strong> e 50 CR para Guarda Metropolitano, embora a vac\u00e2ncia atual do \u00f3rg\u00e3o seja de 412 no quadro de servidores.<\/p>\n\n\n\n<p>As <strong>oportunidades <\/strong>ser\u00e3o destinadas tanto ao sexo feminino quanto ao masculino. Mas \u00e9 preciso ter entre 18 e 45 anos, ok? <\/p>\n\n\n\n<p>Ah, e a <strong>altura <\/strong>m\u00ednima tem que ser a seguinte: 1,60 m para o sexo feminino e 1,65 m para o sexo masculino. <\/p>\n\n\n\n<p>De acordo com o Portal da Transpar\u00eancia, a carreira, que requer n\u00edvel m\u00e9dio de escolaridade, faz jus, atualmente, a\u00a0<strong>remunera\u00e7\u00e3o inicial\u00a0<\/strong>de R$ 3.440,77. <\/p>\n\n\n\n<p>Al\u00e9m disso, os servidores contam com\u00a0<strong>estabilidade<\/strong>\u00a0e possibilidade de progress\u00e3o na carreira, fora os seguintes benef\u00edcios:<\/p>\n\n\n\n<ul class=\"wp-block-list\"><li>30% de Adicional de Periculosidade<\/li><li>Adicional Noturno<\/li><li>Aux\u00edlio-Alimenta\u00e7\u00e3o<\/li><\/ul><p><\/p>\n\n\n\n<p>Tamb\u00e9m \u00e9 importante recordar que o concurso ser\u00e1 organizado pela <strong>Funda\u00e7\u00e3o Vunesp<\/strong> (Funda\u00e7\u00e3o para Vestibular da Universidade Estadual Paulista).<\/p>\n\n\n\n<p>A GCM Palmas n\u00e3o tem concurso p\u00fablico desde 2007, o que, provavelmente, permitir\u00e1 com que o <strong>cadastro reserva<\/strong> do pr\u00f3ximo certame seja aproveitado.<\/p>\n\n\n\n<p>Al\u00e9m disso, a inten\u00e7\u00e3o \u00e9 <strong>renovar <\/strong>parte do quadro efetivo do \u00f3rg\u00e3o, conforme destacou a ex-secret\u00e1ria de Seguran\u00e7a e Mobilidade Urbana, Welere Barbosa:<\/p>\n\n\n\n<p><em>\u201cMuitos dos nossos guardas j\u00e1 est\u00e3o com tempo de servi\u00e7o para aposentadoria, e, al\u00e9m de recompor o quadro, esse certame representa um fortalecimento na institui\u00e7\u00e3o, pois\u00a0possibilita a implementa\u00e7\u00e3o desse projeto de seguran\u00e7a p\u00fablica de qualidade \u00e0 servi\u00e7o da popula\u00e7\u00e3o.\u201d<\/em><\/p>\n\n\n\n<h3 class=\"wp-block-heading\">Como ser\u00e3o as provas?<\/h3>\n\n\n\n<p>Os candidatos a uma das vagas de Guarda Metropolitano ser\u00e3o <strong>avaliados<\/strong> por meio das seguintes etapas: <\/p>\n\n\n\n<ul class=\"wp-block-list\"><li>Prova Objetiva<\/li><li>Exame F\u00edsico<\/li><li>Avalia\u00e7\u00e3o Psicol\u00f3gica<\/li><li>Avalia\u00e7\u00e3o M\u00e9dica<\/li><li>An\u00e1lise de Idoneidade Moral\u00a0<\/li><li>Curso de Forma\u00e7\u00e3o (carga hor\u00e1ria prevista: 728 horas-aula)<\/li><\/ul><p><\/p>\n\n\n\n<p>Se voc\u00ea ainda n\u00e3o iniciou sua <strong>prepara\u00e7\u00e3o<\/strong>, n\u00e3o precisa se desesperar! <\/p>\n\n\n\n<p>A gente tem um mont\u00e3o de aulas preparadas para voc\u00ea gabaritar as provas organizadas pela banca respons\u00e1vel pelo concurso da GCM Palmas! \u00c9 s\u00f3 conferir no nosso <a href=\"https:\/\/www.youtube.com\/@novaconcursos.oficial\" target=\"_blank\" rel=\"noopener\">canal<\/a> no YouTube! <\/p>\n\n\n\n<p>Para te dar um gostinho, vou deixar abaixo um v\u00eddeo s\u00f3 sobre quest\u00f5es de <strong>L\u00edngua Portuguesa<\/strong> da Vunesp (lembrando que o \u00faltimo concurso cobrou quest\u00f5es de Portugu\u00eas)! D\u00e1 uma conferida:<\/p>\n\n\n\n<figure class=\"wp-block-embed-youtube wp-block-embed is-type-video is-provider-youtube wp-embed-aspect-16-9 wp-has-aspect-ratio\"><div class=\"wp-block-embed__wrapper\">\n<iframe loading=\"lazy\" title=\"Quest\u00f5es de L\u00edngua Portuguesa para a banca VUNESP\" width=\"500\" height=\"281\" src=\"https:\/\/www.youtube.com\/embed\/zhQkD-DgHeI?feature=oembed\" frameborder=\"0\" allow=\"accelerometer; autoplay; clipboard-write; encrypted-media; gyroscope; picture-in-picture; web-share\" referrerpolicy=\"strict-origin-when-cross-origin\" allowfullscreen><\/iframe>\n<\/div><\/figure><p><\/p>\n\n\n\n<p>Bons estudos para voc\u00ea! E continue ligado nas nossas m\u00eddias sociais: assim que o edital da Guarda de Palmas for publicado, a gente te avisa! \ud83d\ude09 <\/p>\n\n\n\n<p><\/p>\n\n\n\n<figure class=\"wp-block-image size-large\"><a href=\"https:\/\/aprovacao.novaconcursos.com.br\/assinatura?promo_creative=Clique+aqui&amp;promo_name=concurso&amp;promo_id=%2Fportal%2Fconcursos%2Fconcurso-receita-federal&amp;promo_position=corpo-texto\" target=\"_blank\" rel=\"noreferrer noopener\"><img decoding=\"async\" src=\"https:\/\/www.novaconcursos.com.br\/portal\/wp-content\/uploads\/2022\/01\/Faixa-Frete-Gr%E2%80%A0tis-portal.png\" alt=\"assinatura completa\" class=\"wp-image-153078\" loading=\"lazy\" title=\"\"><\/a><figcaption><\/figcaption><\/figure><p><\/p>","protected":false},"excerpt":{"rendered":"<p>Aten\u00e7\u00e3o, concurseiros! ? O edital do concurso Guarda de Palmas pode ser publicado ainda hoje, ter\u00e7a-feira (06)! A informa\u00e7\u00e3o foi repassada pela prefeita Cinthia Ribeiro por meio das redes sociais. Confira: Livro de Quest\u00f5es Comentadas Vunesp Veja mais detalhes a seguir! Estude para o concurso dos seus sonhos com o\u00a0M\u00e9todo\u00a0que j\u00e1 ajudou na\u00a0aprova\u00e7\u00e3o de mais [&hellip;]<\/p>\n","protected":false},"author":54677,"featured_media":176584,"comment_status":"closed","ping_status":"closed","sticky":false,"template":"","format":"standard","meta":{"_acf_changed":false,"footnotes":"","_wp_rev_ctl_limit":""},"categories":[228],"tags":[],"class_list":["post-179835","post","type-post","status-publish","format-standard","has-post-thumbnail","hentry","category-noticias"],"acf":[],"_links":{"self":[{"href":"https:\/\/www.novaconcursos.com.br\/portal\/wp-json\/wp\/v2\/posts\/179835","targetHints":{"allow":["GET"]}}],"collection":[{"href":"https:\/\/www.novaconcursos.com.br\/portal\/wp-json\/wp\/v2\/posts"}],"about":[{"href":"https:\/\/www.novaconcursos.com.br\/portal\/wp-json\/wp\/v2\/types\/post"}],"author":[{"embeddable":true,"href":"https:\/\/www.novaconcursos.com.br\/portal\/wp-json\/wp\/v2\/users\/54677"}],"replies":[{"embeddable":true,"href":"https:\/\/www.novaconcursos.com.br\/portal\/wp-json\/wp\/v2\/comments?post=179835"}],"version-history":[{"count":9,"href":"https:\/\/www.novaconcursos.com.br\/portal\/wp-json\/wp\/v2\/posts\/179835\/revisions"}],"predecessor-version":[{"id":179845,"href":"https:\/\/www.novaconcursos.com.br\/portal\/wp-json\/wp\/v2\/posts\/179835\/revisions\/179845"}],"wp:featuredmedia":[{"embeddable":true,"href":"https:\/\/www.novaconcursos.com.br\/portal\/wp-json\/wp\/v2\/media\/176584"}],"wp:attachment":[{"href":"https:\/\/www.novaconcursos.com.br\/portal\/wp-json\/wp\/v2\/media?parent=179835"}],"wp:term":[{"taxonomy":"category","embeddable":true,"href":"https:\/\/www.novaconcursos.com.br\/portal\/wp-json\/wp\/v2\/categories?post=179835"},{"taxonomy":"post_tag","embeddable":true,"href":"https:\/\/www.novaconcursos.com.br\/portal\/wp-json\/wp\/v2\/tags?post=179835"}],"curies":[{"name":"wp","href":"https:\/\/api.w.org\/{rel}","templated":true}]}}