{"id":179928,"date":"2022-12-07T12:22:06","date_gmt":"2022-12-07T15:22:06","guid":{"rendered":"https:\/\/www.novaconcursos.com.br\/portal\/?p=179928"},"modified":"2022-12-07T12:22:11","modified_gmt":"2022-12-07T15:22:11","slug":"concurso-trt-go-inscricoes-abertas","status":"publish","type":"post","link":"https:\/\/www.novaconcursos.com.br\/portal\/noticias\/concurso-trt-go-inscricoes-abertas\/","title":{"rendered":"Concurso TRT GO: Inscri\u00e7\u00f5es abertas. Iniciais de at\u00e9 R$ 14,2 mil!"},"content":{"rendered":"<p>Aten\u00e7\u00e3o aos prazos concurseiros! Foram <strong>abertas as inscri\u00e7\u00f5es<\/strong> do <a href=\"https:\/\/www.novaconcursos.com.br\/portal\/concursos\/concurso-trt-go\/\">concurso TRT GO<\/a>; s\u00e3o menos de 30 dias para garantir a oportunidade de concorrer as vagas de <strong>T\u00e9cnico e Analista Judici\u00e1rio!<\/strong><\/p>\n\n\n\n<ul class=\"wp-block-list\"><li><strong>Confira:\u00a0<\/strong><a href=\"https:\/\/www.novaconcursos.com.br\/apostila\/trt-go-tecnico-judiciario-area-administrativa\">Apostila TRT-GO 2023 \u2013 T\u00e9cnico Judici\u00e1rio \u2013 \u00c1rea Administrativa<\/a><\/li><li><strong>Confira: <\/strong><a href=\"https:\/\/www.novaconcursos.com.br\/apostila\/trt-go-analista-judiciario-area-administrativa\">Apostila TRT-GO 2023 \u2013 Analista Judici\u00e1rio \u2013 \u00c1rea Administrativa<\/a><\/li><\/ul><p><\/p>\n\n\n\n<p>Estude para o concurso dos seus sonhos com o\u00a0<strong>M\u00e9todo<\/strong>\u00a0que j\u00e1 ajudou na\u00a0<strong>aprova\u00e7\u00e3o de mais de 70 mil alunos.<\/strong>\u00a0<a rel=\"noreferrer noopener\" aria-label=\" (abre numa nova aba)\" href=\"https:\/\/aprovacao.novaconcursos.com.br\/assinatura\" target=\"_blank\">Clique aqui<\/a>\u00a0e saiba mais!<\/p>\n\n\n\n<h2 class=\"wp-block-heading\" id=\"concurso-trt-go-como-realizar-inscrio\">Concurso TRT GO: como realizar inscri\u00e7\u00e3o?<\/h2>\n\n\n\n<p>Sendo assim, as inscri\u00e7\u00f5es para o concurso do Tribunal Regional do Trabalho da 18\u00aa Regi\u00e3o, com sede em\u00a0<a href=\"https:\/\/www.novaconcursos.com.br\/portal\/concursos-previstos\/go\/\">Goi\u00e1s<\/a>, <strong>come\u00e7aram <\/strong>no dia 5 de dezembro de 2022.<\/p>\n\n\n\n<p>Elas poder\u00e3o, ent\u00e3o, ser realizadas at\u00e9 o dia <strong>4 de janeiro de 2023<\/strong>, ou seja, menos de um m\u00eas para o encerramento do prazo. <\/p>\n\n\n\n<p>Portanto, para garantir a vaga entre no site da\u00a0<a rel=\"noreferrer noopener\" href=\"https:\/\/www.concursosfcc.com.br\/index.html\" target=\"_blank\">FCC<\/a>\u00a0(Funda\u00e7\u00e3o Carlos Chagas), banca organizadora da sele\u00e7\u00e3o. Confira o valor das\u00a0<strong>taxas de inscri\u00e7\u00e3o<\/strong>:<\/p>\n\n\n\n<ul class=\"wp-block-list\"><li>T\u00e9cnico Judici\u00e1rio: R$ 70<\/li><li>Analista Judici\u00e1rio: R$ 90<\/li><\/ul><p><\/p>\n\n\n\n<p>Haver\u00e1 possibilidade de\u00a0<strong>isen\u00e7\u00e3o\u00a0<\/strong>da taxa para os candidatos que forem membros de fam\u00edlia de baixa renda e inscritos no Cad\u00danico e\/ou doadores de medula \u00f3ssea.<\/p>\n\n\n\n<p>Assim, o per\u00edodo para\u00a0<strong>solicitar\u00a0<\/strong>o benef\u00edcio ficar\u00e1 aberto at\u00e9 09 de dezembro de 2022, tamb\u00e9m no site da banca.<\/p>\n\n\n\n<h2 class=\"wp-block-heading\" id=\"vagas-cargos-e-salrios-do-concurso-trt-go\">Vagas, cargos e sal\u00e1rios do concurso TRT GO<\/h2>\n\n\n\n<p>Portanto, o concurso do Tribunal Regional do Trabalho de\u00a0<a href=\"https:\/\/www.novaconcursos.com.br\/portal\/concursos-abertos\/go\/\">Goi\u00e1s<\/a>\u00a0est\u00e1 ofertando <strong>24 vagas imediatas<\/strong>.<\/p>\n\n\n\n<p>Al\u00e9m disso, haver\u00e1 oportunidades para forma\u00e7\u00e3o de um <strong>cadastro reserva, <\/strong>que poder\u00e1 ser utilizado durante a validade da sele\u00e7\u00e3o.<\/p>\n\n\n\n<p>As oportunidades s\u00e3o para as carreiras de<strong> T\u00e9cnico e Analista<\/strong> Judici\u00e1rio, de n\u00edveis m\u00e9dio\/t\u00e9cnico e superior, respectivamente. Confira detalhes:<\/p>\n\n\n\n<ul class=\"wp-block-list\"><li><strong>T\u00e9cnico Judici\u00e1rio (n\u00edvel m\u00e9dio\/t\u00e9cnico)<\/strong><ul><li>\u00c1rea Administrativa<ul><li>Sem especialidade: 5 vagas<\/li><li>Agente da Pol\u00edcia Judicial: 1 vaga<\/li><\/ul><\/li><li>\u00c1rea de Apoio Especializado<ul><li>Enfermagem do Trabalho: CR<\/li><li>Sa\u00fade Bucal: 1 vaga<\/li><li>Tecnologia da Informa\u00e7\u00e3o: 5 vagas<\/li><\/ul><\/li><li>Remunera\u00e7\u00e3o inicial:\u00a0<strong>R$ 7.591,37<\/strong><\/li><li>Remunera\u00e7\u00e3o inicial Agente da Pol\u00edcia Judicial:\u00a0<strong>R$ 8.698,44\u00a0<\/strong>(inclu\u00edda a GAS \u2013 Gratifica\u00e7\u00e3o de Atividade de Seguran\u00e7a)<\/li><\/ul><\/li><li><strong>Analista Judici\u00e1rio (n\u00edvel superior)<\/strong><ul><li>\u00c1rea Administrativa<ul><li>Sem especialidade: 1 vaga<\/li><li>Contabilidade: 2 vagas<\/li><\/ul><\/li><li>\u00c1rea de Apoio Especializado<ul><li>Medicina do Trabalho: 1 vaga<\/li><li>Estat\u00edstica: 1 vaga<\/li><li>Odontologia: 1 vaga<\/li><li>Servi\u00e7o Social: 1 vaga<\/li><li>Tecnologia da Informa\u00e7\u00e3o: 4 vagas<\/li><\/ul><\/li><li>\u00c1rea Judici\u00e1ria<ul><li>Sem especialidade: 1 vaga<\/li><li>Oficial de Justi\u00e7a Avaliador Federal: CR<\/li><\/ul><\/li><li>Remunera\u00e7\u00e3o inicial:\u00a0<strong>R$ 12.455,30<\/strong><\/li><li>Remunera\u00e7\u00e3o inicial Oficial de Justi\u00e7a Avaliador Federal:\u00a0<strong>R$ 14.271,70\u00a0<\/strong>(inclu\u00edda a GAE \u2013 Gratifica\u00e7\u00e3o de Atividade Externa)<\/li><\/ul><\/li><\/ul><p><\/p>\n\n\n\n<p>Entretanto, al\u00e9m do sal\u00e1rio-base, o servidor poder\u00e1 contar, ainda, com os seguintes\u00a0<strong>benef\u00edcios<\/strong>:<\/p>\n\n\n\n<ul class=\"wp-block-list\"><li>Assist\u00eancia M\u00e9dica e Odontol\u00f3gica: R$ 215<\/li><li>Assist\u00eancia Pr\u00e9-Escolar: R$ 719,62<\/li><li>Aux\u00edlio-Alimenta\u00e7\u00e3o: R$ 910,08<\/li><li>Aux\u00edlio-Transporte:\u00a0R$ 198,93<\/li><li>Exames peri\u00f3dicos<\/li><\/ul><p><\/p>\n\n\n\n<h2 class=\"wp-block-heading\" id=\"quais-as-etapas-e-as-provas-do-concurso-trt-go\">Quais as etapas e as provas do concurso TRT GO?<\/h2>\n\n\n\n<p>Ademais, a sele\u00e7\u00e3o contar\u00e1 com\u00a0<strong>etapa \u00fanica<\/strong>, que consistir\u00e1, por sua vez, na aplica\u00e7\u00e3o de provas objetiva e discursiva (reda\u00e7\u00e3o).<\/p>\n\n\n\n<p>Posteriormente, ambas avalia\u00e7\u00f5es ser\u00e3o em car\u00e1ter habilitat\u00f3rio e classificat\u00f3rio.<\/p>\n\n\n\n<p>Assim, as avalia\u00e7\u00f5es ser\u00e3o aplicadas ao mesmo tempo no dia\u00a0<strong>12 de fevereiro de 2023\u00a0<\/strong>em Goi\u00e2nia \u2013 GO.<\/p>\n\n\n\n<p>Ent\u00e3o, os concorrentes ao cargo de\u00a0<strong>T\u00e9cnico<\/strong>\u00a0far\u00e3o os exames no turno da manh\u00e3, enquanto aqueles que optarem pela carreira de\u00a0<strong>Analista<\/strong>, no per\u00edodo da tarde.<\/p>\n\n\n\n<p>Por outro lado, os candidatos contar\u00e3o com\u00a0<strong>quatro horas e meia<\/strong>\u00a0para responder a <strong>60 quest\u00f5es.<\/strong><\/p>\n\n\n\n<p>Al\u00e9m disso, s\u00e3o 30 quest\u00f5es objetivas de Conhecimentos Gerais (peso 1) e 30 quest\u00f5es objetivas de Conhecimentos Espec\u00edficos (peso 2) mais a produ\u00e7\u00e3o da reda\u00e7\u00e3o.<\/p>\n\n\n\n<p>Portanto, confira as\u00a0<strong>disciplinas\u00a0<\/strong>cobradas nas provas de Conhecimentos Gerais para todos os cargos:<\/p>\n\n\n\n<ul class=\"wp-block-list\"><li>L\u00edngua Portuguesa<\/li><li>Matem\u00e1tica e Racioc\u00ednio L\u00f3gico<\/li><li>Legisla\u00e7\u00e3o<\/li><\/ul><p><\/p>\n\n\n\n<p>Ademais, na\u00a0<strong>prova discursiva<\/strong>, o concurseiro dever\u00e1 desenvolver um texto dissertativo-argumentativo a partir de proposta \u00fanica.<\/p>\n\n\n\n<p>Assim, ser\u00e1 sobre assunto de interesse geral n\u00e3o atrelado necessariamente aos Conhecimentos Espec\u00edficos dos cargos.<\/p>\n\n\n\n<p>Por fim, confira o que ser\u00e1\u00a0<strong>avaliado\u00a0<\/strong>no momento da corre\u00e7\u00e3o das reda\u00e7\u00f5es:<\/p>\n\n\n\n<ul class=\"wp-block-list\"><li><strong>Conte\u00fado \u2013 at\u00e9 4 pontos:<\/strong><ul><li>perspectiva adotada no tratamento do tema;<\/li><li>capacidade de an\u00e1lise e senso cr\u00edtico em rela\u00e7\u00e3o ao tema proposto;<\/li><li>consist\u00eancia dos argumentos, clareza e coer\u00eancia no seu encadeamento.<\/li><\/ul><\/li><\/ul><ul class=\"wp-block-list\"><li><strong>Estrutura \u2013 at\u00e9 3 pontos:<\/strong><ul><li>respeito ao g\u00eanero solicitado;<\/li><li>progress\u00e3o textual e encadeamento de ideias;<\/li><li>articula\u00e7\u00e3o de frases e par\u00e1grafos (coes\u00e3o textual).<\/li><\/ul><\/li><\/ul><ul class=\"wp-block-list\"><li><strong>Express\u00e3o \u2013 at\u00e9 3 pontos:<\/strong><ul><li>desempenho lingu\u00edstico de acordo com o n\u00edvel de conhecimento exigido;<\/li><li>adequa\u00e7\u00e3o do n\u00edvel de linguagem adotado \u00e0 produ\u00e7\u00e3o proposta e coer\u00eancia no uso;<\/li><li>dom\u00ednio da norma padr\u00e3o formal, com aten\u00e7\u00e3o aos seguintes itens:<ul><li>estrutura sint\u00e1tica de ora\u00e7\u00f5es e per\u00edodos;<\/li><li>propriedade vocabular;<\/li><li>concord\u00e2ncia verbal e nominal;<\/li><li>pontua\u00e7\u00e3o;<\/li><li>reg\u00eancia verbal e nominal;<\/li><li>emprego de pronomes;<\/li><li>flex\u00e3o verbal e nominal;<\/li><li>uso de tempos e modos verbais;<\/li><li>grafia e acentua\u00e7\u00e3o.<\/li><\/ul><\/li><\/ul><\/li><\/ul><p><\/p>\n\n\n\n<figure class=\"wp-block-image size-large\"><a href=\"https:\/\/aprovacao.novaconcursos.com.br\/assinatura\" target=\"_blank\" rel=\"noreferrer noopener\"><img decoding=\"async\" src=\"https:\/\/www.novaconcursos.com.br\/portal\/wp-content\/uploads\/2022\/01\/Faixa-Frete-Gr%E2%80%A0tis-portal.png\" alt=\"assinatura completa\" class=\"wp-image-153078\" loading=\"lazy\" title=\"\"><\/a><figcaption><\/figcaption><\/figure>","protected":false},"excerpt":{"rendered":"<p>Aten\u00e7\u00e3o aos prazos concurseiros! Foram abertas as inscri\u00e7\u00f5es do concurso TRT GO; s\u00e3o menos de 30 dias para garantir a oportunidade de concorrer as vagas de T\u00e9cnico e Analista Judici\u00e1rio! Confira:\u00a0Apostila TRT-GO 2023 \u2013 T\u00e9cnico Judici\u00e1rio \u2013 \u00c1rea Administrativa Confira: Apostila TRT-GO 2023 \u2013 Analista Judici\u00e1rio \u2013 \u00c1rea Administrativa Estude para o concurso dos seus [&hellip;]<\/p>\n","protected":false},"author":54671,"featured_media":162561,"comment_status":"closed","ping_status":"closed","sticky":false,"template":"","format":"standard","meta":{"_acf_changed":false,"footnotes":"","_wp_rev_ctl_limit":""},"categories":[228],"tags":[],"class_list":["post-179928","post","type-post","status-publish","format-standard","has-post-thumbnail","hentry","category-noticias"],"acf":[],"_links":{"self":[{"href":"https:\/\/www.novaconcursos.com.br\/portal\/wp-json\/wp\/v2\/posts\/179928","targetHints":{"allow":["GET"]}}],"collection":[{"href":"https:\/\/www.novaconcursos.com.br\/portal\/wp-json\/wp\/v2\/posts"}],"about":[{"href":"https:\/\/www.novaconcursos.com.br\/portal\/wp-json\/wp\/v2\/types\/post"}],"author":[{"embeddable":true,"href":"https:\/\/www.novaconcursos.com.br\/portal\/wp-json\/wp\/v2\/users\/54671"}],"replies":[{"embeddable":true,"href":"https:\/\/www.novaconcursos.com.br\/portal\/wp-json\/wp\/v2\/comments?post=179928"}],"version-history":[{"count":4,"href":"https:\/\/www.novaconcursos.com.br\/portal\/wp-json\/wp\/v2\/posts\/179928\/revisions"}],"predecessor-version":[{"id":179933,"href":"https:\/\/www.novaconcursos.com.br\/portal\/wp-json\/wp\/v2\/posts\/179928\/revisions\/179933"}],"wp:featuredmedia":[{"embeddable":true,"href":"https:\/\/www.novaconcursos.com.br\/portal\/wp-json\/wp\/v2\/media\/162561"}],"wp:attachment":[{"href":"https:\/\/www.novaconcursos.com.br\/portal\/wp-json\/wp\/v2\/media?parent=179928"}],"wp:term":[{"taxonomy":"category","embeddable":true,"href":"https:\/\/www.novaconcursos.com.br\/portal\/wp-json\/wp\/v2\/categories?post=179928"},{"taxonomy":"post_tag","embeddable":true,"href":"https:\/\/www.novaconcursos.com.br\/portal\/wp-json\/wp\/v2\/tags?post=179928"}],"curies":[{"name":"wp","href":"https:\/\/api.w.org\/{rel}","templated":true}]}}