{"id":181296,"date":"2022-12-26T16:16:51","date_gmt":"2022-12-26T19:16:51","guid":{"rendered":"https:\/\/www.novaconcursos.com.br\/portal\/?p=181296"},"modified":"2025-12-03T09:30:32","modified_gmt":"2025-12-03T12:30:32","slug":"concurso-policia-penal-mg-reaplicacao-taf-janeiro","status":"publish","type":"post","link":"https:\/\/www.novaconcursos.com.br\/portal\/noticias\/concurso-policia-penal-mg-reaplicacao-taf-janeiro\/","title":{"rendered":"Concurso Pol\u00edcia Penal MG: Reaplica\u00e7\u00e3o do TAF em janeiro!"},"content":{"rendered":"<p>Aten\u00e7\u00e3o, concurseiros que prestaram o <a href=\"https:\/\/www.novaconcursos.com.br\/portal\/concursos\/policia-penal-mg\/\">concurso Pol\u00edcia Penal MG<\/a>: o TAF ser\u00e1 reaplicado no m\u00eas que vem!<\/p>\n\n\n\n<p>Quer saber todos os detalhes? Ent\u00e3o, vem comigo!<\/p>\n\n\n\n<ul class=\"wp-block-list\"><li><strong>Confira:<\/strong> <a aria-label=\"Apostila SEJUSP-MG 2022 - Agente Penitenci\u00e1rio (abre numa nova aba)\" href=\"https:\/\/www.novaconcursos.com.br\/apostila\/sejusp-mg-prep-agente-penitenciario-temporario?q=sejusp%20mg\" target=\"_blank\" rel=\"noreferrer noopener\">Apostila SEJUSP-MG 2022 \u2013 Agente Penitenci\u00e1rio<\/a><\/li>\n\n\n\n<li><strong>Confira:<\/strong> <a aria-label=\"Curso Carreiras Policiais (abre numa nova aba)\" href=\"https:\/\/www.novaconcursos.com.br\/curso-online\/carreiras-policiais?q=carreiras%20po\" target=\"_blank\" rel=\"noreferrer noopener\">Curso Carreiras Policiais<\/a><\/li>\n<\/ul><p><\/p>\n\n\n\n<p>Estude para o concurso dos seus sonhos com o\u00a0<strong>M\u00e9todo<\/strong>\u00a0que j\u00e1 ajudou na\u00a0<strong>aprova\u00e7\u00e3o de mais de 70 mil alunos<\/strong>.\u00a0<a rel=\"noreferrer noopener\" target=\"_blank\" href=\"https:\/\/www.novaconcursos.com.br\/eventos\/assinatura?promo_creative=Clique+aqui&amp;promo_name=concurso&amp;promo_id=%2Fportal%2Fconcursos%2Fconcurso-uespi-edital-autorizado-160-vagas&amp;promo_position=corpo-texto\">Clique aqui<\/a>e saiba mais! <\/p>\n\n\n\n<h2 class=\"wp-block-heading\" id=\"concurso-polcia-penal-mg-2022-aps-determinao-judicial-taf-se\">Concurso Pol\u00edcia Penal MG 2022: Ap\u00f3s determina\u00e7\u00e3o judicial, TAF ser\u00e1 reaplicado<\/h2>\n\n\n\n<p>O concurso da Pol\u00edcia Penal de <a href=\"https:\/\/www.novaconcursos.com.br\/portal\/concursos-abertos\/mg\/\">Minas Gerais<\/a>, que ofertou 2.240 vagas para Agente de Seguran\u00e7a Penitenci\u00e1rio\/Policial Penal, de n\u00edvel m\u00e9dio de escolaridade, ainda est\u00e1 em andamento.<\/p>\n\n\n\n<p>A \u00faltima etapa realizada foi o <strong>Teste de Aptid\u00e3o F\u00edsica<\/strong> (TAF), que ocorreu entre os meses de agosto e setembro de 2022. <\/p>\n\n\n\n<p>No entanto, a fase foi repleta de pol\u00eamicas. Aproximadamente 200 candidatos acionaram o Minist\u00e9rio P\u00fablico alegando irregularidades no TAF. Relembre o ocorrido.<\/p>\n\n\n\n<p>De acordo com as<strong>\u00a0den\u00fancias<\/strong>,\u00a0avaliadores atuaram como treinadores particulares de candidatos que estavam realizando a avalia\u00e7\u00e3o, comprometendo a lisura do exame. <\/p>\n\n\n\n<p>Al\u00e9m disso, tamb\u00e9m foi questionado o motivo de a sele\u00e7\u00e3o\u00a0<strong>negar filmagens\u00a0<\/strong>na realiza\u00e7\u00e3o do TAF. <\/p>\n\n\n\n<p>De acordo com o edital, a grava\u00e7\u00e3o das provas f\u00edsicas (com exce\u00e7\u00e3o do teste de corrida) poderia ser disponibilizada para efeito de recurso. No entanto, o <strong>Instituto Selecon<\/strong>, banca organizadora da sele\u00e7\u00e3o, n\u00e3o liberou o acesso \u00e0s filmagens. <\/p>\n\n\n\n<p><em>\u201cNos sentimos prejudicados. N\u00e3o \u00e9 nem por n\u00e3o termos sido aprovados, porque \u00e9 claro: se a gente n\u00e3o tiver atingido os \u00edndices, n\u00e3o existe nem do que reclamar. Mas n\u00f3s vimos muitas pessoas sendo privilegiadas, muita gente que n\u00e3o estava dentro do padr\u00e3o exigido pelo edital sendo aprovada. E isso s\u00f3 poder\u00edamos provar atrav\u00e9s das imagens e eles n\u00e3o querem liberar as imagens. Como vou fazer um recurso se n\u00e3o tenho as imagens?\u201d<\/em>, disse um candidato. <\/p>\n\n\n\n<p>Diante do fato, o Teste de Aptid\u00e3o F\u00edsica ser\u00e1 <strong>reaplicado<\/strong>. <\/p>\n\n\n\n<p>A <strong>decis\u00e3o<\/strong> foi promulgada pela ju\u00edza do Tribunal de Justi\u00e7a de Minas Gerais (TJ MG), Janete Gomes Moreira, da 4\u00aa Vara de Fazenda P\u00fablica e Autarquias da Comarca de Belo Horizonte. <\/p>\n\n\n\n<p>Conforme cronograma publicado no \u00faltimo dia 19\/12, os exames ser\u00e3o <strong>realizados<\/strong> entre os dias 04 e 15 de janeiro de 2023 (confira o edital de convoca\u00e7\u00e3o extraordin\u00e1ria).<\/p>\n\n\n\n<p>Mais de <strong>5 mil candidatos<\/strong> dever\u00e3o refazer os testes, que ser\u00e3o aplicados no  CIAAR (Centro de Instru\u00e7\u00e3o e Adapta\u00e7\u00e3o da Aeron\u00e1utica), localizado em Lagoa Santa \u2013 MG. <\/p>\n\n\n\n<p>Para o dia do exame, \u00e9\u00a0<strong>necess\u00e1rio\u00a0<\/strong>levar a seguinte documenta\u00e7\u00e3o:<\/p>\n\n\n\n<ul class=\"wp-block-list\"><li>Cart\u00e3o de Convoca\u00e7\u00e3o da Prova de Condicionamento F\u00edsico;<\/li>\n\n\n\n<li>Documento oficial de identifica\u00e7\u00e3o (o mesmo utilizado no momento da inscri\u00e7\u00e3o no concurso);<\/li>\n\n\n\n<li>Atestado m\u00e9dico.<\/li>\n<\/ul><p><\/p>\n\n\n\n<p>Al\u00e9m disso, o candidato\u00a0<strong>n\u00e3o\u00a0<\/strong>poder\u00e1 utilizar cal\u00e7a, camisa ou sapato fechado. Para a realiza\u00e7\u00e3o do TAF, ser\u00e1 preciso comparecer utilizando trajes adequados, tais como camiseta, cal\u00e7\u00e3o de gin\u00e1stica, short e t\u00eanis.<\/p>\n\n\n\n<p>Finalmente, vale destacar que os <strong>testes<\/strong> ser\u00e3o os mesmos. Al\u00e9m disso, a etapa posterior (Comprova\u00e7\u00e3o de idoneidade e conduta ilibada), anteriormente prevista para julho e agosto de 2022, ser\u00e1 realizada em fevereiro e mar\u00e7o de 2023.<\/p>\n\n\n\n<h2 class=\"wp-block-heading\" id=\"recorde-como-foi-o-taf-do-concurso-polcia-penal-mg\">Recorde como foi o TAF do concurso Pol\u00edcia Penal MG<\/h2>\n\n\n\n<p>O Teste de Aptid\u00e3o F\u00edsica contou com <strong>cinco exerc\u00edcios<\/strong>. Foram eles:<\/p>\n\n\n\n<ul class=\"wp-block-list\"><li>Teste de\n<ul class=\"wp-block-list\"><li>flex\u00e3o em barra fixa (para o sexo masculino) e teste est\u00e1tico de barra fixa (para o sexo feminino);<\/li>\n\n\n\n<li>flex\u00e3o abdominal;<\/li>\n\n\n\n<li>impuls\u00e3o horizontal;<\/li>\n\n\n\n<li>flex\u00e3o de bra\u00e7os no solo;<\/li>\n\n\n\n<li>corrida de 12 minutos.<\/li>\n<\/ul><\/li>\n<\/ul><p><\/p>\n\n\n\n<p>Confira em detalhes a <strong>estrutura <\/strong>dos exerc\u00edcios:<\/p>\n\n\n\n<figure class=\"wp-block-image size-full\"><img decoding=\"async\" width=\"850\" height=\"435\" src=\"https:\/\/www.novaconcursos.com.br\/portal\/wp-content\/uploads\/2022\/12\/imagem_2022-12-26_155501480.png\" alt=\"\" class=\"wp-image-181464\" loading=\"lazy\" title=\"\" srcset=\"https:\/\/www.novaconcursos.com.br\/portal\/wp-content\/uploads\/2022\/12\/imagem_2022-12-26_155501480-300x154.png 300w, https:\/\/www.novaconcursos.com.br\/portal\/wp-content\/uploads\/2022\/12\/imagem_2022-12-26_155501480.png 850w\" sizes=\"auto, (max-width: 480px) 100vw, (max-width: 768px) 100vw, (max-width: 1200px) 70vw, 768px\"><figcaption><\/figcaption><\/figure><p><\/p>\n\n\n\n<figure class=\"wp-block-image size-full\"><img decoding=\"async\" width=\"853\" height=\"447\" src=\"https:\/\/www.novaconcursos.com.br\/portal\/wp-content\/uploads\/2022\/12\/imagem_2022-12-26_155534427.png\" alt=\"\" class=\"wp-image-181467\" loading=\"lazy\" title=\"\" srcset=\"https:\/\/www.novaconcursos.com.br\/portal\/wp-content\/uploads\/2022\/12\/imagem_2022-12-26_155534427-300x157.png 300w, https:\/\/www.novaconcursos.com.br\/portal\/wp-content\/uploads\/2022\/12\/imagem_2022-12-26_155534427.png 853w\" sizes=\"auto, (max-width: 480px) 100vw, (max-width: 768px) 100vw, (max-width: 1200px) 70vw, 768px\"><figcaption><\/figcaption><\/figure><p><\/p>\n\n\n\n<h2 class=\"wp-block-heading\" id=\"concurso-polcia-penal-mg-relembre-as-outras-etapas-da-seleo\">Concurso Pol\u00edcia Penal MG: Relembre as outras etapas da sele\u00e7\u00e3o<\/h2>\n\n\n\n<p>No total, o certame contou com <strong>seis etapas avaliativas<\/strong>. Foram elas:<\/p>\n\n\n\n<ul class=\"wp-block-list\"><li>Provas Objetiva e de Reda\u00e7\u00e3o;<\/li>\n\n\n\n<li>Prova de Aptid\u00e3o Psicol\u00f3gica e Psicot\u00e9cnica;<\/li>\n\n\n\n<li>Exames M\u00e9dicos;<\/li>\n\n\n\n<li>Prova de Condicionamento F\u00edsico por testes espec\u00edficos;<\/li>\n\n\n\n<li>Comprova\u00e7\u00e3o de idoneidade e conduta ilibada;<\/li>\n\n\n\n<li>Curso de Forma\u00e7\u00e3o T\u00e9cnico-Profissional.<\/li>\n<\/ul><h3 class=\"wp-block-heading\">Provas Objetiva e de Reda\u00e7\u00e3o<\/h3>\n\n\n\n<p>As <strong>provas objetivas<\/strong> foram compostas de 60 quest\u00f5es de m\u00faltipla escolha distribu\u00eddas entre as seguintes disciplinas:<\/p>\n\n\n\n<ul class=\"wp-block-list\"><li>L\u00edngua Portuguesa \u2013 10 quest\u00f5es<\/li>\n\n\n\n<li>Inform\u00e1tica \u2013 5 quest\u00f5es<\/li>\n\n\n\n<li>No\u00e7\u00f5es de Direito \u2013 10 quest\u00f5es<\/li>\n\n\n\n<li>Direitos Humanos \u2013 10 quest\u00f5es<\/li>\n\n\n\n<li>Legisla\u00e7\u00e3o Especial \u2013 20 quest\u00f5es<\/li>\n\n\n\n<li>Racioc\u00ednio L\u00f3gico \u2013 5 quest\u00f5es<\/li>\n<\/ul><p><\/p>\n\n\n\n<p>Para ser <strong>classificado<\/strong> e ter a reda\u00e7\u00e3o corrigida, o candidato deveria obter, no m\u00ednimo, 60% do total de pontos atribu\u00eddos na prova objetiva e, no m\u00ednimo, 40% em cada disciplina.<\/p>\n\n\n\n<p>J\u00e1 a <strong>reda\u00e7\u00e3o<\/strong> deveria ser escrita entre 20 a 30 linhas. O tema foi fornecido no momento da aplica\u00e7\u00e3o.<\/p>\n\n\n\n<p>Valendo 100 pontos, a reda\u00e7\u00e3o foi <strong>avaliada<\/strong> com base na adequa\u00e7\u00e3o nos seguintes crit\u00e9rios:<\/p>\n\n\n\n<ul class=\"wp-block-list\"><li>Corre\u00e7\u00e3o Formal\n<ul class=\"wp-block-list\"><li>Ortografia\/Acentua\u00e7\u00e3o\/Propriedade Vocabular<\/li>\n\n\n\n<li>Morfossintaxe<\/li>\n\n\n\n<li>Pontua\u00e7\u00e3o\/Elementos de Coes\u00e3o<\/li>\n<\/ul><\/li>\n<\/ul><p><\/p>\n\n\n\n<ul class=\"wp-block-list\"><li>Corre\u00e7\u00e3o de Conte\u00fado\n<ul class=\"wp-block-list\"><li>Desenvolvimento do Tema\/Tipologia Textual\/Coer\u00eancia Textual<\/li>\n\n\n\n<li>Sele\u00e7\u00e3o de Argumentos\/Constru\u00e7\u00e3o da Argumenta\u00e7\u00e3o<\/li>\n<\/ul><\/li>\n<\/ul><p><\/p>\n\n\n\n<h3 class=\"wp-block-heading\">Curso de Forma\u00e7\u00e3o T\u00e9cnico-Profissional<\/h3>\n\n\n\n<p>Os candidatos aprovados e aptos na 5\u00aa etapa at\u00e9 a posi\u00e7\u00e3o 2.497 ser\u00e3o <strong>convocados<\/strong> para o Curso de Forma\u00e7\u00e3o.<\/p>\n\n\n\n<p>Realizado de forma <strong>semipresencial<\/strong> com turmas de 40 alunos, o Curso contar\u00e1 com 455 horas-aula presenciais e 224 horas-aula \u00e0 dist\u00e2ncia, totalizando 679 horas-aula.<\/p>\n\n\n\n<p>Para ser <strong>aprovado<\/strong>, o candidato dever\u00e1 alcan\u00e7ar, no m\u00ednimo, 60% de pontos na prova, al\u00e9m de ter o m\u00ednimo de frequ\u00eancia exigida durante a semana de ambienta\u00e7\u00e3o.<\/p>\n\n\n\n<p>Finalmente, vale recordar que o <strong>sal\u00e1rio inicial<\/strong> da carreira de Agente Penitenci\u00e1rio\/Policial Penal \u00e9 de\u00a0R$ 4.631,25 para jornada de trabalho de 40 horas semanais. <\/p>\n\n\n\n<p>Al\u00e9m disso, o certame<strong> <\/strong>n\u00e3o contou com exig\u00eancias relacionadas \u00e0 <strong>altura<\/strong> ou \u00e0 <strong>idade<\/strong>. Do mesmo modo, n\u00e3o era necess\u00e1rio que o candidato possu\u00edsse CNH. <\/p>\n\n\n\n<p><\/p>\n\n\n\n<figure class=\"wp-block-image size-large\"><a href=\"https:\/\/aprovacao.novaconcursos.com.br\/assinatura?promo_creative=Clique+aqui&amp;promo_name=noticia&amp;promo_id=%2Fportal%2Fnoticias%2Fconcurso-policia-penal-mg-candidatos-alegam-irregularidades-taf&amp;promo_position=corpo-texto\" target=\"_blank\" rel=\"noreferrer noopener\"><img decoding=\"async\" src=\"https:\/\/www.novaconcursos.com.br\/portal\/wp-content\/uploads\/2022\/01\/Faixa-Frete-Gr%E2%80%A0tis-portal.png\" alt=\"assinatura completa\" class=\"wp-image-153078\" loading=\"lazy\" title=\"\"><\/a><figcaption><\/figcaption><\/figure><p><\/p>","protected":false},"excerpt":{"rendered":"<p>Aten\u00e7\u00e3o, concurseiros que prestaram o concurso Pol\u00edcia Penal MG: o TAF ser\u00e1 reaplicado no m\u00eas que vem! Quer saber todos os detalhes? Ent\u00e3o, vem comigo! Estude para o concurso dos seus sonhos com o\u00a0M\u00e9todo\u00a0que j\u00e1 ajudou na\u00a0aprova\u00e7\u00e3o de mais de 70 mil alunos.\u00a0Clique aquie saiba mais! Concurso Pol\u00edcia Penal MG 2022: Ap\u00f3s determina\u00e7\u00e3o judicial, TAF [&hellip;]<\/p>\n","protected":false},"author":54677,"featured_media":156324,"comment_status":"closed","ping_status":"closed","sticky":false,"template":"","format":"standard","meta":{"_acf_changed":false,"footnotes":"","_wp_rev_ctl_limit":""},"categories":[228],"tags":[],"class_list":["post-181296","post","type-post","status-publish","format-standard","has-post-thumbnail","hentry","category-noticias"],"acf":[],"_links":{"self":[{"href":"https:\/\/www.novaconcursos.com.br\/portal\/wp-json\/wp\/v2\/posts\/181296","targetHints":{"allow":["GET"]}}],"collection":[{"href":"https:\/\/www.novaconcursos.com.br\/portal\/wp-json\/wp\/v2\/posts"}],"about":[{"href":"https:\/\/www.novaconcursos.com.br\/portal\/wp-json\/wp\/v2\/types\/post"}],"author":[{"embeddable":true,"href":"https:\/\/www.novaconcursos.com.br\/portal\/wp-json\/wp\/v2\/users\/54677"}],"replies":[{"embeddable":true,"href":"https:\/\/www.novaconcursos.com.br\/portal\/wp-json\/wp\/v2\/comments?post=181296"}],"version-history":[{"count":9,"href":"https:\/\/www.novaconcursos.com.br\/portal\/wp-json\/wp\/v2\/posts\/181296\/revisions"}],"predecessor-version":[{"id":298173,"href":"https:\/\/www.novaconcursos.com.br\/portal\/wp-json\/wp\/v2\/posts\/181296\/revisions\/298173"}],"wp:featuredmedia":[{"embeddable":true,"href":"https:\/\/www.novaconcursos.com.br\/portal\/wp-json\/wp\/v2\/media\/156324"}],"wp:attachment":[{"href":"https:\/\/www.novaconcursos.com.br\/portal\/wp-json\/wp\/v2\/media?parent=181296"}],"wp:term":[{"taxonomy":"category","embeddable":true,"href":"https:\/\/www.novaconcursos.com.br\/portal\/wp-json\/wp\/v2\/categories?post=181296"},{"taxonomy":"post_tag","embeddable":true,"href":"https:\/\/www.novaconcursos.com.br\/portal\/wp-json\/wp\/v2\/tags?post=181296"}],"curies":[{"name":"wp","href":"https:\/\/api.w.org\/{rel}","templated":true}]}}