{"id":182754,"date":"2023-01-09T13:03:15","date_gmt":"2023-01-09T16:03:15","guid":{"rendered":"https:\/\/www.novaconcursos.com.br\/portal\/?p=182754"},"modified":"2024-11-08T13:56:18","modified_gmt":"2024-11-08T16:56:18","slug":"concurso-pm-confira-os-editais-previstos-para-2023","status":"publish","type":"post","link":"https:\/\/www.novaconcursos.com.br\/portal\/artigos\/concurso-pm-confira-os-editais-previstos-para-2023\/","title":{"rendered":"Concurso PM: Confira os editais previstos para 2023!"},"content":{"rendered":"<p>O ano de 2023 est\u00e1 cheio de oportunidades para quem deseja ingressar na carreira de <strong>Policial Militar <\/strong>atrav\u00e9s do <a href=\"https:\/\/www.novaconcursos.com.br\/portal\/concursos-abertos\/\">concurso PM<\/a>. Dessa forma, reunimos AQUI as melhores vagas do ano! Confira!<\/p>\n\n\n\n<ul class=\"wp-block-list\"><li><strong>Confira:<\/strong> <a href=\"https:\/\/www.novaconcursos.com.br\/apostila\/carreiras-policia-militar?q=Apostila%20Carreiras%202022%20-%20Pol%C3%ADcia%20Militar\">Apostila Carreiras 2022 \u2013 Pol\u00edcia Militar<\/a><\/li>\n<\/ul><p><\/p>\n\n\n\n<p>Estude para o concurso de seus sonhos com o\u00a0<strong>M\u00e9todo<\/strong>\u00a0que j\u00e1 ajudou na\u00a0<strong>aprova\u00e7\u00e3o de mais de 70 mil alunos!<\/strong>\u00a0<a rel=\"noreferrer noopener\" href=\"https:\/\/aprovacao.novaconcursos.com.br\/assinatura?promo_creative=Clique+aqui&amp;promo_name=artigo&amp;promo_id=%2Fportal%2Fartigos%2Fcesgranrio-conheca-os-5-segredos-para-gabaritar-na-prova&amp;promo_position=corpo-texto\" target=\"_blank\">Clique aqui<\/a>\u00a0\u00a0e saiba mais! <\/p>\n\n\n\n<h2 class=\"wp-block-heading\" id=\"concurso-pm-sc\">Concurso PM SC<\/h2>\n\n\n\n<p>O <a href=\"https:\/\/www.novaconcursos.com.br\/portal\/concursos\/concurso-pm-sc\/\">concurso PM SC<\/a> teve o<strong> extrato de contrato<\/strong> publicado com o <a href=\"https:\/\/www.cebraspe.org.br\/concursos\/\" target=\"_blank\" rel=\"noreferrer noopener\" aria-label=\"Cebraspe (abre numa nova aba)\">Cebraspe<\/a>, banca organizadora. Isso indica que vem edital em breve!<\/p>\n\n\n\n<p>A previs\u00e3o \u00e9 que sejam ofertadas<strong> 550 vagas,<\/strong> distribu\u00eddas entre as seguintes especialidades:<\/p>\n\n\n\n<ul class=\"wp-block-list\"><li><strong>Soldado:<\/strong> 500 vagas<\/li>\n\n\n\n<li><strong>Oficial: <\/strong>50 vagas<\/li>\n<\/ul><p><\/p>\n\n\n\n<p>Assim, a \u00faltima sele\u00e7\u00e3o aconteceu em 2019 e na ocasi\u00e3o os aprovados foram remunerados com os seguintes <strong>sal\u00e1rios iniciais:<\/strong><\/p>\n\n\n\n<ul class=\"wp-block-list\"><li>Soldado: <strong>R$ 4.845,82<\/strong><\/li>\n\n\n\n<li>Oficial: <strong>R$ 8.348,13<\/strong><\/li>\n<\/ul><p><\/p>\n\n\n\n<p>S\u00e3o requisitos b\u00e1sicos:<\/p>\n\n\n\n<ul class=\"wp-block-list\"><li>Altura m\u00ednima de 1,65m para homens e 1,60m para mulheres;<\/li>\n\n\n\n<li>CNH em qualquer categoria;<\/li>\n\n\n\n<li>N\u00e3o ter completado a idade m\u00e1xima de 30 anos at\u00e9 o \u00faltimo dia de inscri\u00e7\u00e3o no concurso p\u00fablico;<\/li>\n\n\n\n<li>N\u00edvel superior para a carreira de Soldado e Bacharel em Direito para a carreira de Oficial.<\/li>\n<\/ul><p><\/p>\n\n\n\n<h2 class=\"wp-block-heading\" id=\"concurso-pmdf\">Concurso PMDF<\/h2>\n\n\n\n<p>O <a href=\"https:\/\/www.novaconcursos.com.br\/portal\/concursos\/concurso-pm-df\/\">concurso PMDF<\/a> j\u00e1 est\u00e1 com banca organizadora definida, a escolhida \u00e9 o <a href=\"https:\/\/institutoaocp.org.br\/\" target=\"_blank\" rel=\"noreferrer noopener\" aria-label=\"Instituto AOCP (abre numa nova aba)\">Instituto AOCP<\/a>. Dessa forma, o edital \u00e9 iminente!<\/p>\n\n\n\n<p>O certame pretende oferecer\u00a0<strong>2.192 oportunidades<\/strong>\u00a0para as seguintes carreiras:<\/p>\n\n\n\n<ul class=\"wp-block-list\"><li>Soldado: 2.100 vagas (700 imediatas e 1.400 de cadastro reserva);<\/li>\n\n\n\n<li>Administrativo: 66 vagas;<\/li>\n\n\n\n<li>Especialista:\u00a01 vaga;<\/li>\n\n\n\n<li>M\u00fasico:\u00a02 vagas;<\/li>\n\n\n\n<li>M\u00e9dico:\u00a015 vagas;<\/li>\n\n\n\n<li>Dentista:\u00a06 vagas;<\/li>\n\n\n\n<li>Veterin\u00e1rio:\u00a01 vaga; e<\/li>\n\n\n\n<li>Capel\u00e3o:\u00a01 vaga.<\/li>\n<\/ul><p><\/p>\n\n\n\n<p>Sendo assim, os aprovados ser\u00e3o remunerados com sal\u00e1rios iniciais de at\u00e9<strong>\u00a0R$ 5.775,26<\/strong>\u00a0e no fim da carreira esse valor pode chegar a\u00a0<strong>R$ 10.215,16<\/strong>.<\/p>\n\n\n\n<p>S\u00e3o requisitos b\u00e1sicos:<\/p>\n\n\n\n<ul class=\"wp-block-list\"><li>Estatura m\u00ednima de 1,65m para homens e 1,60m para mulheres;<\/li>\n\n\n\n<li>Idade m\u00ednima de 18 e m\u00e1xima de 30 anos, at\u00e9 a dada de inscri\u00e7\u00e3o no concurso PMDF.<\/li>\n\n\n\n<li>N\u00edvel superior completo.<\/li>\n<\/ul><p><\/p>\n\n\n\n<h2 class=\"wp-block-heading\" id=\"concurso-pmerj\">Concurso PMERJ<\/h2>\n\n\n\n<p>O <a href=\"https:\/\/www.novaconcursos.com.br\/portal\/concursos\/concurso-pmerj\/\">concurso PMERJ<\/a> est\u00e1 autorizado e em fase de defini\u00e7\u00e3o da banca organizadora. Ap\u00f3s definida, o edital poder\u00e1 ser publicado.<\/p>\n\n\n\n<p>A previs\u00e3o \u00e9 que sejam oferecidas mais de<strong>\u00a02 mil vagas\u00a0<\/strong>para a carreira de soldado, que exige dos candidatos os seguintes requisitos:<\/p>\n\n\n\n<ul class=\"wp-block-list\"><li>Idade entre 18 e 32 anos;<\/li>\n\n\n\n<li>Ensino m\u00e9dio completo;<\/li>\n\n\n\n<li>Altura m\u00ednima de 1,60m para mulheres e 1,65m para homens;<\/li>\n\n\n\n<li>Carteira Nacional de Habilita\u00e7\u00e3o na categoria B ou superior.<\/li>\n<\/ul><p><\/p>\n\n\n\n<p>Al\u00e9m disso os aprovados ser\u00e3o remunerados com\u00a0<strong>sal\u00e1rios inicias\u00a0<\/strong>no valor de R$4.102,02.<\/p>\n\n\n\n<h2 class=\"wp-block-heading\" id=\"concurso-pmerj-sade\">Concurso PMERJ Sa\u00fade<\/h2>\n\n\n\n<p>Foi publicado o extrato de contrato com o <a rel=\"noreferrer noopener\" aria-label=\"Ibade (abre numa nova aba)\" href=\"https:\/\/ww2.ibade.org.br\/Home\/Concursos\" target=\"_blank\">Ibade<\/a> (Instituto Brasileiro de Apoio e Desenvolvimento Executivo), banca organizadora.<\/p>\n\n\n\n<p>Dessa forma, o edital do <a href=\"https:\/\/www.novaconcursos.com.br\/portal\/concursos\/concurso-pm-rj-oficiais\/\">concurso PMERJ Sa\u00fade<\/a> pode ser publicado a qualquer momento.<\/p>\n\n\n\n<p>Ao todo, ser\u00e3o ofertada<strong>s 67 vagas <\/strong>para as seguintes carreiras:<\/p>\n\n\n\n<ul class=\"wp-block-list\"><li>Cabo PM Especialista (QPMP-6) do Quadro Auxiliar de Sa\u00fade (QAS) \u2013\u00a025 vagas; e<\/li>\n\n\n\n<li>Oficiais M\u00e9dicos do Quadro de Oficiais da Sa\u00fade (QOS) \u2013\u00a042 vagas.<\/li>\n<\/ul><p><\/p>\n\n\n\n<p>Sendo assim, os aprovados ser\u00e3o remunerados com os seguintes <strong>sal\u00e1rios iniciais:<\/strong><\/p>\n\n\n\n<ul class=\"wp-block-list\"><li>Cabo PM Especialista (QPMP-6) do Quadro Auxiliar de Sa\u00fade (QAS): <strong>R$ 3.861,51<\/strong><\/li>\n\n\n\n<li>Oficiais M\u00e9dicos do Quadro de Oficiais da Sa\u00fade (QOS): <strong>R$7.840,79<\/strong><\/li>\n<\/ul><p><\/p>\n\n\n\n<h2 class=\"wp-block-heading\" id=\"concurso-pm-pe\">Concurso PM PE<\/h2>\n\n\n\n<p>O <a href=\"https:\/\/www.novaconcursos.com.br\/portal\/concursos\/concurso-pm-pe\/\">concurso PM PE<\/a> foi autorizado para o provimento de 2.580 vagas, divididas entre as seguintes especialidades:<\/p>\n\n\n\n<ul class=\"wp-block-list\"><li><strong>Soldado:\u00a0<\/strong>2400 vagas\n<ul class=\"wp-block-list\"><li><strong>Requisito:<\/strong>\u00a0n\u00edvel m\u00e9dio<\/li>\n\n\n\n<li><strong>Sal\u00e1rio:<\/strong>\u00a0R$ 3.065,85<\/li>\n<\/ul><\/li>\n<\/ul><ul class=\"wp-block-list\"><li><strong>Oficial:\u00a0<\/strong>180 vagas\n<ul class=\"wp-block-list\"><li><strong>Requisito:<\/strong>\u00a0n\u00edvel superior em Direito<\/li>\n\n\n\n<li><strong>Sal\u00e1rio:<\/strong>\u00a0R$ 9.253,96<\/li>\n<\/ul><\/li>\n<\/ul><p><\/p>\n\n\n\n<p>Vale destacar que em julho foi sancionada e publicada a\u00a0<a rel=\"noreferrer noopener\" href=\"https:\/\/legis.alepe.pe.gov.br\/texto.aspx?tiponorma=2&amp;numero=108&amp;complemento=0&amp;ano=2008&amp;tipo=&amp;url=\" target=\"_blank\">Lei Complementar n\u00ba 498\/2022<\/a>\u00a0, que institui idade m\u00e1xima de\u00a0<strong>30 anos<\/strong>\u00a0para ingresso na carreira militar do estado.<\/p>\n\n\n\n<p>Em contrapartida, para a carreira de\u00a0<strong>oficial m\u00e9dico<\/strong>, o limite de idade ser\u00e1 de<strong>\u00a035 anos.<\/strong><\/p>\n\n\n\n<p><\/p>\n\n\n\n<h2 class=\"wp-block-heading\" id=\"concurso-pm-rn\">Concurso PM RN<\/h2>\n\n\n\n<p>O <a href=\"https:\/\/www.novaconcursos.com.br\/portal\/concursos\/pm-rn-soldado\/\">concurso PM RN<\/a> est\u00e1 com banca organizadora definida. A escolhida \u00e9 o IBFC (Instituto Brasileiro de Forma\u00e7\u00e3o e Capacita\u00e7\u00e3o).<\/p>\n\n\n\n<p>Dessa forma, a publica\u00e7\u00e3o do <strong>edital \u00e9 iminente.<\/strong><\/p>\n\n\n\n<p>A previs\u00e3o \u00e9 que sejam ofertadas <strong>1.158 vagas<\/strong> para Soldado e para Soldado M\u00fasico.<\/p>\n\n\n\n<p>Sendo assim, os aprovados ser\u00e3o remunerados com <strong>sal\u00e1rios iniciais <\/strong>no valor de R$ 3.929,01.<\/p>\n\n\n\n<p>S\u00e3o requisitos b\u00e1sicos:<\/p>\n\n\n\n<ul class=\"wp-block-list\"><li>Altura: 1,60m para o sexo masculino e 1,55m para o sexo feminino (antes eram de 1,65m masculino e 1,60m feminino);<\/li>\n\n\n\n<li>Idade m\u00e1xima: 35 anos (antes era exigido 30 anos);<\/li>\n\n\n\n<li>Aceita\u00e7\u00e3o do curso tecn\u00f3logo para especialidades de n\u00edvel superior.<\/li>\n<\/ul><p><\/p>\n\n\n\n<h2 class=\"wp-block-heading\" id=\"concurso-pm-pr\">Concurso PM PR<\/h2>\n\n\n\n<p> Foi encaminhado um\u00a0<strong>pedido <\/strong>de autoriza\u00e7\u00e3o de um novo\u00a0<a href=\"https:\/\/www.novaconcursos.com.br\/portal\/concursos\/concurso-pm-pr\/\">concurso PM PR<\/a> para o provimento de 374 vagas para a carreira de Soldado.<\/p>\n\n\n\n<p>Na \u00faltima sele\u00e7\u00e3o os aprovados foram remunerados com sal\u00e1rios iniciais no valor de R$ 4.263,67, ap\u00f3s o curso de forma\u00e7\u00e3o. <\/p>\n\n\n\n<p>S\u00e3o requisitos b\u00e1sicos para o cargo:<\/p>\n\n\n\n<ul class=\"wp-block-list\"><li>N\u00edvel m\u00e9dio de escolaridade;<\/li>\n\n\n\n<li>Idade m\u00e1xima de 30 anos;<\/li>\n\n\n\n<li>Carteira Nacional de Habilita\u00e7\u00e3o (CNH) ou Permiss\u00e3o para Dirigir, categoria \u201cB\u201d, no m\u00ednimo, v\u00e1lida e sem impedimentos (CNH categoria \u201cA\u201d n\u00e3o supre esse requisito).<\/li>\n<\/ul><p><\/p>\n\n\n\n<h2 class=\"wp-block-heading\" id=\"concurso-pm-rr-oficial\">Concurso PM RR Oficial<\/h2>\n\n\n\n<p>Foram alteradas as comiss\u00f5es respons\u00e1veis pelo novo<a href=\"https:\/\/www.novaconcursos.com.br\/portal\/concursos-abertos\/rr\/\">\u00a0concurso PM RR<\/a>\u00a0que pretende ofertar vagas para os cargos de Oficial Combatente, Oficial do Quadro M\u00e9dico e Oficial Complementar da Sa\u00fade. <\/p>\n\n\n\n<p>De acordo com o\u00a0<strong>comandante-geral da institui\u00e7\u00e3o<\/strong>, Francisco Xavier Medeiros de Souza, a nova sele\u00e7\u00e3o deve acontecer at\u00e9 2024.<\/p>\n\n\n\n<p>Conforme a Lei Complementar n\u00ba 224\/2014, os aprovados ser\u00e3o remunerados com sal\u00e1rios iniciais que variam de\u00a0<strong>R$ 8.678,81 a R$ 17.711,86<\/strong>.<\/p>\n\n\n\n<p>No entanto, n\u00e3o h\u00e1 informa\u00e7\u00f5es sobre o quantitativo de vagas a serem oferecidas.<\/p>\n\n\n\n<p>Confira os componentes da\u00a0<strong>nova comiss\u00e3o!<\/strong><\/p>\n\n\n\n<ul class=\"wp-block-list\"><li>Jos\u00e9 Peres Vilar Neto \u2013 Presidente<\/li>\n\n\n\n<li>Jailma Jacom\u00e9 Garcia \u2013 Membro<\/li>\n\n\n\n<li>Leandro da Silva Cardoso Junior \u2013 Membro<\/li>\n\n\n\n<li>Elvys Arantes Teixeira \u2013 Membro<\/li>\n\n\n\n<li>Em\u00edlio Bernardo Neto \u2013 Membro<\/li>\n\n\n\n<li>Samuel Silva Lira \u2013 Membro<\/li>\n<\/ul><p><\/p>\n\n\n\n<p>Ap\u00f3s a forma\u00e7\u00e3o da banca, iniciam-se os tramites para escolha da<strong>\u00a0banca organizadora<\/strong>\u00a0que ficar\u00e1 respons\u00e1vel pela\u00a0<strong>publica\u00e7\u00e3o do edital.<\/strong><\/p>\n\n\n\n<h2 class=\"wp-block-heading\" id=\"concurso-pm-pb\">Concurso PM PB<\/h2>\n\n\n\n<p>De acordo com o governador, Jo\u00e3o Azevedo, o edital do <a href=\"https:\/\/www.novaconcursos.com.br\/portal\/concursos\/concurso-pm-pb\/\">concurso PM PB <\/a>ser\u00e1 publicado em 2023.<\/p>\n\n\n\n<blockquote class=\"wp-block-quote is-layout-flow wp-block-quote-is-layout-flow\">\n<p><em> \u201cA inten\u00e7\u00e3o nossa \u00e9 que em 2023 n\u00f3s fa\u00e7amos concurso para a Pol\u00edcia Militar e para o Corpo de Bombeiros. Estamos levantando exatamente essa demanda, mas deve ser algo em torno de 1.000 vagas\u201d, <\/em>destacou o governador.<\/p>\n<\/blockquote>\n\n\n\n<p><\/p>\n\n\n\n<h2 class=\"wp-block-heading\" id=\"concurso-pm-ac-oficial\">Concurso PM AC Oficial<\/h2>\n\n\n\n<p>O concurso PM AC Oficial foi autorizado em 2022 e dever\u00e1 ter seu edital publicado em 2023.<\/p>\n\n\n\n<p>No entanto, ainda n\u00e3o foram divulgadas informa\u00e7\u00f5es em rela\u00e7\u00e3o as oportunidades a serem oferecidas.<\/p>\n\n\n\n<figure class=\"wp-block-image size-large\"><a href=\"https:\/\/aprovacao.novaconcursos.com.br\/assinatura\"><img decoding=\"async\" src=\"https:\/\/www.novaconcursos.com.br\/portal\/wp-content\/uploads\/2022\/01\/Faixa-Frete-Gr%E2%80%A0tis-portal.png\" alt=\"assinatura completa\" class=\"wp-image-153078\" loading=\"lazy\" title=\"\"><\/a><figcaption><\/figcaption><\/figure>","protected":false},"excerpt":{"rendered":"<p>O ano de 2023 est\u00e1 cheio de oportunidades para quem deseja ingressar na carreira de Policial Militar atrav\u00e9s do concurso PM. Dessa forma, reunimos AQUI as melhores vagas do ano! Confira! Estude para o concurso de seus sonhos com o\u00a0M\u00e9todo\u00a0que j\u00e1 ajudou na\u00a0aprova\u00e7\u00e3o de mais de 70 mil alunos!\u00a0Clique aqui\u00a0\u00a0e saiba mais! Concurso PM SC [&hellip;]<\/p>\n","protected":false},"author":54679,"featured_media":156720,"comment_status":"closed","ping_status":"closed","sticky":false,"template":"","format":"standard","meta":{"_acf_changed":false,"footnotes":"","_wp_rev_ctl_limit":""},"categories":[33508],"tags":[],"class_list":["post-182754","post","type-post","status-publish","format-standard","has-post-thumbnail","hentry","category-artigos"],"acf":[],"_links":{"self":[{"href":"https:\/\/www.novaconcursos.com.br\/portal\/wp-json\/wp\/v2\/posts\/182754","targetHints":{"allow":["GET"]}}],"collection":[{"href":"https:\/\/www.novaconcursos.com.br\/portal\/wp-json\/wp\/v2\/posts"}],"about":[{"href":"https:\/\/www.novaconcursos.com.br\/portal\/wp-json\/wp\/v2\/types\/post"}],"author":[{"embeddable":true,"href":"https:\/\/www.novaconcursos.com.br\/portal\/wp-json\/wp\/v2\/users\/54679"}],"replies":[{"embeddable":true,"href":"https:\/\/www.novaconcursos.com.br\/portal\/wp-json\/wp\/v2\/comments?post=182754"}],"version-history":[{"count":8,"href":"https:\/\/www.novaconcursos.com.br\/portal\/wp-json\/wp\/v2\/posts\/182754\/revisions"}],"predecessor-version":[{"id":259776,"href":"https:\/\/www.novaconcursos.com.br\/portal\/wp-json\/wp\/v2\/posts\/182754\/revisions\/259776"}],"wp:featuredmedia":[{"embeddable":true,"href":"https:\/\/www.novaconcursos.com.br\/portal\/wp-json\/wp\/v2\/media\/156720"}],"wp:attachment":[{"href":"https:\/\/www.novaconcursos.com.br\/portal\/wp-json\/wp\/v2\/media?parent=182754"}],"wp:term":[{"taxonomy":"category","embeddable":true,"href":"https:\/\/www.novaconcursos.com.br\/portal\/wp-json\/wp\/v2\/categories?post=182754"},{"taxonomy":"post_tag","embeddable":true,"href":"https:\/\/www.novaconcursos.com.br\/portal\/wp-json\/wp\/v2\/tags?post=182754"}],"curies":[{"name":"wp","href":"https:\/\/api.w.org\/{rel}","templated":true}]}}