{"id":183827,"date":"2023-01-20T11:00:46","date_gmt":"2023-01-20T14:00:46","guid":{"rendered":"https:\/\/www.novaconcursos.com.br\/portal\/?p=183827"},"modified":"2025-12-08T12:29:38","modified_gmt":"2025-12-08T15:29:38","slug":"concurso-inss-saiu-o-resultado-heteroidentificacao-biopsicossocial","status":"publish","type":"post","link":"https:\/\/www.novaconcursos.com.br\/portal\/noticias\/concurso-inss-saiu-o-resultado-heteroidentificacao-biopsicossocial\/","title":{"rendered":"Concurso INSS: Divulgado o resultado provis\u00f3rio de heteroidentifica\u00e7\u00e3o e avalia\u00e7\u00e3o biopsicossocial!"},"content":{"rendered":"<p>Foram publicados no Di\u00e1rio Oficial desta sexta-feira, 20 de janeiro, os <strong>resultados provis\u00f3rios<\/strong> da\u00a0avalia\u00e7\u00e3o biopsicossocial e do procedimento de heteroidentifica\u00e7\u00e3o do <a href=\"https:\/\/www.novaconcursos.com.br\/portal\/concursos\/concurso-inss\/\">concurso INSS<\/a>, para a carreira de t\u00e9cnico do seguro social.<\/p>\n\n\n\n<p>Os candidatos que n\u00e3o concordarem com os resultados poder\u00e3o <strong>interpor recurso<\/strong> entre os dias 23 e 24 de janeiro, no site do <a href=\"https:\/\/www.cebraspe.org.br\/concursos\/\" target=\"_blank\" rel=\"noreferrer noopener\" aria-label=\"Cebraspe (abre numa nova aba)\">Cebraspe<\/a>, banca organizadora.<\/p>\n\n\n\n<p>O <strong>resultado final <\/strong>das etapas, bem como, a convoca\u00e7\u00e3o para o envio da documenta\u00e7\u00e3o para o desempate de notas na primeira etapa do concurso ser\u00e1 divulgado dia <strong>31 de janeiro de 2023.<\/strong><\/p>\n\n\n\n<h2 class=\"wp-block-heading\" id=\"at-4-mil-aprovados-convocados\">At\u00e9 4 mil aprovados convocados!<\/h2>\n\n\n\n<p>De acordo com o Ministro da Previd\u00eancia Social, Carlos Lupi, at\u00e9\u00a0<strong>4 mil<\/strong>\u00a0aprovados\u00a0poder\u00e3o ser convocados durante o\u00a0<strong>prazo de validade<\/strong>\u00a0do concurso.<\/p>\n\n\n\n<p>A informa\u00e7\u00e3o foi divulgada durante\u00a0<strong>encontro\u00a0com representantes\u00a0<\/strong>da categoria na \u00faltima ter\u00e7a-feira, 17 de janeiro de 2023.<\/p>\n\n\n\n<p>O ministro informou que\u00a0<strong>imediatamente<\/strong>\u00a0ser\u00e3o convocados<strong>\u00a0mil aprovados<\/strong>\u00a0e posteriormente ser\u00e3o convocados os demais.<\/p>\n\n\n\n<p>Vale lembrar que de acordo com o anexo II do\u00a0<strong>Decreto N\u00ba 9.739\/2019<\/strong>\u00a0o n\u00famero m\u00e1ximo de aprovados no concurso \u00e9 3.373 candidatos, ou seja, para que mais aprovados sejam convocados ser\u00e1 preciso a publica\u00e7\u00e3o de um novo decreto.<\/p>\n\n\n\n<h2 class=\"wp-block-heading\" id=\"vagas-e-salrios\">Vagas e sal\u00e1rios<\/h2>\n\n\n\n<p>A sele\u00e7\u00e3o em andamento est\u00e1 com oferta de\u00a0<strong>1.000 vagas<\/strong>\u00a0para a carreira de T\u00e9cnico do Seguro Social, exig\u00eancia de\u00a0<strong>n\u00edvel m\u00e9dio.<\/strong><\/p>\n\n\n\n<p>Sendo assim, os aprovados ser\u00e3o remunerados com sal\u00e1rios iniciais de<strong>\u00a0R$5.905,79<\/strong>, para jornada de 40 horas semanais. Veja a distribui\u00e7\u00e3o do valor:<\/p>\n\n\n\n<ul class=\"wp-block-list\"><li>Vencimento b\u00e1sico:\u00a0<strong>R$ 712,61<\/strong>;<\/li>\n\n\n\n<li>Gratifica\u00e7\u00e3o de Atividade Executiva (GAE):\u00a0<strong>R$ 1.140,18<\/strong>;<\/li>\n\n\n\n<li>Gratifica\u00e7\u00e3o de Atividade de Desempenho de Atividade do Seguro Social (GDASS):\u00a0<strong>R$ 3.595,00<\/strong>;<\/li>\n\n\n\n<li>Aux\u00edlio-alimenta\u00e7\u00e3o no valor de\u00a0<strong>R$ 458,00<\/strong>.<\/li>\n<\/ul><p><\/p>\n\n\n\n<h2 class=\"wp-block-heading\" id=\"como-foram-as-provas\">Como foram as provas?<\/h2>\n\n\n\n<p>Os candidatos foram avaliados atrav\u00e9s de provas objetivas aplicadas no dia\u00a0<strong>27 de novembro de 2022.<\/strong> <\/p>\n\n\n\n<p>Assim, as provas objetivas foram produzidas no tradicional estilo \u201cCerto ou Errado\u201d, em que houve o desconto de um ponto para cada erro.<\/p>\n\n\n\n<p>Posteriormente, a prova teve\u00a0<strong>120 quest\u00f5es<\/strong>\u00a0no total, sendo que 70 foram de Direito Previdenci\u00e1rio. Portanto, veja as disciplinas:<\/p>\n\n\n\n<ul class=\"wp-block-list\"><li><strong>Conhecimentos b\u00e1sicos: 50 quest\u00f5es<\/strong>\n<ul class=\"wp-block-list\"><li>L\u00edngua Portuguesa;<\/li>\n\n\n\n<li>\u00c9tica no Servi\u00e7o P\u00fablico;<\/li>\n\n\n\n<li>No\u00e7\u00f5es de Direito\n<ul class=\"wp-block-list\"><li>Constitucional;<\/li>\n\n\n\n<li>Administrativo;<\/li>\n<\/ul><\/li>\n\n\n\n<li>No\u00e7\u00f5es de Inform\u00e1tica;<\/li>\n\n\n\n<li>Racioc\u00ednio L\u00f3gico-Matem\u00e1tico.<\/li>\n<\/ul><\/li>\n<\/ul><p><\/p>\n\n\n\n<ul class=\"wp-block-list\"><li><strong>Conhecimentos espec\u00edficos: 70 quest\u00f5es<\/strong><ul><li>Seguridade Social;<\/li><li>Legisla\u00e7\u00e3o Previdenci\u00e1ria;<\/li><li>Regime Geral de Previd\u00eancia Social;<\/li><li>Empresa e Empregador Dom\u00e9stico: Conceito Previdenci\u00e1rio;<\/li><li>Financiamento da Seguridade Social;<\/li><li>Decad\u00eancia e Prescri\u00e7\u00e3o;<\/li><li>Crimes Contra a Seguridade Social;<\/li><li>Recurso das Decis\u00f5es Administrativas;<\/li><li>Plano de Benef\u00edcios da Previd\u00eancia Social;<\/li><li>Manuten\u00e7\u00e3o, Perda e Restabelecimento da Qualidade de Segurado;<\/li><\/ul><ul><li>Servi\u00e7os Previdenci\u00e1rios;<\/li><li>Benef\u00edcios Decorrentes de Legisla\u00e7\u00f5es Especiais;<\/li><li>Seguro Desemprego Pescador Artesanal;<\/li><li>Lei Org\u00e2nica da Assist\u00eancia Social;<\/li><li>Regimes Pr\u00f3prios de Previd\u00eancia Social;<\/li><li>Emenda Constitucional n\u00ba 103\/2019;<\/li><li>Lei Complementar n\u00ba 142\/2013;<\/li><li>Lei n\u00ba 8.212\/1991 e suas Altera\u00e7\u00f5es;<\/li><\/ul><ul class=\"wp-block-list\"><li>Decreto n\u00ba 3.048\/1999 e suas Altera\u00e7\u00f5es;<\/li>\n\n\n\n<li>Instru\u00e7\u00e3o Normativa PRES\/INSS n\u00ba 128\/2022;<\/li>\n\n\n\n<li>O Servidor P\u00fablico como Agente de Desenvolvimento Social;<\/li>\n\n\n\n<li>Sa\u00fade e Qualidade de Vida no Servi\u00e7o P\u00fablico.<\/li>\n<\/ul><\/li>\n<\/ul><p><\/p>\n\n\n\n<h2 class=\"wp-block-heading\" id=\"novo-concurso-inss-em-2023\">Novo concurso INSS em 2023!<\/h2>\n\n\n\n<p>Al\u00e9m do concurso INSS em andamento, uma\u00a0<strong>nova sele\u00e7\u00e3o\u00a0<\/strong>poder\u00e1 ser realizada em breve!<\/p>\n\n\n\n<p>Isso porque o\u00a0<strong>deputado federal Luiz Marinho\u00a0<\/strong>(PT SP), cotado pelo presidente eleito\u00a0Luiz In\u00e1cio da Silva, para assumir o Minist\u00e9rio do Trabalho e Previd\u00eancia se manifestou positivamente pela<strong>\u00a0realiza\u00e7\u00e3o do novo concurso<\/strong>\u00a0para o provimento de<strong>\u00a0mais de mil vagas,\u00a0<\/strong>tendo como objetivo a restrutura\u00e7\u00e3o do servi\u00e7o social.<\/p>\n\n\n\n<p>De acordo com o parlamentar faz-se necess\u00e1rio a\u00a0<strong>contrata\u00e7\u00e3o de servidores\u00a0<\/strong>o suficiente para atender a demanda do INSS.<\/p>\n\n\n\n<blockquote class=\"wp-block-quote is-layout-flow wp-block-quote-is-layout-flow\">\n<p><em>\u201cPara o\u00a0INSS\u00a0voltar a funcionar \u00e9 preciso ter pessoal qualificado e suficiente para atender a demanda, por que sen\u00e3o a bola de neve s\u00f3 vai crescer e custar muito mais para os cofres p\u00fablicos que ter\u00e1 de pagar os retroativos, al\u00e9m de ser uma maldade para com quem precisa ter seus direitos reconhecidos\u201d,<\/em>\u00a0disse.<\/p>\n<\/blockquote>\n\n\n\n<p><\/p>\n\n\n\n<p>Al\u00e9m disso, o pr\u00f3prio\u00a0<strong>presidente Lula\u00a0<\/strong>se manifestou em suas redes sociais sobre a necessidade de uma nova sele\u00e7\u00e3o para\u00a0<strong>melhorias no atendimento\u00a0<\/strong>INSS.<\/p>\n\n\n\n<p>Ele informou que o atual governo Bolsonaro gerou um desmonte na autarquia, deixando uma fila de<strong>\u00a05 milh\u00f5es<\/strong>\u00a0de pessoas aguardando an\u00e1lise.<\/p>","protected":false},"excerpt":{"rendered":"<p>Foram publicados no Di\u00e1rio Oficial desta sexta-feira, 20 de janeiro, os resultados provis\u00f3rios da\u00a0avalia\u00e7\u00e3o biopsicossocial e do procedimento de heteroidentifica\u00e7\u00e3o do concurso INSS, para a carreira de t\u00e9cnico do seguro social. Os candidatos que n\u00e3o concordarem com os resultados poder\u00e3o interpor recurso entre os dias 23 e 24 de janeiro, no site do Cebraspe, banca [&hellip;]<\/p>\n","protected":false},"author":54679,"featured_media":155656,"comment_status":"closed","ping_status":"closed","sticky":false,"template":"","format":"standard","meta":{"_acf_changed":false,"footnotes":"","_wp_rev_ctl_limit":""},"categories":[228],"tags":[],"class_list":["post-183827","post","type-post","status-publish","format-standard","has-post-thumbnail","hentry","category-noticias"],"acf":[],"_links":{"self":[{"href":"https:\/\/www.novaconcursos.com.br\/portal\/wp-json\/wp\/v2\/posts\/183827","targetHints":{"allow":["GET"]}}],"collection":[{"href":"https:\/\/www.novaconcursos.com.br\/portal\/wp-json\/wp\/v2\/posts"}],"about":[{"href":"https:\/\/www.novaconcursos.com.br\/portal\/wp-json\/wp\/v2\/types\/post"}],"author":[{"embeddable":true,"href":"https:\/\/www.novaconcursos.com.br\/portal\/wp-json\/wp\/v2\/users\/54679"}],"replies":[{"embeddable":true,"href":"https:\/\/www.novaconcursos.com.br\/portal\/wp-json\/wp\/v2\/comments?post=183827"}],"version-history":[{"count":9,"href":"https:\/\/www.novaconcursos.com.br\/portal\/wp-json\/wp\/v2\/posts\/183827\/revisions"}],"predecessor-version":[{"id":299257,"href":"https:\/\/www.novaconcursos.com.br\/portal\/wp-json\/wp\/v2\/posts\/183827\/revisions\/299257"}],"wp:featuredmedia":[{"embeddable":true,"href":"https:\/\/www.novaconcursos.com.br\/portal\/wp-json\/wp\/v2\/media\/155656"}],"wp:attachment":[{"href":"https:\/\/www.novaconcursos.com.br\/portal\/wp-json\/wp\/v2\/media?parent=183827"}],"wp:term":[{"taxonomy":"category","embeddable":true,"href":"https:\/\/www.novaconcursos.com.br\/portal\/wp-json\/wp\/v2\/categories?post=183827"},{"taxonomy":"post_tag","embeddable":true,"href":"https:\/\/www.novaconcursos.com.br\/portal\/wp-json\/wp\/v2\/tags?post=183827"}],"curies":[{"name":"wp","href":"https:\/\/api.w.org\/{rel}","templated":true}]}}