{"id":184420,"date":"2025-10-22T09:09:12","date_gmt":"2025-10-22T12:09:12","guid":{"rendered":"https:\/\/www.novaconcursos.com.br\/portal\/?post_type=nc-public-tender&#038;p=184420"},"modified":"2025-10-28T15:51:21","modified_gmt":"2025-10-28T18:51:21","slug":"concurso-docas-ce","status":"publish","type":"post","link":"https:\/\/www.novaconcursos.com.br\/portal\/concursos\/concurso-docas-ce\/","title":{"rendered":"Concurso Docas CE: Inscri\u00e7\u00f5es prorrogadas! 73 vagas de Analista!"},"content":{"rendered":"<p>Aten\u00e7\u00e3o, concurseiros! O edital do concurso Docas CE (Companhia Docas do Cear\u00e1) passou por uma mudan\u00e7a e conta com <mark style=\"background-color:rgba(0, 0, 0, 0)\" class=\"has-inline-color has-vivid-red-color\"><strong>inscri\u00e7\u00f5es prorrogadas<\/strong><\/mark>! O per\u00edodo foi estendido at\u00e9 o dia <mark style=\"background-color:rgba(0, 0, 0, 0)\" class=\"has-inline-color has-vivid-red-color\"><strong>24 de outubro<\/strong><\/mark>. Se voc\u00ea ainda n\u00e3o confirmou sua participa\u00e7\u00e3o, a oportunidade ainda est\u00e1 aberta!<\/p>\n\n\n\n<p>As inscri\u00e7\u00f5es podem ser feitas no site da banca IADE, com taxa de participa\u00e7\u00e3o fixada em <strong>R$ 120,00<\/strong> para todas as especialidades do cargo. A sele\u00e7\u00e3o dos candidatos ser\u00e1 feita por meio de provas objetiva e de t\u00edtulo, marcada para o dia <strong>23 de novembro de 2025<\/strong>.<\/p>\n\n\n\n<p>O concurso oferece <strong>45 vagas imediatas<\/strong> e 28 para forma\u00e7\u00e3o de <strong>cadastro de reserva<\/strong> no cargo de <strong>Analista Portu\u00e1rio<\/strong>, abrangendo diversas especialidades. As remunera\u00e7\u00f5es iniciais variam de <strong>R$8.458,87<\/strong> a <strong>R$14.429,02<\/strong>. Quer saber todos os detalhes sobre cargos, sal\u00e1rios, etapas e prazos? Continue lendo a mat\u00e9ria completa e prepare-se com anteced\u00eancia para garantir sua vaga no concurso Docas CE!<\/p>\n\n\n\n<h2 class=\"wp-block-heading\" id=\"como-se-inscrever-no-concurso-docas-ce\">Como se inscrever no concurso Docas CE?<\/h2>\n\n\n\n<p>O prazo para se inscrever no concurso Docas CE, que tinha como data limite o dia 17 de outubro, foi <strong>prorrogado<\/strong>! Agora, quem desejar participar pode confirmar sua inscri\u00e7\u00e3o at\u00e9 o dia <strong>24 de outubro<\/strong>. Esta \u00e9 a \u00fanica altera\u00e7\u00e3o registrada at\u00e9 o momento, e, portanto, as demais datas seguem como est\u00e3o definidas no edital.<\/p>\n\n\n\n<p>Para participar do concurso Docas CE, o candidato dever\u00e1:<\/p>\n\n\n\n<ul class=\"wp-block-list\"><li>Acessar o <a href=\"https:\/\/www.iade.org.br\/concursos\" target=\"_blank\" data-type=\"link\" data-id=\"https:\/\/www.iade.org.br\/concursos\" rel=\"noreferrer noopener\">site do IADE<\/a>.<\/li>\n\n\n\n<li>Localizar a p\u00e1gina espec\u00edfica do concurso Docas CE.<\/li>\n\n\n\n<li>Preencher o formul\u00e1rio de inscri\u00e7\u00e3o com seus dados pessoais.<\/li>\n\n\n\n<li>Escolher o cargo de interesse.<\/li>\n\n\n\n<li>Emitir e pagar a taxa de inscri\u00e7\u00e3o dentro do prazo estipulado em edital.<\/li>\n<\/ul><p><strong>O pagamento da taxa de inscri\u00e7\u00e3o deve ser realizado at\u00e9 o dia 29 de outubro de 2025.<\/strong><\/p>\n\n\n\n<h3 class=\"wp-block-heading\">Isen\u00e7\u00e3o da taxa de inscri\u00e7\u00e3o<\/h3>\n\n\n\n<p>O per\u00edodo para solicita\u00e7\u00e3o de isen\u00e7\u00e3o da taxa de inscri\u00e7\u00e3o do concurso Docas CE foi de <em>3 a 7 de outubro de 2025. <\/em><\/p>\n\n\n\n<p>Puderam requerer a isen\u00e7\u00e3o os candidatos:<\/p>\n\n\n\n<ul class=\"wp-block-list\"><li>inscritos no Cadastro \u00danico para Programas Sociais do Governo Federal (Cad\u00danico), conforme os Decretos n\u00ba 6.593\/2008 e n\u00ba 11.016\/2022 e a Lei n\u00ba 13.656\/2018, ou; <\/li>\n\n\n\n<li>aqueles que forem doadores de medula \u00f3ssea, nos termos da mesma lei.<\/li>\n<\/ul><h2 class=\"wp-block-heading\" id=\"cargos-e-vagas\">Cargos e vagas<\/h2>\n\n\n\n<p>O concurso Docas CE disponibiliza um total de 73 oportunidades de Analista Portu\u00e1rio, sendo 45 vagas para provimento imediato e 28 para forma\u00e7\u00e3o de cadastro de reserva. <\/p>\n\n\n\n<p>No caso do cadastro, os candidatos aprovados poder\u00e3o ser convocados ao longo de todo o prazo de validade do certame, que ser\u00e1 de dois anos a partir da homologa\u00e7\u00e3o do resultado final, podendo ainda ser prorrogado por igual per\u00edodo.<\/p>\n\n\n\n<p>As vagas est\u00e3o distribu\u00eddas entre as seguintes especialidades:<\/p>\n\n\n\n<ul class=\"wp-block-list\"><li>Administrador: 14 vagas (7 imediatas e 7 cadastro de reserva)<\/li>\n\n\n\n<li>Advogado: 9 vagas (6 imediatas e 3 cadastro de reserva)<\/li>\n\n\n\n<li>Analista de Sistemas\/Desenvolvimento: 5 vagas (3 imediatas e 2 cadastro de reserva)<\/li>\n\n\n\n<li>Analista de Sistemas\/Infraestrutura: 4 vagas (2 imediatas e 2 cadastro de reserva)<\/li>\n\n\n\n<li>Contador: 8 vagas (5 imediatas e 3 cadastro de reserva)<\/li>\n\n\n\n<li>Economista: 6 vagas (4 imediatas e 2 cadastro de reserva)<\/li>\n\n\n\n<li>Engenheiro Civil: 9 vagas (6 imediatas e 3 cadastro de reserva)<\/li>\n\n\n\n<li>Engenheiro El\u00e9trico: 4 vagas (2 imediatas e 2 cadastro de reserva)<\/li>\n\n\n\n<li>Engenheiro Mec\u00e2nico: 3 vagas (1 imediata e 2 cadastro de reserva)<\/li>\n\n\n\n<li>M\u00e9dico do Trabalho: 4 vagas (2 imediatas e 2 cadastro de reserva)<\/li>\n<\/ul><p>Assim, o certame contempla diversas \u00e1reas profissionais, oferecendo oportunidades tanto para ingresso imediato quanto para futuras convoca\u00e7\u00f5es.<\/p>\n\n\n\n<h2 class=\"wp-block-heading\" id=\"salrio\">Sal\u00e1rio<\/h2>\n\n\n\n<p>Os sal\u00e1rios iniciais do concurso Docas CE j\u00e1 incluem o adicional de risco, previsto para todos os cargos, o que garante uma remunera\u00e7\u00e3o mais atrativa aos aprovados. Confira os valores brutos de acordo com cada fun\u00e7\u00e3o:<\/p>\n\n\n\n<ul class=\"wp-block-list\"><li>Administrador: R$ 8.727,57<\/li>\n\n\n\n<li>Advogado: R$ 8.727,57<\/li>\n\n\n\n<li>Analista de Sistemas (Desenvolvimento e Infraestrutura): R$ 8.727,57<\/li>\n\n\n\n<li>Contador: R$ 8.727,57<\/li>\n\n\n\n<li>Economista: R$ 8.727,57<\/li>\n\n\n\n<li>Engenheiro (Civil, El\u00e9trico e Mec\u00e2nico): R$ 14.429,02<\/li>\n\n\n\n<li>M\u00e9dico do Trabalho: R$ 8.458,87<\/li>\n<\/ul><p>Dessa forma, os vencimentos iniciais variam de R$ 8,4 mil a R$ 14,4 mil, dependendo do cargo, representando uma excelente oportunidade para profissionais de n\u00edvel superior em diversas \u00e1reas.<\/p>\n\n\n\n<h2 class=\"wp-block-heading\" id=\"requisitos-bsicos\">Requisitos b\u00e1sicos<\/h2>\n\n\n\n<p>De acordo com o \u00faltimo edital, para concorrer ao concurso Docas CE, \u00e9 <strong>necess\u00e1rio<\/strong>, al\u00e9m de ter o n\u00edvel de escolaridade exigido, cumprir com os seguintes crit\u00e9rios:<\/p>\n\n\n\n<ul class=\"wp-block-list\"><li>Ter sido aprovado e classificado no concurso p\u00fablico, conforme o edital, anexos e eventuais retifica\u00e7\u00f5es<\/li>\n\n\n\n<li>Ter nacionalidade brasileira ou portuguesa; no caso de portugueses, estar amparado pelo Estatuto de Igualdade entre brasileiros e portugueses, com reconhecimento do gozo dos direitos pol\u00edticos<\/li>\n\n\n\n<li>Ter idade m\u00ednima de 18 anos completos<\/li>\n\n\n\n<li>Estar em pleno gozo dos direitos pol\u00edticos<\/li>\n\n\n\n<li>Estar quite com as obriga\u00e7\u00f5es eleitorais e, se do sexo masculino, tamb\u00e9m com as obriga\u00e7\u00f5es militares<\/li>\n\n\n\n<li>Firmar declara\u00e7\u00e3o de n\u00e3o estar cumprindo san\u00e7\u00e3o por inidoneidade aplicada por \u00f3rg\u00e3o p\u00fablico ou entidade federal, estadual ou municipal<\/li>\n\n\n\n<li>Possuir os requisitos espec\u00edficos para o cargo, conforme disposto no edital<\/li>\n\n\n\n<li>Apresentar outros documentos que possam ser exigidos<\/li>\n\n\n\n<li>Ser considerado apto em todos os exames m\u00e9dicos pr\u00e9-admissionais, com apresenta\u00e7\u00e3o de exames cl\u00ednicos e laboratoriais \u00e0s expensas do candidato<\/li>\n\n\n\n<li>N\u00e3o acumular cargos, empregos ou fun\u00e7\u00f5es p\u00fablicas, salvo os permitidos pela Constitui\u00e7\u00e3o Federal<\/li>\n\n\n\n<li>N\u00e3o receber proventos de aposentadoria que caracterizem acumula\u00e7\u00e3o il\u00edcita de cargos, conforme artigo 37, inciso XVI, da Constitui\u00e7\u00e3o Federal<\/li>\n\n\n\n<li>Apresentar declara\u00e7\u00e3o de que n\u00e3o sofreu penalidade incompat\u00edvel com nova investidura em cargo p\u00fablico<\/li>\n\n\n\n<li>N\u00e3o possuir antecedentes criminais em seus registros<\/li>\n\n\n\n<li>Cumprir todas as demais determina\u00e7\u00f5es previstas no edital<\/li>\n<\/ul><h2 class=\"wp-block-heading\" id=\"etapas-de-seleo-do-concurso-docas-ce\">Etapas de sele\u00e7\u00e3o do concurso Docas CE<\/h2>\n\n\n\n<p>Os candidatos do concurso Docas CE passar\u00e3o por duas etapas de sele\u00e7\u00e3o:<\/p>\n\n\n\n<ul class=\"wp-block-list\"><li>Prova Objetiva<\/li>\n\n\n\n<li>Prova de T\u00edtulos<\/li>\n<\/ul><h3 class=\"wp-block-heading\">Prova Objetiva<\/h3>\n\n\n\n<p>A Prova Objetiva, de car\u00e1ter eliminat\u00f3rio e classificat\u00f3rio, ser\u00e1 composta de 60 (sessenta) quest\u00f5es distribu\u00eddas em Conhecimentos Gerais, L\u00edngua Portuguesa, Matem\u00e1tica e Racioc\u00ednio L\u00f3gico, Legisla\u00e7\u00e3o Espec\u00edfica, Administra\u00e7\u00e3o P\u00fablica e \u00c9tica, Atualidades e Conhecimentos Espec\u00edficos:<\/p>\n\n\n\n<figure class=\"wp-block-image size-full\"><img decoding=\"async\" width=\"581\" height=\"268\" src=\"https:\/\/www.novaconcursos.com.br\/portal\/wp-content\/uploads\/2025\/08\/concurso-docas-ce-prova-obj.webp\" alt=\"prova objetiva do concurso docas ce\" class=\"wp-image-292377\" loading=\"lazy\" title=\"\" srcset=\"https:\/\/www.novaconcursos.com.br\/portal\/wp-content\/uploads\/2025\/08\/concurso-docas-ce-prova-obj-300x138.webp 300w, https:\/\/www.novaconcursos.com.br\/portal\/wp-content\/uploads\/2025\/08\/concurso-docas-ce-prova-obj-480x221.webp 480w, https:\/\/www.novaconcursos.com.br\/portal\/wp-content\/uploads\/2025\/08\/concurso-docas-ce-prova-obj.webp 581w\" sizes=\"auto, (max-width: 480px) 100vw, (max-width: 768px) 100vw, (max-width: 1200px) 70vw, 768px\"><figcaption><\/figcaption><\/figure><p>A prova ser\u00e1 aplicada no dia 23 de novembro de 2025, exclusivamente em Fortaleza (CE).<\/p>\n\n\n\n<p>O candidato dever\u00e1 obter pelo menos 50% (cinquenta por cento) do total de pontos da Prova Objetiva e n\u00e3o zerar em nenhum dos componentes da Prova Objetiva, sob pena de elimina\u00e7\u00e3o do Certame!<\/p>\n\n\n\n<h3 class=\"wp-block-heading\">Prova de T\u00edtulos<\/h3>\n\n\n\n<p>A Prova de T\u00edtulos, de car\u00e1ter classificat\u00f3rio, ser\u00e1 aplicada a todas as especialidades do cargo de Analista Portu\u00e1rio:<\/p>\n\n\n\n<ul class=\"wp-block-list\"><li><strong>Titula\u00e7\u00e3o Acad\u00eamica<\/strong>\n<ul class=\"wp-block-list\"><li>Doutorado na \u00e1rea: 15 pontos (m\u00e1x. 15)<\/li>\n\n\n\n<li>Mestrado na \u00e1rea: 10 pontos (m\u00e1x. 10)<\/li>\n\n\n\n<li>Especializa\u00e7\u00e3o (m\u00ednimo 360h): 7,5 pontos por t\u00edtulo (m\u00e1x. 15)<\/li>\n\n\n\n<li>Curso t\u00e9cnico (800 a 1200h): 7,5 pontos por t\u00edtulo (m\u00e1x. 15)<\/li>\n<\/ul><\/li>\n\n\n\n<li><strong>Forma\u00e7\u00e3o Complementar T\u00e9cnica<\/strong>\n<ul class=\"wp-block-list\"><li>Curso de capacita\u00e7\u00e3o (m\u00ednimo 40h) na \u00e1rea portu\u00e1ria ou correlata: 5 pontos por curso (m\u00e1x. 15)<\/li>\n<\/ul><\/li>\n\n\n\n<li><strong>Experi\u00eancia Profissional<\/strong>\n<ul class=\"wp-block-list\"><li>Atua\u00e7\u00e3o na \u00e1rea do cargo (m\u00ednimo 2 anos): 2,5 pontos por ano (m\u00e1x. 10)<\/li>\n\n\n\n<li>Atua\u00e7\u00e3o no setor portu\u00e1rio (m\u00ednimo 2 anos): 10 pontos por ano (m\u00e1x. 20)<\/li>\n<\/ul><\/li>\n\n\n\n<li><strong>Pontua\u00e7\u00e3o total m\u00e1xima:<\/strong> 100 pontos<\/li>\n<\/ul><p>Somente participar\u00e3o desta etapa os candidatos que n\u00e3o forem eliminados na Prova Objetiva ou por outros crit\u00e9rios previstos no edital, sendo avaliados apenas aqueles que alcan\u00e7arem classifica\u00e7\u00e3o na prova objetiva.<\/p>\n\n\n\n<h2 class=\"wp-block-heading\" id=\"o-que-cai-na-prova\">O que cai na prova?<\/h2>\n\n\n\n<p>De acordo com os conhecimentos gerais do edital do concurso Docas CE, os candidatos devem se preparar para o seguinte conte\u00fado program\u00e1tico:<\/p>\n\n\n\n<h3 class=\"wp-block-heading\">L\u00edngua Portuguesa<\/h3>\n\n\n\n<ul class=\"wp-block-list\"><li>Compreens\u00e3o e interpreta\u00e7\u00e3o de textos;<\/li>\n\n\n\n<li>Marcas de textualidade: coes\u00e3o, coer\u00eancia, intertextualidade, informatividade, intencionalidade, aceitabilidade e situacionalidade;<\/li>\n\n\n\n<li>Tipologia textual: narra\u00e7\u00e3o, descri\u00e7\u00e3o, disserta\u00e7\u00e3o, exposi\u00e7\u00e3o, injun\u00e7\u00e3o;<\/li>\n\n\n\n<li>Fun\u00e7\u00f5es da linguagem: emotiva, conativa, f\u00e1tica, referencial e metalingu\u00edstica;<\/li>\n\n\n\n<li>Aspectos de conven\u00e7\u00e3o da escrita na norma culta: acentua\u00e7\u00e3o, forma\u00e7\u00e3o de palavras (deriva\u00e7\u00e3o, composi\u00e7\u00e3o, abrevia\u00e7\u00e3o, siglas, hibridismo, onomatopeia e neologismo), ortografia, uso do h\u00edfen;<\/li>\n\n\n\n<li>Aspectos gramaticais da norma culta: reg\u00eancia verbal e nominal, concord\u00e2ncia verbal e nominal, tempos e modos verbais, pontua\u00e7\u00e3o, empregos dos pronomes, termos essenciais, integrantes e acess\u00f3rios da ora\u00e7\u00e3o, crase;<\/li>\n\n\n\n<li>Sem\u00e2ntica: sinon\u00edmia, anton\u00edmia, hiperon\u00edmia, hipon\u00edmia, polissemia, ambiguidade, denota\u00e7\u00e3o e conota\u00e7\u00e3o;<\/li>\n\n\n\n<li>Marcas de registro: varia\u00e7\u00e3o lingu\u00edstica e norma culta;<\/li>\n\n\n\n<li>Figuras de linguagem: met\u00e1fora, meton\u00edmia, sinestesia, hip\u00e9rbole, eufemismo, ironia, prosopopeia, ant\u00edtese, paradoxo e outras figuras.<\/li>\n<\/ul><h3 class=\"wp-block-heading\">Matem\u00e1tica e Racioc\u00ednio L\u00f3gico<\/h3>\n\n\n\n<ul class=\"wp-block-list\"><li>Teoria dos Conjuntos: no\u00e7\u00f5es b\u00e1sicas, formas de representa\u00e7\u00e3o, opera\u00e7\u00f5es entre conjuntos, propriedades, diagramas de Venn, problemas envolvendo interse\u00e7\u00e3o, uni\u00e3o e complemento de conjuntos;<\/li>\n\n\n\n<li>An\u00e1lise Combinat\u00f3ria: contagem simples, princ\u00edpio aditivo, princ\u00edpio multiplicativo, permuta\u00e7\u00f5es, arranjos e combina\u00e7\u00f5es;<\/li>\n\n\n\n<li>Sequ\u00eancias e Padr\u00f5es: identifica\u00e7\u00e3o e generaliza\u00e7\u00e3o de padr\u00f5es num\u00e9ricos e n\u00e3o num\u00e9ricos, progress\u00f5es aritm\u00e9ticas e progress\u00f5es geom\u00e9tricas;<\/li>\n\n\n\n<li>L\u00f3gica Proposicional: proposi\u00e7\u00f5es simples e compostas, conectivos l\u00f3gicos, tabela-verdade, leis de De Morgan, implica\u00e7\u00f5es e equival\u00eancias l\u00f3gicas, validade de argumentos, condi\u00e7\u00f5es necess\u00e1rias e suficientes.<\/li>\n<\/ul><h3 class=\"wp-block-heading\">Legisla\u00e7\u00e3o Espec\u00edfica<\/h3>\n\n\n\n<ul class=\"wp-block-list\"><li>Lei n\u00ba 13.303, de 30 de junho de 2016 \u2013 Disp\u00f5e sobre o estatuto jur\u00eddico da empresa p\u00fablica, da sociedade de economia mista e de suas subsidi\u00e1rias, no \u00e2mbito da Uni\u00e3o, dos Estados, do Distrito Federal e dos Munic\u00edpios;<\/li>\n\n\n\n<li>Lei n\u00ba 12.815, de 5 de junho de 2013 \u2013 Disp\u00f5e sobre a explora\u00e7\u00e3o direta e indireta pela Uni\u00e3o de portos e instala\u00e7\u00f5es portu\u00e1rias e sobre as atividades desempenhadas pelos operadores portu\u00e1rios;<\/li>\n\n\n\n<li>Decreto n\u00ba 8.033, de 27 de junho de 2013 \u2013 Regulamenta o disposto na Lei n\u00ba 12.815\/2013 e as demais disposi\u00e7\u00f5es legais que regulam a explora\u00e7\u00e3o de portos organizados e de instala\u00e7\u00f5es portu\u00e1rias;<\/li>\n\n\n\n<li>Portaria SEP n\u00ba 111, de 07 de agosto de 2013 \u2013 Estabelece as normas, os crit\u00e9rios e os procedimentos para a pr\u00e9-qualifica\u00e7\u00e3o dos operadores portu\u00e1rios de que trata o inciso IV do art. 16 da Lei n\u00ba 12.815\/2013;<\/li>\n\n\n\n<li>Regimento Interno da Companhia das Docas do Cear\u00e1 (CDC);<\/li>\n\n\n\n<li>Manual de Fiscaliza\u00e7\u00e3o Conjunta da Companhia das Docas do Cear\u00e1 (CDC) e da Ag\u00eancia Nacional de Transportes Aquavi\u00e1rios (ANTAQ);<\/li>\n\n\n\n<li>Regulamento de Credenciamento de Explora\u00e7\u00e3o de \u00c1reas de Apoio Log\u00edstico Portu\u00e1rio da Companhia das Docas do Cear\u00e1 (CDC).<\/li>\n<\/ul><h3 class=\"wp-block-heading\">Administra\u00e7\u00e3o P\u00fablica e \u00c9tica<\/h3>\n\n\n\n<ul class=\"wp-block-list\"><li>Modelos de Administra\u00e7\u00e3o P\u00fablica: patrimonialista, burocr\u00e1tica e gerencial;<\/li>\n\n\n\n<li>Princ\u00edpios Constitucionais da Administra\u00e7\u00e3o P\u00fablica: legalidade, impessoalidade, moralidade, publicidade e efici\u00eancia;<\/li>\n\n\n\n<li>Estrutura do Estado \u2013 poderes da Uni\u00e3o: Executivo, Legislativo e Judici\u00e1rio; administra\u00e7\u00e3o direta e indireta, autarquias, funda\u00e7\u00f5es, empresas p\u00fablicas e sociedades de economia mista, descentraliza\u00e7\u00e3o e desconcentra\u00e7\u00e3o;<\/li>\n\n\n\n<li>No\u00e7\u00f5es de direito e legisla\u00e7\u00e3o tribut\u00e1ria\/administrativa: Sistema Tribut\u00e1rio Nacional e C\u00f3digo Tribut\u00e1rio Nacional;<\/li>\n\n\n\n<li>Compet\u00eancia tribut\u00e1ria; receitas p\u00fablicas e tributos: conceito, classifica\u00e7\u00e3o de receitas e tributos (impostos, taxas e contribui\u00e7\u00f5es);<\/li>\n\n\n\n<li>Or\u00e7amento p\u00fablico: conceito, evolu\u00e7\u00e3o hist\u00f3rica do or\u00e7amento no Brasil, princ\u00edpios or\u00e7ament\u00e1rios, tipos de or\u00e7amento (tradicional, programado) e instrumentos de planejamento \u2013 PPA, LDO e LOA, destacando sua interdepend\u00eancia;<\/li>\n\n\n\n<li>\u00c9tica no Servi\u00e7o P\u00fablico: Lei n\u00ba 13.853\/2019 (Lei Geral de Prote\u00e7\u00e3o de Dados Pessoais);<\/li>\n\n\n\n<li>\u00c9tica, moral, princ\u00edpios, valores e a lei;<\/li>\n\n\n\n<li>\u00c9tica e democracia: exerc\u00edcio da cidadania, conduta \u00e9tica, \u00e9tica profissional e responsabilidade social;<\/li>\n\n\n\n<li>\u00c9tica e fun\u00e7\u00e3o p\u00fablica: Lei n\u00ba 8.429\/1992 e suas altera\u00e7\u00f5es (Lei de Improbidade Administrativa), Decreto n\u00ba 11.129\/2022 (regulamenta a Lei Anticorrup\u00e7\u00e3o), Lei n\u00ba 12.846\/2013 e suas altera\u00e7\u00f5es (Lei Anticorrup\u00e7\u00e3o), Lei de Responsabilidade Fiscal (Lei Complementar n\u00ba 101\/2000 e altera\u00e7\u00f5es) e Lei de Licita\u00e7\u00f5es e Contratos (Lei n\u00ba 14.133\/2021);<\/li>\n\n\n\n<li>Legisla\u00e7\u00e3o: no\u00e7\u00f5es b\u00e1sicas de Direito Administrativo e no\u00e7\u00f5es de Direito do Trabalho.<\/li>\n<\/ul><h3 class=\"wp-block-heading\">Atualidades<\/h3>\n\n\n\n<ul class=\"wp-block-list\"><li>Desenvolvimento econ\u00f4mico e social: transforma\u00e7\u00f5es do papel do Estado nas sociedades contempor\u00e2neas e no Brasil;<\/li>\n\n\n\n<li>Desigualdades socioecon\u00f4micas da popula\u00e7\u00e3o brasileira;<\/li>\n\n\n\n<li>Conflitos internacionais e seus impactos globais;<\/li>\n\n\n\n<li>Rela\u00e7\u00f5es diplom\u00e1ticas e organismos multilaterais (ONU, OTAN, OMC, etc.);<\/li>\n\n\n\n<li>Crises humanit\u00e1rias e migra\u00e7\u00f5es;<\/li>\n\n\n\n<li>Acordos internacionais e tratados ambientais;<\/li>\n\n\n\n<li>Estrutura pol\u00edtica e funcionamento das institui\u00e7\u00f5es;<\/li>\n\n\n\n<li>Reformas em debate: tribut\u00e1ria, administrativa e pol\u00edtica;<\/li>\n\n\n\n<li>Quest\u00f5es sociais: desigualdade, racismo, g\u00eanero, inclus\u00e3o e etarismo;<\/li>\n\n\n\n<li>Avan\u00e7os cient\u00edficos e tecnol\u00f3gicos;<\/li>\n\n\n\n<li>Intelig\u00eancia artificial: aplica\u00e7\u00f5es, impactos e desafios \u00e9ticos;<\/li>\n\n\n\n<li>T\u00f3picos relevantes e atuais nas \u00e1reas de cultura, desenvolvimento sustent\u00e1vel, economia, ecologia, educa\u00e7\u00e3o, energia, mudan\u00e7as clim\u00e1ticas, pol\u00edtica, rela\u00e7\u00f5es internacionais, sa\u00fade, seguran\u00e7a, sociedade, tecnologia e transportes.<\/li>\n<\/ul><h2 class=\"wp-block-heading\" id=\"materiais-preparatrios\">Materiais preparat\u00f3rios<\/h2>\n\n\n\n<p>Se o seu objetivo \u00e9 garantir uma vaga no concurso Docas CE, saiba que a prepara\u00e7\u00e3o faz toda a diferen\u00e7a. Para isso, \u00e9 essencial contar com materiais de qualidade e uma rotina organizada de estudos.<\/p>\n\n\n\n<p>A <strong>Nova Concursos<\/strong> oferece conte\u00fados completos e direcionados, elaborados para ajudar candidatos a alcan\u00e7arem o resultado desejado. J\u00e1 s\u00e3o mais de <strong>70 mil aprova\u00e7\u00f5es em concursos p\u00fablicos em todo o Brasil<\/strong>, fruto de materiais pr\u00e1ticos, atualizados e focados no que realmente cai nas provas.<\/p>\n\n\n\n<p>N\u00e3o espere o edital abrir para come\u00e7ar sua prepara\u00e7\u00e3o. Com os cursos e apostilas da Nova Concursos, voc\u00ea ter\u00e1 acesso a recursos que aumentam suas chances de aprova\u00e7\u00e3o!<\/p>\n\n\n\n<h3 class=\"wp-block-heading\">Assinatura Nova Concursos<\/h3>\n\n\n\n<p>Com o nosso exclusivo <a href=\"https:\/\/aprovacao.novaconcursos.com.br\/assinatura\/?_gl=1*1leoa1x*_gcl_aw*R0NMLjE3NTUwMTEwNjguQ2owS0NRand6T3ZFQmhEVkFSSXNBREhmSkpTby1CeVpCRHpsYVRMQVNsbGpfMFdpdUV1THRRbzM0SGNfWWsyLTVnelBPTjcxWG4yYmpDMGFBck9yRUFMd193Y0I.*_gcl_au*NDE2NTU0ODc1LjE3NTMxODIzNTU.\" data-type=\"link\" data-id=\"https:\/\/aprovacao.novaconcursos.com.br\/assinatura\/?_gl=1*1leoa1x*_gcl_aw*R0NMLjE3NTUwMTEwNjguQ2owS0NRand6T3ZFQmhEVkFSSXNBREhmSkpTby1CeVpCRHpsYVRMQVNsbGpfMFdpdUV1THRRbzM0SGNfWWsyLTVnelBPTjcxWG4yYmpDMGFBck9yRUFMd193Y0I.*_gcl_au*NDE2NTU0ODc1LjE3NTMxODIzNTU.\">Plano do Especialista<\/a>, voc\u00ea segue uma trilha de estudos personalizada, organizada em ciclos que funcionam como um verdadeiro guia at\u00e9 a aprova\u00e7\u00e3o, como se tivesse um professor ao seu lado durante toda a prepara\u00e7\u00e3o.<\/p>\n\n\n\n<p>Al\u00e9m disso, oferecemos um atendimento humanizado, com tutores prontos para tirar d\u00favidas e orientar cada etapa da sua jornada.<\/p>\n\n\n\n<p>N\u00e3o adie o seu sonho: <a href=\"https:\/\/aprovacao.novaconcursos.com.br\/assinatura\/?_gl=1*1leoa1x*_gcl_aw*R0NMLjE3NTUwMTEwNjguQ2owS0NRand6T3ZFQmhEVkFSSXNBREhmSkpTby1CeVpCRHpsYVRMQVNsbGpfMFdpdUV1THRRbzM0SGNfWWsyLTVnelBPTjcxWG4yYmpDMGFBck9yRUFMd193Y0I.*_gcl_au*NDE2NTU0ODc1LjE3NTMxODIzNTU.\" data-type=\"link\" data-id=\"https:\/\/aprovacao.novaconcursos.com.br\/assinatura\/?_gl=1*1leoa1x*_gcl_aw*R0NMLjE3NTUwMTEwNjguQ2owS0NRand6T3ZFQmhEVkFSSXNBREhmSkpTby1CeVpCRHpsYVRMQVNsbGpfMFdpdUV1THRRbzM0SGNfWWsyLTVnelBPTjcxWG4yYmpDMGFBck9yRUFMd193Y0I.*_gcl_au*NDE2NTU0ODc1LjE3NTMxODIzNTU.\">assine agora mesmo<\/a> e descubra como \u00e9 se preparar com quem j\u00e1 ajudou milhares de candidatos a conquistar a aprova\u00e7\u00e3o!<\/p>\n\n\n\n<p><mark style=\"background-color:rgba(0, 0, 0, 0)\" class=\"has-inline-color has-vivid-red-color\">Fique atento! Todas as novidades sobre o novo concurso Docas CE ser\u00e3o atualizadas aqui em primeira m\u00e3o!<\/mark><\/p>","protected":false},"excerpt":{"rendered":"<p>Inscri\u00e7\u00f5es prorrgadas no concurso Docas CE! S\u00e3o 73 vagas para o cargo de Analista em diversas especialidades. Os sal\u00e1rios iniciais podem chegar a R$ 14,4 mil e as provas est\u00e3o marcadas para o dia 23 de novembro de 2025. Confira os detalhes!<\/p>\n","protected":false},"author":54693,"featured_media":292379,"comment_status":"closed","ping_status":"closed","sticky":false,"template":"","format":"standard","meta":{"_acf_changed":false,"footnotes":"","_wp_rev_ctl_limit":""},"categories":[44999,44959,44939],"tags":[45531],"class_list":["post-184420","post","type-post","status-publish","format-standard","has-post-thumbnail","hentry","category-concursos","category-ce","category-carreira-administrativa","tag-concurso-docas-ce"],"acf":[],"_links":{"self":[{"href":"https:\/\/www.novaconcursos.com.br\/portal\/wp-json\/wp\/v2\/posts\/184420","targetHints":{"allow":["GET"]}}],"collection":[{"href":"https:\/\/www.novaconcursos.com.br\/portal\/wp-json\/wp\/v2\/posts"}],"about":[{"href":"https:\/\/www.novaconcursos.com.br\/portal\/wp-json\/wp\/v2\/types\/post"}],"author":[{"embeddable":true,"href":"https:\/\/www.novaconcursos.com.br\/portal\/wp-json\/wp\/v2\/users\/54693"}],"replies":[{"embeddable":true,"href":"https:\/\/www.novaconcursos.com.br\/portal\/wp-json\/wp\/v2\/comments?post=184420"}],"version-history":[{"count":19,"href":"https:\/\/www.novaconcursos.com.br\/portal\/wp-json\/wp\/v2\/posts\/184420\/revisions"}],"predecessor-version":[{"id":296109,"href":"https:\/\/www.novaconcursos.com.br\/portal\/wp-json\/wp\/v2\/posts\/184420\/revisions\/296109"}],"wp:featuredmedia":[{"embeddable":true,"href":"https:\/\/www.novaconcursos.com.br\/portal\/wp-json\/wp\/v2\/media\/292379"}],"wp:attachment":[{"href":"https:\/\/www.novaconcursos.com.br\/portal\/wp-json\/wp\/v2\/media?parent=184420"}],"wp:term":[{"taxonomy":"category","embeddable":true,"href":"https:\/\/www.novaconcursos.com.br\/portal\/wp-json\/wp\/v2\/categories?post=184420"},{"taxonomy":"post_tag","embeddable":true,"href":"https:\/\/www.novaconcursos.com.br\/portal\/wp-json\/wp\/v2\/tags?post=184420"}],"curies":[{"name":"wp","href":"https:\/\/api.w.org\/{rel}","templated":true}]}}