{"id":184926,"date":"2023-02-03T08:33:56","date_gmt":"2023-02-03T11:33:56","guid":{"rendered":"https:\/\/www.novaconcursos.com.br\/portal\/?p=184926"},"modified":"2025-04-23T15:23:02","modified_gmt":"2025-04-23T18:23:02","slug":"concurso-ministerio-da-saude-rio-de-janeiro-deficit-de-10-mil-vagas","status":"publish","type":"post","link":"https:\/\/www.novaconcursos.com.br\/portal\/noticias\/concurso-ministerio-da-saude-rio-de-janeiro-deficit-de-10-mil-vagas\/","title":{"rendered":"Concurso Minist\u00e9rio da Sa\u00fade: Rio de Janeiro tem d\u00e9ficit de 10 mil vagas!"},"content":{"rendered":"<p>De acordo com o\u00a0Sindicato dos Trabalhadores P\u00fablicos Federais em Sa\u00fade e Previd\u00eancia Social no Estado do Rio de Janeiro (Sindsprev RJ),\u00a0o <a href=\"https:\/\/www.novaconcursos.com.br\/portal\/concursos\/concurso-ministerio-da-saude\/\">concurso Minist\u00e9rio da Sa\u00fade<\/a> deve ser tratado com urg\u00eancia.<\/p>\n\n\n\n<p>Conforme o Sindsprev RJ somente na rede federal de sa\u00fade do Rio de Janeiro, o d\u00e9ficit de servidores estatut\u00e1rios supera <strong>10 mil vagas.<\/strong><\/p>\n\n\n\n<blockquote class=\"wp-block-quote is-layout-flow wp-block-quote-is-layout-flow\">\n<p><em> \u201cProblema que tende a se agravar em face das novas aposentadorias que ocorrer\u00e3o nos pr\u00f3ximos anos\u201d,<\/em> diz a categoria. <\/p>\n<\/blockquote>\n\n\n\n<p><\/p>\n\n\n\n<p>Al\u00e9m disso, a nova ministra da Sa\u00fade, N\u00edsia Trindade, ainda n\u00e3o mencionou medidas para reconstruir o <strong>Sistema \u00danico de Sa\u00fade (SUS) <\/strong>e para realizar concursos.<\/p>\n\n\n\n<p>O Sindicato dos Trabalhadores tamb\u00e9m informou que a falta de recursos provocou o fechamentos de setores importantes e a interdi\u00e7\u00e3o de centenas de leitos nos seis hospitais e institutos federais do Rio de Janeiro.<\/p>\n\n\n\n<blockquote class=\"wp-block-quote is-layout-flow wp-block-quote-is-layout-flow\">\n<p><em> \u201cEm toda a rede federal, falta gente de carne e osso para atender a popula\u00e7\u00e3o. Se a nova ministra insistir na l\u00f3gica de CTUs, ela n\u00e3o vai reconstruir nada. Esperamos que a Dra. N\u00edsia entenda isto e assuma a bandeira do concurso p\u00fablico como essencial\u201d,<\/em> afirmou. <\/p>\n<\/blockquote>\n\n\n\n<p>Estude para o concurso dos seus sonhos com o\u00a0<strong>M\u00e9todo<\/strong>\u00a0que j\u00e1 ajudou na\u00a0<strong>aprova\u00e7\u00e3o de mais de 70 mil alunos.<\/strong>\u00a0<a rel=\"noreferrer noopener\" href=\"https:\/\/aprovacao.novaconcursos.com.br\/assinatura?promo_creative=Clique+aqui&amp;promo_name=noticia&amp;promo_id=%2Fportal%2Fnoticias%2Fconcurso-trt-ba-resultado-preliminar-publicado&amp;promo_position=corpo-texto\" target=\"_blank\">Clique aqui<\/a>\u00a0e saiba mais! <\/p>\n\n\n\n<h2 class=\"wp-block-heading\" id=\"previso-de-vagas-autorizadas\">Previs\u00e3o de vagas autorizadas!<\/h2>\n\n\n\n<p>Devido a prorroga\u00e7\u00e3o dos contratos tempor\u00e1rios por meio da<strong> Medida Provis\u00f3ria (MP) n\u00ba 1.142<\/strong>, uma nova sele\u00e7\u00e3o para o Minist\u00e9rio da Sa\u00fade segue prevista.<\/p>\n\n\n\n<p>O edital foi autorizado em abril de 2022 e anunciou <strong>1.786 vagas<\/strong> para atender aos Hospitais Federais e Institutos do Minist\u00e9rio da Sa\u00fade do Estado do Rio de Janeiro, distribu\u00eddas entre as seguintes especialidades:<\/p>\n\n\n\n<ul class=\"wp-block-list\"><li>M\u00e9dico: 326 vagas<\/li>\n\n\n\n<li>Enfermeiro: 326 vagas<\/li>\n\n\n\n<li>T\u00e9cnico de Enfermagem: 816 vagas<\/li>\n\n\n\n<li>Atividades de Gest\u00e3o e Manuten\u00e7\u00e3o Hospitalar, Apoio T\u00e9cnico e Diagn\u00f3stico: 318 vagas<\/li>\n<\/ul><p><\/p>\n\n\n\n<blockquote class=\"wp-block-quote is-layout-flow wp-block-quote-is-layout-flow\">\n<p> <em>\u201cA partir da Portaria Interministerial ME\/MS N\u00ba 2.754, de 29 de mar\u00e7o de 2022, est\u00e3o sendo realizadas tratativas administrativas pela Superintend\u00eancia Estadual do Minist\u00e9rio da Sa\u00fade no Rio de Janeiro para a realiza\u00e7\u00e3o de processo seletivo simplificado referente ao quantitativo m\u00e1ximo de 1.786 profissionais, visando atender necessidade tempor\u00e1ria de excepcional interesse p\u00fablico\u201d<\/em>, disse a pasta em nota. <\/p>\n<\/blockquote>\n\n\n\n<p><\/p>\n\n\n\n<h2 class=\"wp-block-heading\" id=\"ltimos-processos-seletivos-realizados\">\u00daltimos processos seletivos realizados<\/h2>\n\n\n\n<p>Sem certames para efetivos, o Minist\u00e9rio da Sa\u00fade realizou diversos processos seletivos.<\/p>\n\n\n\n<p>Em 2022 foi aberto um processo seletivo para contrata\u00e7\u00e3o de <strong>4 mil servidores tempor\u00e1rios<\/strong> por meio da an\u00e1lise curricular.<\/p>\n\n\n\n<p>Na ocasi\u00e3o, a banca organizadora foi a <strong>FGV<\/strong> (Funda\u00e7\u00e3o Get\u00falio Vargas) e avaliou os candidatos atrav\u00e9s de t\u00edtulos e experi\u00eancia profissional comprovada.<\/p>\n\n\n\n<p>Foram ofertadas <strong>oportunidades<\/strong> de n\u00edvel m\u00e9dio, t\u00e9cnico e superior, distribu\u00eddas entre as seguintes especialidades:<\/p>\n\n\n\n<ul class=\"wp-block-list\"><li>Medicina: 1.051 vagas<\/li>\n\n\n\n<li>Enfermagem: 945 vagas<\/li>\n\n\n\n<li>Atividades de Gest\u00e3o e Manuten\u00e7\u00e3o Hospitalar, Apoio T\u00e9cnico e Diagn\u00f3stico: 495 vagas<\/li>\n\n\n\n<li>T\u00e9cnico de Enfermagem: 1.281 vagas<\/li>\n\n\n\n<li> \u00c1rea de Atividades de Suporte em Gest\u00e3o e Manuten\u00e7\u00e3o Hospitalar, Apoio T\u00e9cnico e Diagn\u00f3stico: 460 vagas<\/li>\n<\/ul><p><\/p>\n\n\n\n<p>Em 2020 foi realizado outro processo seletivo com o mesmo intuito. Ao todo foram ofertadas <strong>4.117 vagas tempor\u00e1rias<\/strong> distribu\u00eddas entre as seguintes especialidades:<\/p>\n\n\n\n<ul class=\"wp-block-list\"><li> T\u00e9cnico de Enfermagem: 865 vagas<\/li>\n\n\n\n<li>Atividades de Suporte em Gest\u00e3o e Manuten\u00e7\u00e3o Hospitalar, Apoio T\u00e9cnico e Diagn\u00f3stico: 604 vagas<\/li>\n\n\n\n<li> Medicina: 1.137 vagas<\/li>\n\n\n\n<li>Enfermagem: 996 vagas<\/li>\n\n\n\n<li>Atividades de Gest\u00e3o e Manuten\u00e7\u00e3o Hospitalar, Apoio T\u00e9cnico e Diagn\u00f3stico: 604 vagas<\/li>\n<\/ul><p><\/p>\n\n\n\n<h2 class=\"wp-block-heading\" id=\"como-foi-o-ltimo-concurso-ministrio-da-sade\">Como foi o \u00faltimo concurso Minist\u00e9rio da Sa\u00fade?<\/h2>\n\n\n\n<p>A \u00faltima sele\u00e7\u00e3o foi realizada em 2016 e ofertou <strong>102 vagas<\/strong> para as carreiras de Administrador,  Analista T\u00e9cnico de Pol\u00edticas Sociais e Contador, com <strong>sal\u00e1rios iniciais<\/strong> que variavam entre R$ 4.784,27 e R$ 5.744,88 + aux\u00edlio-alimenta\u00e7\u00e3o no valor de R$ 458,00<\/p>\n\n\n\n<p>Na ocasi\u00e3o, a banca organizadora foi o IDECAN (Instituto de Desenvolvimento Educacional, Cultural e Assist\u00eancia Nacional) e avaliou os candidatos por meio de provas objetivas e de t\u00edtulos.<\/p>\n\n\n\n<p>As <strong>provas objetivas <\/strong>foram compostas de quest\u00f5es de m\u00faltipla escolha, acerca das seguintes disciplinas:<\/p>\n\n\n\n<ul class=\"wp-block-list\"><li>L\u00edngua Portuguesa: 5 quest\u00f5es<\/li>\n\n\n\n<li>Racioc\u00ednio L\u00f3gico: 5 quest\u00f5es<\/li>\n\n\n\n<li>Conhecimentos gerais: 15 quest\u00f5es<\/li>\n\n\n\n<li>Conhecimentos espec\u00edficos: 25 quest\u00f5es<\/li>\n<\/ul><p><\/p>\n\n\n\n<p>Os conhecimentos espec\u00edficos variam de acordo com o cargo pretendido. Veja!<\/p>\n\n\n\n<p><strong>Administrador<\/strong><\/p>\n\n\n\n<ul class=\"wp-block-list\"><li>Administra\u00e7\u00e3o Financeira<\/li>\n\n\n\n<li>Administra\u00e7\u00e3o<\/li>\n\n\n\n<li>Gest\u00e3o<\/li>\n\n\n\n<li>No\u00e7\u00f5es de Contabilidade<\/li>\n<\/ul><p><\/p>\n\n\n\n<p><strong>Contador:<\/strong><\/p>\n\n\n\n<ul class=\"wp-block-list\"><li>Contabilidade Geral<\/li>\n\n\n\n<li>Contabilidade P\u00fablica<\/li>\n\n\n\n<li>Legisla\u00e7\u00e3o Espec\u00edfica<\/li>\n<\/ul><p><\/p>\n\n\n\n<p><strong>Analista T\u00e9cnico de Pol\u00edticas Sociais:<\/strong><\/p>\n\n\n\n<ul class=\"wp-block-list\"><li>Pol\u00edticas Sociais<\/li>\n\n\n\n<li>Sa\u00fade P\u00fablica<\/li>\n\n\n\n<li>Auditoria<\/li>\n<\/ul><p><\/p>","protected":false},"excerpt":{"rendered":"<p>De acordo com o\u00a0Sindicato dos Trabalhadores P\u00fablicos Federais em Sa\u00fade e Previd\u00eancia Social no Estado do Rio de Janeiro (Sindsprev RJ),\u00a0o concurso Minist\u00e9rio da Sa\u00fade deve ser tratado com urg\u00eancia. Conforme o Sindsprev RJ somente na rede federal de sa\u00fade do Rio de Janeiro, o d\u00e9ficit de servidores estatut\u00e1rios supera 10 mil vagas. \u201cProblema que [&hellip;]<\/p>\n","protected":false},"author":54679,"featured_media":159109,"comment_status":"closed","ping_status":"closed","sticky":false,"template":"","format":"standard","meta":{"_acf_changed":false,"footnotes":"","_wp_rev_ctl_limit":""},"categories":[228],"tags":[],"class_list":["post-184926","post","type-post","status-publish","format-standard","has-post-thumbnail","hentry","category-noticias"],"acf":[],"_links":{"self":[{"href":"https:\/\/www.novaconcursos.com.br\/portal\/wp-json\/wp\/v2\/posts\/184926","targetHints":{"allow":["GET"]}}],"collection":[{"href":"https:\/\/www.novaconcursos.com.br\/portal\/wp-json\/wp\/v2\/posts"}],"about":[{"href":"https:\/\/www.novaconcursos.com.br\/portal\/wp-json\/wp\/v2\/types\/post"}],"author":[{"embeddable":true,"href":"https:\/\/www.novaconcursos.com.br\/portal\/wp-json\/wp\/v2\/users\/54679"}],"replies":[{"embeddable":true,"href":"https:\/\/www.novaconcursos.com.br\/portal\/wp-json\/wp\/v2\/comments?post=184926"}],"version-history":[{"count":7,"href":"https:\/\/www.novaconcursos.com.br\/portal\/wp-json\/wp\/v2\/posts\/184926\/revisions"}],"predecessor-version":[{"id":280314,"href":"https:\/\/www.novaconcursos.com.br\/portal\/wp-json\/wp\/v2\/posts\/184926\/revisions\/280314"}],"wp:featuredmedia":[{"embeddable":true,"href":"https:\/\/www.novaconcursos.com.br\/portal\/wp-json\/wp\/v2\/media\/159109"}],"wp:attachment":[{"href":"https:\/\/www.novaconcursos.com.br\/portal\/wp-json\/wp\/v2\/media?parent=184926"}],"wp:term":[{"taxonomy":"category","embeddable":true,"href":"https:\/\/www.novaconcursos.com.br\/portal\/wp-json\/wp\/v2\/categories?post=184926"},{"taxonomy":"post_tag","embeddable":true,"href":"https:\/\/www.novaconcursos.com.br\/portal\/wp-json\/wp\/v2\/tags?post=184926"}],"curies":[{"name":"wp","href":"https:\/\/api.w.org\/{rel}","templated":true}]}}