{"id":185305,"date":"2023-02-06T12:56:41","date_gmt":"2023-02-06T15:56:41","guid":{"rendered":"https:\/\/www.novaconcursos.com.br\/portal\/?p=185305"},"modified":"2023-02-07T11:42:58","modified_gmt":"2023-02-07T14:42:58","slug":"concurso-iat-pr-novo-edital-esta-nos-planos-do-secretario-de-estado","status":"publish","type":"post","link":"https:\/\/www.novaconcursos.com.br\/portal\/noticias\/concurso-iat-pr-novo-edital-esta-nos-planos-do-secretario-de-estado\/","title":{"rendered":"Concurso IAT PR: Novo edital est\u00e1 nos planos do secret\u00e1rio de estado!"},"content":{"rendered":"<p>Aten\u00e7\u00e3o concurseiros! Um novo concurso IAT PR (Instituto \u00c1gua e Terra do <a href=\"https:\/\/www.novaconcursos.com.br\/portal\/concursos-previstos\/pr\/\">Paran\u00e1<\/a>) <strong>pode ser publicado em breve<\/strong>, pois est\u00e1 nos planos do governo. Veja como foi o \u00faltimo edital e se prepare!<\/p>\n\n\n\n<ul class=\"wp-block-list\"><li><strong>Confira:<\/strong> <a href=\"https:\/\/www.novaconcursos.com.br\/apostila\/basico-concursos\" target=\"_blank\" rel=\"noreferrer noopener\" aria-label=\"Apostila B\u00e1sico para Concursos (abre numa nova aba)\">Apostila B\u00e1sico para Concursos<\/a><\/li><\/ul><p><\/p>\n\n\n\n<p>Estude para o concurso dos seus sonhos com o\u00a0<strong>M\u00e9todo<\/strong>\u00a0que j\u00e1 ajudou na\u00a0<strong>aprova\u00e7\u00e3o de mais de 70 mil alunos!<\/strong>\u00a0<a href=\"https:\/\/aprovacao.novaconcursos.com.br\/assinatura\" target=\"_blank\" rel=\"noreferrer noopener\" aria-label=\" (abre numa nova aba)\">Clique aqui<\/a>\u00a0e saiba mais!<\/p>\n\n\n\n<h2 class=\"wp-block-heading\" id=\"concurso-iat-pr-quando-sai-o-edital\">Concurso IAT PR: quando sai o edital?<\/h2>\n\n\n\n<p>\u00c9 o que os concurseiros querem saber, mas ainda <strong>n\u00e3o h\u00e1 uma data concreta<\/strong> para o edital do concurso do Instituto \u00c1gua e Terra do <a href=\"https:\/\/www.novaconcursos.com.br\/portal\/concursos-abertos\/pr\/\">Paran\u00e1<\/a>.<\/p>\n\n\n\n<p>Isso porque o Governo do Paran\u00e1 promete <strong>zerar o desmatamento<\/strong> <strong>ilegal <\/strong>nos pr\u00f3ximos quatro anos, segundo o secret\u00e1rio de Desenvolvimento Sustent\u00e1vel (Sedest), Valdemar Bernardo Jorge. <\/p>\n\n\n\n<p>Sendo assim, para que isso aconte\u00e7a, ser\u00e1 preciso <strong>aumentar o efetivo <\/strong>atrav\u00e9s de novos concursos.<\/p>\n\n\n\n<p><em>\u201cEsse \u00e9 o objetivo, desmatamento ilegal zero. A cada ano vai ter uma redu\u00e7\u00e3o, isso vai ser de forma gradativa, n\u00e3o conseguimos estancar isso de um momento pro outro\u201d,<\/em> disse o secret\u00e1rio.<\/p>\n\n\n\n<p>Vale destacar que o IAT \u00e9 um \u00f3rg\u00e3o vinculado \u00e0 Sedest e\u00a0<strong>respons\u00e1vel <\/strong>por\u00a0proteger, preservar, conservar, controlar e recuperar o patrim\u00f4nio ambiental paranaense.<\/p>\n\n\n\n<p>Assim, ele <strong>busca <\/strong>melhor qualidade de vida e o desenvolvimento sustent\u00e1vel com a participa\u00e7\u00e3o da sociedade. <\/p>\n\n\n\n<h3 class=\"wp-block-heading\">Vac\u00e2ncias aumentando<\/h3>\n\n\n\n<p>Assim, o d\u00e9ficit do \u00f3rg\u00e3o est\u00e1 aumentando a cada dia. Em 2021 entretanto, houve uma sele\u00e7\u00e3o que convocou 130 aprovados, mas, o<strong> n\u00famero n\u00e3o foi suficiente.<\/strong><\/p>\n\n\n\n<p>Portanto, a defasagem \u00e9 devido a\u00a0aposentadoria e\u00a0falecimento, dentre outros motivos. <\/p>\n\n\n\n<p><em>\u201cH\u00e1 mais de 30 anos n\u00e3o era feito um concurso p\u00fablico para a contrata\u00e7\u00e3o de profissionais no \u00f3rg\u00e3o ambiental do estado, e, quando criamos o Instituto \u00c1gua e Terra, pensamos em unificar\u00a0todas as atividades ligadas ao meio ambiente. Trouxemos para um \u00fanico \u00f3rg\u00e3o os antigos Instituto Ambiental do Paran\u00e1 (IAP), Instituto de Terras, Cartografia e Geologia (ITCG) e o Instituto das \u00c1guas do Paran\u00e1\u201d<\/em>, disse o ex-secret\u00e1rio\u00a0M\u00e1rcio Nunes, ainda em 2021.<\/p>\n\n\n\n<h2 class=\"wp-block-heading\" id=\"confira-como-foi-o-ltimo-concurso-iat-pr-e-se-prepare\"><strong>Confira como foi o \u00faltimo concurso IAT PR<\/strong> e se prepare!<\/h2>\n\n\n\n<p>Sendo assim, o \u00faltimo concurso para o Instituto \u00c1gua e Terra do Paran\u00e1 aconteceu em 2021, ofertando <strong>130 vagas<\/strong>!<\/p>\n\n\n\n<p>Foram oportunidades para atua\u00e7\u00e3o em v\u00e1rios munic\u00edpios do estado, com sal\u00e1rios que chegam a <strong>R$ 6 mil.<\/strong> Veja a distribui\u00e7\u00e3o:<\/p>\n\n\n\n<ul class=\"wp-block-list\"><li><strong>N\u00edvel\u00a0m\u00e9dio t\u00e9cnico<\/strong> \u2013 26 vagas \u2013 R$2.788,76 <ul><li>Agente de execu\u00e7\u00e3o<ul><li>T\u00e9cnico de manejo e meio ambiente<\/li><\/ul><\/li><\/ul><\/li><li><strong>N\u00edvel superior<\/strong> \u2013 104 vagas \u2013 <strong>R$6.043,33<\/strong> <ul><li>Agente profissional<ul><li>Engenheiro<ul><li>Cartogr\u00e1fico<\/li><li>Qu\u00edmico<\/li><li>Civil<\/li><li>Florestal <\/li><li>Agr\u00f4nomo<\/li><\/ul><\/li><li>Ge\u00f3logo<\/li><li>Bi\u00f3logo<\/li><li>Qu\u00edmico<\/li><li>Soci\u00f3logo<\/li><li>Ge\u00f3grafo<\/li><li>Arquiteto <\/li><li>M\u00e9dico veterin\u00e1rio<\/li><\/ul><\/li><\/ul><\/li><\/ul><p><\/p>\n\n\n\n<p>Assim, todos os cargos acima t\u00eam jornada de 40 horas de trabalho semanais. Ao todo, <strong>12.555 se inscreveram<\/strong> na sele\u00e7\u00e3o.<\/p>\n\n\n\n<p>Ademais, a banca organizadora foi o\u00a0Instituto Brasileiro de Forma\u00e7\u00e3o e Capacita\u00e7\u00e3o (IBCF), que avaliou os candidatos com uma prova objetiva.<\/p>\n\n\n\n<p>Assim, as avalia\u00e7\u00f5es foram aplicadas nas <strong>cidades <\/strong>de\u00a0Cascavel, Curitiba e Maring\u00e1, no Paran\u00e1.<\/p>\n\n\n\n<p>Os inscritos, ent\u00e3o, responderam a <strong>40 quest\u00f5es<\/strong> de: L\u00edngua Portuguesa (05), Racioc\u00ednio L\u00f3gico (05), Conhecimentos Gerais (10) e\u00a0Espec\u00edficos (20).<\/p>","protected":false},"excerpt":{"rendered":"<p>Aten\u00e7\u00e3o concurseiros! Um novo concurso IAT PR (Instituto \u00c1gua e Terra do Paran\u00e1) pode ser publicado em breve, pois est\u00e1 nos planos do governo. Veja como foi o \u00faltimo edital e se prepare! Confira: Apostila B\u00e1sico para Concursos Estude para o concurso dos seus sonhos com o\u00a0M\u00e9todo\u00a0que j\u00e1 ajudou na\u00a0aprova\u00e7\u00e3o de mais de 70 mil [&hellip;]<\/p>\n","protected":false},"author":54671,"featured_media":185387,"comment_status":"closed","ping_status":"closed","sticky":false,"template":"","format":"standard","meta":{"_acf_changed":false,"footnotes":"","_wp_rev_ctl_limit":""},"categories":[228],"tags":[],"class_list":["post-185305","post","type-post","status-publish","format-standard","has-post-thumbnail","hentry","category-noticias"],"acf":[],"_links":{"self":[{"href":"https:\/\/www.novaconcursos.com.br\/portal\/wp-json\/wp\/v2\/posts\/185305","targetHints":{"allow":["GET"]}}],"collection":[{"href":"https:\/\/www.novaconcursos.com.br\/portal\/wp-json\/wp\/v2\/posts"}],"about":[{"href":"https:\/\/www.novaconcursos.com.br\/portal\/wp-json\/wp\/v2\/types\/post"}],"author":[{"embeddable":true,"href":"https:\/\/www.novaconcursos.com.br\/portal\/wp-json\/wp\/v2\/users\/54671"}],"replies":[{"embeddable":true,"href":"https:\/\/www.novaconcursos.com.br\/portal\/wp-json\/wp\/v2\/comments?post=185305"}],"version-history":[{"count":5,"href":"https:\/\/www.novaconcursos.com.br\/portal\/wp-json\/wp\/v2\/posts\/185305\/revisions"}],"predecessor-version":[{"id":185388,"href":"https:\/\/www.novaconcursos.com.br\/portal\/wp-json\/wp\/v2\/posts\/185305\/revisions\/185388"}],"wp:featuredmedia":[{"embeddable":true,"href":"https:\/\/www.novaconcursos.com.br\/portal\/wp-json\/wp\/v2\/media\/185387"}],"wp:attachment":[{"href":"https:\/\/www.novaconcursos.com.br\/portal\/wp-json\/wp\/v2\/media?parent=185305"}],"wp:term":[{"taxonomy":"category","embeddable":true,"href":"https:\/\/www.novaconcursos.com.br\/portal\/wp-json\/wp\/v2\/categories?post=185305"},{"taxonomy":"post_tag","embeddable":true,"href":"https:\/\/www.novaconcursos.com.br\/portal\/wp-json\/wp\/v2\/tags?post=185305"}],"curies":[{"name":"wp","href":"https:\/\/api.w.org\/{rel}","templated":true}]}}