{"id":185849,"date":"2023-02-13T13:08:32","date_gmt":"2023-02-13T16:08:32","guid":{"rendered":"https:\/\/www.novaconcursos.com.br\/portal\/?p=185849"},"modified":"2025-05-06T17:09:39","modified_gmt":"2025-05-06T20:09:39","slug":"concurso-policia-militar-df-edital-retificado-confira","status":"publish","type":"post","link":"https:\/\/www.novaconcursos.com.br\/portal\/noticias\/concurso-policia-militar-df-edital-retificado-confira\/","title":{"rendered":"Concurso Pol\u00edcia Militar DF: Retifica\u00e7\u00e3o altera per\u00edodo de inscri\u00e7\u00e3o. Confira!"},"content":{"rendered":"<p>Aten\u00e7\u00e3o concurseiros! Foi publicada no Di\u00e1rio Oficial desta segunda-feira, 13 de fevereiro, a<em> <\/em><strong>primeira retifica\u00e7\u00e3o<\/strong> do <a href=\"https:\/\/www.novaconcursos.com.br\/portal\/concursos\/concurso-pm-df\/\">concurso Pol\u00edcia Militar DF<\/a> com altera\u00e7\u00f5es no per\u00edodo de inscri\u00e7\u00f5es, al\u00e9m de outros detalhes. Confira!<\/p>\n\n\n\n<p>De acordo com a retifica\u00e7\u00e3o, os interessados na sele\u00e7\u00e3o poder\u00e3o realizar suas inscri\u00e7\u00f5es entre os dias <strong>14 de fevereiro e 10 de abril de 2023<\/strong> por meio do site do Instituto AOCP, banca organizadora.<\/p>\n\n\n\n<p>Para homologar a candidatura ser\u00e1 preciso efetuar o pagamento da<strong> taxa de inscri\u00e7\u00e3o<\/strong> no valor de R$ 85,00.<\/p>\n\n\n\n<p>No entanto, candidatos doadores de sangue e benefici\u00e1rios de programa social de complementa\u00e7\u00e3o ou suplementa\u00e7\u00e3o de renda institu\u00eddo pelo Governo do Distrito Federal poder\u00e3o solicitar a <strong>isen\u00e7\u00e3o da taxa<\/strong> at\u00e9 o dia 16 de fevereiro.<\/p>\n\n\n\n<p>Al\u00e9m disso, a retifica\u00e7\u00e3o trouxe altera\u00e7\u00f5es na etapa de Teste de Aptid\u00e3o F\u00edsica (TAF) nos exerc\u00edcios de Barra\/Barra Fixa, Teste de Flex\u00e3o Abdominal \u2013 Tipo Remador e Corrida. Veja: <\/p>\n\n\n\n<ul class=\"wp-block-list\"><li><strong>Barra Fixa<\/strong> (para candidatos do sexo masculino): performance m\u00ednima de 6 repeti\u00e7\u00f5es (anteriormente eram 8 repeti\u00e7\u00f5es);<\/li>\n\n\n\n<li><strong>Barra Est\u00e1tica<\/strong> (para candidatas do sexo feminino): performance m\u00ednima de 15 segundos (anteriormente eram 20 segundos);<\/li>\n\n\n\n<li><strong>Abdominal Tipo Remador:<\/strong>\n<ul class=\"wp-block-list\"><li>Homens: performance m\u00ednima de 35 repeti\u00e7\u00f5es (anteriormente eram de 41 repeti\u00e7\u00f5es);<\/li>\n\n\n\n<li>Mulheres: performance m\u00ednima de 28 repeti\u00e7\u00f5es (anteriormente eram de 35 repeti\u00e7\u00f5es);<\/li>\n<\/ul><\/li>\n\n\n\n<li><strong>Corrida<\/strong>\n<ul class=\"wp-block-list\"><li>Homens: performance m\u00ednima de 2.400 m em 12 minutos (antes eram 2.600 m em 12 minutos)<\/li>\n\n\n\n<li>Mulheres: performance m\u00ednima de 2.200 m em 12 minutos (antes eram de 2.100 m em 12 minutos).<\/li>\n<\/ul><\/li>\n<\/ul><p><\/p>\n\n\n\n<p>Para acessar a publica\u00e7\u00e3o da retifica\u00e7\u00e3o na \u00edntegra, <a href=\"https:\/\/www.novaconcursos.com.br\/portal\/wp-content\/uploads\/2023\/02\/concurso-pmdf-soldado-retifica%C3%A7%C3%A3o-inscri%C3%A7%C3%A3o.pdf\" target=\"_blank\" rel=\"noreferrer noopener\" aria-label=\"clique aqui! (abre numa nova aba)\">clique aqui!<\/a><\/p>\n\n\n\n<ul class=\"wp-block-list\"><li><strong>Confira:<\/strong> <a href=\"https:\/\/www.novaconcursos.com.br\/curso-online\/pm-df-soldado?q=pmdf\">Curso Online PM DF \u2013 Soldado<\/a><\/li>\n\n\n\n<li><strong>Confira:<\/strong> <a href=\"https:\/\/www.novaconcursos.com.br\/apostila\/pm-df-soldado?q=pmdf\">Apostila PM DF 2023 \u2013 Soldado <\/a><\/li>\n<\/ul><p><\/p>\n\n\n\n<p>Estude para o concurso dos seus sonhos com o\u00a0<strong>M\u00e9todo<\/strong>\u00a0que j\u00e1 ajudou na<strong>\u00a0aprova\u00e7\u00e3o de mais de 70 mil alunos<\/strong>.\u00a0<a rel=\"noreferrer noopener\" href=\"https:\/\/www.novaconcursos.com.br\/eventos\/assinatura?promo_creative=Clique+aqui&amp;promo_name=concurso&amp;promo_id=%2Fportal%2Fconcursos%2Fconcurso-pm-df&amp;promo_position=corpo-texto\" target=\"_blank\">Clique aqui<\/a>\u00a0e saiba mais!<\/p>\n\n\n\n<h2 class=\"wp-block-heading\" id=\"concurso-polcia-militar-df-vagas-e-salrios\">Concurso Pol\u00edcia Militar DF: Vagas e sal\u00e1rios<\/h2>\n\n\n\n<p>A sele\u00e7\u00e3o est\u00e1 ofertando <strong>2.100 vagas,<\/strong> sendo 700 vagas imediatas e 1.400 oportunidades de cadastro reserva para admiss\u00e3o ao Curso de Forma\u00e7\u00e3o de Pra\u00e7as (CFP), distribu\u00eddas da seguinte maneira:<\/p>\n\n\n\n<ul class=\"wp-block-list\"><li>Homens \u2013 Ampla Concorr\u00eancia: 504 vagas imediatas e 1.008 CR<\/li>\n\n\n\n<li>Mulheres \u2013 Ampla Concorr\u00eancia: 56 vagas imediatas e 112 CR<\/li>\n\n\n\n<li>Homens \u2013 Negros: 126 vagas imediatas e 252 CR<\/li>\n\n\n\n<li>Mulheres \u2013 Negros: 14 vagas imediatas e 28 CR<\/li>\n<\/ul><p><\/p>\n\n\n\n<p>Assim, durante o Curso de Forma\u00e7\u00e3o, os aprovados ser\u00e3o remunerados com<strong> sal\u00e1rios iniciais<\/strong> no valor de R$ 5.336,96, al\u00e9m de v\u00e1rios benef\u00edcios. Veja!<\/p>\n\n\n\n<ul class=\"wp-block-list\"><li>Adicional de Posto ou Gradua\u00e7\u00e3o: R$ 1.048,77 (50% do soldo)<\/li>\n\n\n\n<li>Adicional de Opera\u00e7\u00f5es Militares: R$ 405,77<\/li>\n\n\n\n<li>Gratifica\u00e7\u00e3o de\n<ul class=\"wp-block-list\"><li>Fun\u00e7\u00e3o de Representa\u00e7\u00e3o: R$ 16,13<\/li>\n\n\n\n<li>Condi\u00e7\u00e3o Especial de Fun\u00e7\u00e3o Militar: R$ 406,89<\/li>\n\n\n\n<li>Risco de Vida: R$ 1.000,00<\/li>\n<\/ul><\/li>\n\n\n\n<li>Adicional de Certifica\u00e7\u00e3o Profissional: R$ 1.210,12<\/li>\n\n\n\n<li>Vantagem Pecuni\u00e1ria Especial (VPE): R$ 4.513,99<\/li>\n\n\n\n<li>Aux\u00edlio-Moradia com Dependentes: R$ 1.942,54<\/li>\n\n\n\n<li>Aux\u00edlio-Moradia sem Dependentes: R$ 647,51<\/li>\n<\/ul><p><\/p>\n\n\n\n<h2 class=\"wp-block-heading\" id=\"quais-os-requisitos\">Quais os requisitos?<\/h2>\n\n\n\n<p>S\u00e3o requisitos b\u00e1sicos:<\/p>\n\n\n\n<ul class=\"wp-block-list\"><li>Ter, no\u00a0<strong>m\u00ednimo, 18 (dezoito) anos de idade<\/strong>\u00a0at\u00e9 a data da inclus\u00e3o na PMDF.<\/li>\n\n\n\n<li>Ter, no\u00a0<strong>m\u00e1ximo, 30 (trinta) anos de idade<\/strong>\u00a0(n\u00e3o ter completado trinta e um anos) at\u00e9 a data da inscri\u00e7\u00e3o no concurso.<\/li>\n\n\n\n<li>Possuir, descal\u00e7o e descoberto, a\u00a0<strong>altura m\u00ednima de 1,65 m<\/strong>\u00a0(um metro e sessenta e cinco cent\u00edmetros), para os candidatos do sexo\u00a0<strong>masculino<\/strong>, e\u00a0<strong>1,60 m\u00a0<\/strong>(um metro e sessenta cent\u00edmetros), para as candidatas do sexo<strong>\u00a0feminino<\/strong>.<\/li>\n\n\n\n<li>Possuir Carteira Nacional de Habilita\u00e7\u00e3o v\u00e1lida, no m\u00ednimo com categoria tipo \u201cB\u201d no ato da convoca\u00e7\u00e3o para o ingresso na PMDF e matr\u00edcula no CFP.<\/li>\n\n\n\n<li>Apresentar, na data de convoca\u00e7\u00e3o para inclus\u00e3o na PMDF, diploma de conclus\u00e3o de curso de\u00a0<strong>n\u00edvel superior<\/strong>.<\/li>\n<\/ul><p><\/p>\n\n\n\n<h2 class=\"wp-block-heading\" id=\"concurso-polcia-militar-df-provas-e-etapas\">Concurso Pol\u00edcia Militar DF: Provas e etapas<\/h2>\n\n\n\n<p>Em s\u00edntese, s\u00e3o etapas avaliativas:<\/p>\n\n\n\n<ul class=\"wp-block-list\"><li>Provas objetiva e discursiva, de car\u00e1ter eliminat\u00f3rio e classificat\u00f3rio;<\/li>\n\n\n\n<li>Teste de Aptid\u00e3o F\u00edsica (TAF), de car\u00e1ter eliminat\u00f3rio;<\/li>\n\n\n\n<li>Avalia\u00e7\u00e3o dos Exames M\u00e9dicos, de car\u00e1ter eliminat\u00f3rio;<\/li>\n\n\n\n<li>Avalia\u00e7\u00e3o de Exames Psicol\u00f3gicos, de car\u00e1ter eliminat\u00f3rio;<\/li>\n\n\n\n<li>Sindic\u00e2ncia de Vida Pregressa e Investiga\u00e7\u00e3o Social, de car\u00e1ter eliminat\u00f3rio.<\/li>\n<\/ul><p><\/p>\n\n\n\n<p>As provas objetiva e discursiva ser\u00e3o aplicadas no dia<strong> 21 de maio de 2023 <\/strong>na cidade de Bras\u00edlia\/DF. No entanto, caso o n\u00famero de inscritos exceda a capacidade de aloca\u00e7\u00e3o, a aplica\u00e7\u00e3o poder\u00e1 ocorrer em outras regi\u00f5es administrativas do Distrito Federal.<\/p>\n\n\n\n<p>Sendo assim, a prova objetiva ser\u00e1 composta de<strong> 80 quest\u00f5es<\/strong> de m\u00faltipla escolha com cinco alternativas cada e apenas uma resposta correta. Confira a estrutura!<\/p>\n\n\n\n<ul class=\"wp-block-list\"><li>L\u00edngua Portuguesa: 10 quest\u00f5es<\/li>\n\n\n\n<li>L\u00edngua Inglesa: 4 quest\u00f5es<\/li>\n\n\n\n<li>Matem\u00e1tica e Racioc\u00ednio L\u00f3gico: 9 quest\u00f5es<\/li>\n\n\n\n<li>Atualidades: 7 quest\u00f5es<\/li>\n\n\n\n<li>Legisla\u00e7\u00e3o aplicada a PMDF: 10 quest\u00f5es<\/li>\n\n\n\n<li>Conhecimentos Espec\u00edficos: 40 quest\u00f5es<\/li>\n<\/ul><p><\/p>\n\n\n\n<p>Ser\u00e3o considerados <strong>aprovados <\/strong>aqueles que\u00a0alcan\u00e7arem no m\u00ednimo<strong> 60% da pontua\u00e7\u00e3o m\u00e1xima<\/strong> poss\u00edvel e n\u00e3o tirar nota 0 nas \u00e1reas de conhecimento de L\u00edngua Portuguesa ou de Legisla\u00e7\u00e3o Espec\u00edfica Aplicada \u00e0 PMDF.<\/p>\n\n\n\n<p>Por outro lado, a<strong> prova discursiva<\/strong> consistir\u00e1 na elabora\u00e7\u00e3o de uma reda\u00e7\u00e3o a partir de um tema proposto, baseado em um ou mais textos ou fragmentos de textos, onde ser\u00e1 preciso adotar a abordagem tipologia textual <strong>\u201cdisserta\u00e7\u00e3o\u201d. <\/strong><\/p>\n\n\n\n<p>A etapa valer\u00e1 20 pontos e ser\u00e3o considerados <strong>aprovados <\/strong>aqueles que alcan\u00e7arem no m\u00ednimo 50% de aproveitamento do total de pontos, ou seja, 10 pontos.<\/p>\n\n\n\n<h2 class=\"wp-block-heading\" id=\"\"><\/h2>\n\n\n\n<p>Posteriormente, os aprovados ser\u00e3o submetidos ao<strong> Teste de Aptid\u00e3o F\u00edsica (TAF)<\/strong>.<\/p>","protected":false},"excerpt":{"rendered":"<p>Aten\u00e7\u00e3o concurseiros! Foi publicada no Di\u00e1rio Oficial desta segunda-feira, 13 de fevereiro, a primeira retifica\u00e7\u00e3o do concurso Pol\u00edcia Militar DF com altera\u00e7\u00f5es no per\u00edodo de inscri\u00e7\u00f5es, al\u00e9m de outros detalhes. Confira! De acordo com a retifica\u00e7\u00e3o, os interessados na sele\u00e7\u00e3o poder\u00e3o realizar suas inscri\u00e7\u00f5es entre os dias 14 de fevereiro e 10 de abril de [&hellip;]<\/p>\n","protected":false},"author":54679,"featured_media":156430,"comment_status":"closed","ping_status":"closed","sticky":false,"template":"","format":"standard","meta":{"_acf_changed":false,"footnotes":"","_wp_rev_ctl_limit":""},"categories":[228],"tags":[],"class_list":["post-185849","post","type-post","status-publish","format-standard","has-post-thumbnail","hentry","category-noticias"],"acf":[],"_links":{"self":[{"href":"https:\/\/www.novaconcursos.com.br\/portal\/wp-json\/wp\/v2\/posts\/185849","targetHints":{"allow":["GET"]}}],"collection":[{"href":"https:\/\/www.novaconcursos.com.br\/portal\/wp-json\/wp\/v2\/posts"}],"about":[{"href":"https:\/\/www.novaconcursos.com.br\/portal\/wp-json\/wp\/v2\/types\/post"}],"author":[{"embeddable":true,"href":"https:\/\/www.novaconcursos.com.br\/portal\/wp-json\/wp\/v2\/users\/54679"}],"replies":[{"embeddable":true,"href":"https:\/\/www.novaconcursos.com.br\/portal\/wp-json\/wp\/v2\/comments?post=185849"}],"version-history":[{"count":5,"href":"https:\/\/www.novaconcursos.com.br\/portal\/wp-json\/wp\/v2\/posts\/185849\/revisions"}],"predecessor-version":[{"id":281868,"href":"https:\/\/www.novaconcursos.com.br\/portal\/wp-json\/wp\/v2\/posts\/185849\/revisions\/281868"}],"wp:featuredmedia":[{"embeddable":true,"href":"https:\/\/www.novaconcursos.com.br\/portal\/wp-json\/wp\/v2\/media\/156430"}],"wp:attachment":[{"href":"https:\/\/www.novaconcursos.com.br\/portal\/wp-json\/wp\/v2\/media?parent=185849"}],"wp:term":[{"taxonomy":"category","embeddable":true,"href":"https:\/\/www.novaconcursos.com.br\/portal\/wp-json\/wp\/v2\/categories?post=185849"},{"taxonomy":"post_tag","embeddable":true,"href":"https:\/\/www.novaconcursos.com.br\/portal\/wp-json\/wp\/v2\/tags?post=185849"}],"curies":[{"name":"wp","href":"https:\/\/api.w.org\/{rel}","templated":true}]}}