{"id":185856,"date":"2023-02-13T13:53:14","date_gmt":"2023-02-13T16:53:14","guid":{"rendered":"https:\/\/www.novaconcursos.com.br\/portal\/?p=185856"},"modified":"2023-02-13T13:53:19","modified_gmt":"2023-02-13T16:53:19","slug":"concurso-ales-edital-pode-ser-publicado-em-2023","status":"publish","type":"post","link":"https:\/\/www.novaconcursos.com.br\/portal\/noticias\/concurso-ales-edital-pode-ser-publicado-em-2023\/","title":{"rendered":"Concurso ALES: Edital deve ser publicado em 2023, informa presidente da casa!"},"content":{"rendered":"<p>Boa not\u00edcia concurseiros! Os preparativos do novo <a href=\"https:\/\/www.novaconcursos.com.br\/portal\/concursos\/concurso-assembleia-legislativa-es\/\">concurso ALES<\/a> avan\u00e7aram e o edital pode ser publicado ainda em 2023. Entenda!<\/p>\n\n\n\n<p>A previs\u00e3o foi anunciada pelo<strong> presidente da Casa,\u00a0<\/strong>Marcelo Santos, durante reuni\u00e3o realizada com os deputados na \u00faltima ter\u00e7a-feira, 7 de fevereiro. <\/p>\n\n\n\n<p>Na ocasi\u00e3o, v\u00e1rios assuntos estiveram em debate, entre eles, a <strong>retomada dos estudos <\/strong>para realiza\u00e7\u00e3o desde concurso.<\/p>\n\n\n\n<blockquote class=\"wp-block-quote is-layout-flow wp-block-quote-is-layout-flow\"><p><em> \u201cN\u00f3s vamos retomar o concurso, que \u00e9 para suprir a aus\u00eancia de servidores que se aposentaram\u201d<\/em>, declara Marcelo Santos. <\/p><\/blockquote>\n\n\n\n<p><\/p>\n\n\n\n<p>Apesar disso, ainda n\u00e3o existem informa\u00e7\u00f5es acerca do quantitativo de vagas e cargos a serem ofertados no pr\u00f3ximo edital.<\/p>\n\n\n\n<ul class=\"wp-block-list\"><li><strong>Confira: <\/strong><a href=\"https:\/\/www.novaconcursos.com.br\/mapa-mental\/lingua-portuguesa-principais-topicos-pdf?q=Mapas%20Mentais%20L%C3%ADngua%20Portuguesa%20-%20Principais%20T%C3%B3picos%20Para%20Concursos%20(PDF)\">Mapas Mentais L\u00edngua Portuguesa \u2013 Principais T\u00f3picos (PDF) <\/a><\/li><\/ul><p><\/p>\n\n\n\n<p> Estude para o concurso dos seus sonhos com o\u00a0<strong>M\u00e9todo<\/strong>\u00a0que j\u00e1 ajudou na<strong>\u00a0aprova\u00e7\u00e3o de mais de 70 mil alunos<\/strong>.\u00a0<a rel=\"noreferrer noopener\" href=\"https:\/\/www.novaconcursos.com.br\/eventos\/assinatura?promo_creative=Clique+aqui&amp;promo_name=noticia&amp;promo_id=%2Fportal%2Fnoticias%2Fconcurso-policia-militar-df-edital-retificado-confira&amp;promo_position=corpo-texto\" target=\"_blank\">Clique aqui<\/a>\u00a0\u00a0e saiba mais! <\/p>\n\n\n\n<h2 class=\"wp-block-heading\" id=\"comisso-formada\">Comiss\u00e3o formada!<\/h2>\n\n\n\n<p>Em outubro de 2022 foi <strong>formada uma comiss\u00e3o<\/strong> respons\u00e1vel pela realiza\u00e7\u00e3o de estudos e escolha da banca organizadora da sele\u00e7\u00e3o.<\/p>\n\n\n\n<blockquote class=\"wp-block-quote is-layout-flow wp-block-quote-is-layout-flow\"><p><em>\u201cInstitui Comiss\u00e3o Especial de estudos preliminares visando a elabora\u00e7\u00e3o de Plano de realiza\u00e7\u00e3o de Concurso P\u00fablico de Provas e T\u00edtulos para provimento de cargos efetivos na Assembleia Legislativa do Estado do Esp\u00edrito Santo \u2013 ALES.\u201d<\/em> \u2013 foi publicado no Di\u00e1rio Oficial  da pr\u00f3pria Assembleia pela Mesa Diretora. <\/p><\/blockquote>\n\n\n\n<p><\/p>\n\n\n\n<p>A comiss\u00e3o \u00e9 composta dos seguintes <strong>membros:<\/strong><\/p>\n\n\n\n<ul class=\"wp-block-list\"><li>Alex da Silva Pereira;<\/li><li>Tatiana Soares de Almeida;<\/li><li>Amanda Gabriel de Oliveira Kiffer;<\/li><li>Jos\u00e9 Arimathea Campos Gomes;<\/li><li>Rodrigo Francisco Teixeira de Miranda; <\/li><li>Katarinny B\u00fcge Rocha.<\/li><\/ul><p><\/p>\n\n\n\n<p>De acordo com o\u00a0secret\u00e1rio de Gest\u00e3o de Pessoas e presidente da comiss\u00e3o, Alex da Silva Pereira, ser\u00e3o realizadas duas <strong>reuni\u00f5es semanais<\/strong> para agilizar  os trabalhos do concurso e a previs\u00e3o \u00e9 entregar o levantamento de cargos e vagas em <strong>at\u00e9 40 dias.<\/strong><\/p>\n\n\n\n<blockquote class=\"wp-block-quote is-layout-flow wp-block-quote-is-layout-flow\"><p> <em>\u201cPretendemos entregar o levantamento da demanda de cada setor para a Mesa Diretora em at\u00e9 40 dias\u201d<\/em>, disse. <\/p><\/blockquote>\n\n\n\n<p><\/p>\n\n\n\n<h2 class=\"wp-block-heading\" id=\"como-foi-o-ltimo-concurso-ales\">Como foi o \u00faltimo concurso ALES?<\/h2>\n\n\n\n<p>A \u00faltima sele\u00e7\u00e3o foi realizada em 2011 e ofertou<strong> 141 vagas<\/strong> para as seguintes carreiras:<\/p>\n\n\n\n<ul class=\"wp-block-list\"><li>Procurador de 1\u00aa Categoria;<\/li><li>Analista em Comunica\u00e7\u00e3o Social I;<\/li><li>Taqu\u00edgrafo Parlamentar Apanhador I;<\/li><li>T\u00e9cnico <ul><li>Comunica\u00e7\u00e3o Social I. <\/li><li>Tecnologia da Informa\u00e7\u00e3o I;<\/li><li>Legislativo S\u00eanior I <ul><li>Biblioteca;<\/li><li>Arquivo;<\/li><li>Almoxarifado;<\/li><li>Patrim\u00f4nio;<\/li><li>Protocolo;<\/li><li>Servi\u00e7os Gerais;<\/li><li>Sonoriza\u00e7\u00e3o;<\/li><li>Secretaria Legislativa;<\/li><li> Secretaria Administrativa.<\/li><\/ul><\/li><\/ul><\/li><\/ul><p><\/p>\n\n\n\n<p>Na ocasi\u00e3o a banca organizadora foi o <a rel=\"noreferrer noopener\" aria-label=\"Cebraspe (abre numa nova aba)\" href=\"https:\/\/www.cebraspe.org.br\/\" target=\"_blank\">Cebraspe<\/a> (Centro Brasileiro de Pesquisa em Avalia\u00e7\u00e3o e Sele\u00e7\u00e3o e de Promo\u00e7\u00e3o de Eventos) e avaliou os candidatos por meio de provas objetivas compostas de <strong>60 quest\u00f5es,<\/strong> sendo 25 quest\u00f5es de conhecimentos b\u00e1sicos e 35 de conhecimentos espec\u00edficos.<\/p>\n\n\n\n<p>Foram considerados <strong>aprovados<\/strong> aqueles que obtiveram nota igual ou superior a 30 pontos, com exce\u00e7\u00e3o dos interessados no cargo de Procurador que precisaram alcan\u00e7ar 36 pontos e ainda foram submetidos a uma<strong> prova pr\u00e1tica.<\/strong><\/p>","protected":false},"excerpt":{"rendered":"<p>Boa not\u00edcia concurseiros! Os preparativos do novo concurso ALES avan\u00e7aram e o edital pode ser publicado ainda em 2023. Entenda! A previs\u00e3o foi anunciada pelo presidente da Casa,\u00a0Marcelo Santos, durante reuni\u00e3o realizada com os deputados na \u00faltima ter\u00e7a-feira, 7 de fevereiro. Na ocasi\u00e3o, v\u00e1rios assuntos estiveram em debate, entre eles, a retomada dos estudos para [&hellip;]<\/p>\n","protected":false},"author":54679,"featured_media":175029,"comment_status":"closed","ping_status":"closed","sticky":false,"template":"","format":"standard","meta":{"_acf_changed":false,"footnotes":"","_wp_rev_ctl_limit":""},"categories":[228],"tags":[],"class_list":["post-185856","post","type-post","status-publish","format-standard","has-post-thumbnail","hentry","category-noticias"],"acf":[],"_links":{"self":[{"href":"https:\/\/www.novaconcursos.com.br\/portal\/wp-json\/wp\/v2\/posts\/185856","targetHints":{"allow":["GET"]}}],"collection":[{"href":"https:\/\/www.novaconcursos.com.br\/portal\/wp-json\/wp\/v2\/posts"}],"about":[{"href":"https:\/\/www.novaconcursos.com.br\/portal\/wp-json\/wp\/v2\/types\/post"}],"author":[{"embeddable":true,"href":"https:\/\/www.novaconcursos.com.br\/portal\/wp-json\/wp\/v2\/users\/54679"}],"replies":[{"embeddable":true,"href":"https:\/\/www.novaconcursos.com.br\/portal\/wp-json\/wp\/v2\/comments?post=185856"}],"version-history":[{"count":6,"href":"https:\/\/www.novaconcursos.com.br\/portal\/wp-json\/wp\/v2\/posts\/185856\/revisions"}],"predecessor-version":[{"id":185863,"href":"https:\/\/www.novaconcursos.com.br\/portal\/wp-json\/wp\/v2\/posts\/185856\/revisions\/185863"}],"wp:featuredmedia":[{"embeddable":true,"href":"https:\/\/www.novaconcursos.com.br\/portal\/wp-json\/wp\/v2\/media\/175029"}],"wp:attachment":[{"href":"https:\/\/www.novaconcursos.com.br\/portal\/wp-json\/wp\/v2\/media?parent=185856"}],"wp:term":[{"taxonomy":"category","embeddable":true,"href":"https:\/\/www.novaconcursos.com.br\/portal\/wp-json\/wp\/v2\/categories?post=185856"},{"taxonomy":"post_tag","embeddable":true,"href":"https:\/\/www.novaconcursos.com.br\/portal\/wp-json\/wp\/v2\/tags?post=185856"}],"curies":[{"name":"wp","href":"https:\/\/api.w.org\/{rel}","templated":true}]}}