{"id":186102,"date":"2023-02-15T09:08:23","date_gmt":"2023-02-15T12:08:23","guid":{"rendered":"https:\/\/www.novaconcursos.com.br\/portal\/?p=186102"},"modified":"2023-02-15T09:08:28","modified_gmt":"2023-02-15T12:08:28","slug":"concurso-policia-federal-solicitado-prorrogaca-validade","status":"publish","type":"post","link":"https:\/\/www.novaconcursos.com.br\/portal\/noticias\/concurso-policia-federal-solicitado-prorrogaca-validade\/","title":{"rendered":"Concurso Pol\u00edcia Federal: Solicitado prorroga\u00e7\u00e3o de validade do \u00faltimo edital. Entenda!"},"content":{"rendered":"<p>O deputado federal Nicoletti (Uni\u00e3o Brasil), realizou a solicita\u00e7\u00e3o para prorrogar o prazo de validade do \u00faltimo <a href=\"https:\/\/www.novaconcursos.com.br\/portal\/concursos\/concurso-policia-federal\/\">concurso Pol\u00edcia Federal.<\/a> Confira!<\/p>\n\n\n\n<p>De acordo com ele, a medida \u00e9 urgente, visto que o prazo de validade termina no dia 15 de mar\u00e7o de 2023.<\/p>\n\n\n\n<blockquote class=\"wp-block-quote is-layout-flow wp-block-quote-is-layout-flow\"><p><em> \u201cExiste uma car\u00eancia muito grande de efetivo da Pol\u00edcia Federal, e n\u00e3o podemos perder a oportunidade de aumentar o efetivo com essas pessoas que tanto se dedicaram e foram aprovadas neste concurso<\/em>. <em>\u00c9 fundamental fortalecer as institui\u00e7\u00f5es policiais para melhorar a seguran\u00e7a da nossa popula\u00e7\u00e3o!\u201d,<\/em> disse. <\/p><\/blockquote>\n\n\n\n<p><\/p>\n\n\n\n<p>Caso a medida seja aprovada a sele\u00e7\u00e3o permanecer\u00e1 vigente por mais <strong>6 meses,<\/strong> ou seja, at\u00e9 setembro de 2023. Veja!<\/p>\n\n\n\n<figure class=\"wp-block-image size-large\"><img decoding=\"async\" width=\"1024\" height=\"590\" src=\"https:\/\/www.novaconcursos.com.br\/portal\/wp-content\/uploads\/2023\/02\/policia-federal-1024x590.png\" alt=\"\" class=\"wp-image-186105\" loading=\"lazy\" title=\"\" srcset=\"https:\/\/www.novaconcursos.com.br\/portal\/wp-content\/uploads\/2023\/02\/policia-federal-300x173.png 300w, https:\/\/www.novaconcursos.com.br\/portal\/wp-content\/uploads\/2023\/02\/policia-federal-1024x590.png 1024w, https:\/\/www.novaconcursos.com.br\/portal\/wp-content\/uploads\/2023\/02\/policia-federal.png 1030w\" sizes=\"auto, (max-width: 480px) 100vw, (max-width: 768px) 100vw, (max-width: 1200px) 70vw, 768px\"><figcaption><\/figcaption><\/figure><p><\/p>\n\n\n\n<ul class=\"wp-block-list\"><li><strong>Confira:<\/strong> <a href=\"https:\/\/www.novaconcursos.com.br\/mapa-mental\/mapas-mentais-policia-federal-agente-administrativo-pdf?q=pol%C3%ADcia%20federal\">Mapas Mentais \u2013 Pol\u00edcia Federal \u2013 Agente Administrativo<\/a><\/li><li><strong>Confira:<\/strong> <a href=\"https:\/\/www.novaconcursos.com.br\/livro\/2000-questoes-policia-federal-gabaritadas?q=pol%C3%ADcia%20federal\">2.000 Quest\u00f5es para Pol\u00edcia Federal \u2013 Gabaritadas<\/a><\/li><\/ul><p><\/p>\n\n\n\n<p>Estude para o concurso dos seus sonhos com o\u00a0<strong>M\u00e9todo<\/strong>\u00a0que j\u00e1 ajudou na\u00a0<strong>aprova\u00e7\u00e3o de mais de 70 mil alunos!<\/strong>\u00a0<a rel=\"noreferrer noopener\" href=\"https:\/\/aprovacao.novaconcursos.com.br\/assinatura?promo_creative=Clique+aqui&amp;promo_name=noticia&amp;promo_id=%2Fportal%2Fnoticias%2Fconcurso-policia-federal-resultado-final-homologado&amp;promo_position=corpo-texto\" target=\"_blank\">Clique aqui<\/a>\u00a0\u00a0e saiba mais!<\/p>\n\n\n\n<h2 class=\"wp-block-heading\" id=\"concurso-polcia-federal-vagas-oferecidas\">Concurso Pol\u00edcia Federal: Vagas oferecidas<\/h2>\n\n\n\n<p>Em s\u00edntese, a sele\u00e7\u00e3o ofereceu <strong>1.500 vagas<\/strong>, exig\u00eancia de n\u00edvel superior, distribu\u00eddas da seguinte forma:<\/p>\n\n\n\n<ul class=\"wp-block-list\"><li>Agente de Pol\u00edcia: 893 vagas<\/li><li>Escriv\u00e3o de Pol\u00edcia: 400 vagas<\/li><li>Papiloscopista Policial Federal: 84 vagas<\/li><li>Delegado de Pol\u00edcia: 123 vagas<\/li><\/ul><p><\/p>\n\n\n\n<p>Al\u00e9m disso, os aprovados ser\u00e3o remunerados com\u00a0<strong>sal\u00e1rios iniciais<\/strong>\u00a0que variam de R$ 12,5 mil a R$ 23,6 mil + benef\u00edcios.<\/p>\n\n\n\n<p>Apesar de ter sido ofertadas 1.500 vagas, o poder Executivo Federal autorizou a chamada de mais aprovados no concurso, pretendendo preencher\u00a0<strong>625 vagas.<\/strong> <\/p>\n\n\n\n<h2 class=\"wp-block-heading\" id=\"ministro-fala-sobre-a-possibilidade-de-um-novo-edital\">Ministro fala sobre a possibilidade de um novo edital!<\/h2>\n\n\n\n<p>Apesar da validade do \u00faltimo\u00a0concurso\u00a0da Pol\u00edcia Federal, que deve ser prorrogada, uma nova sele\u00e7\u00e3o\u00a0<strong>deve surgir<\/strong>\u00a0neste ano de 2023.<\/p>\n\n\n\n<p>Isso porque o ministro da<strong>\u00a0Justi\u00e7a e Seguran\u00e7a P\u00fablica<\/strong>, Fl\u00e1vio Dino, citou que o presidente Lula est\u00e1 querendo novos editais na corpora\u00e7\u00e3o.<\/p>\n\n\n\n<blockquote class=\"wp-block-quote is-layout-flow wp-block-quote-is-layout-flow\"><p><em>\u201cA posi\u00e7\u00e3o do Minist\u00e9rio da Justi\u00e7a \u00e9 da prorroga\u00e7\u00e3o da validade do concurso existente e o\u00a0presidente Lula j\u00e1 enfatizou que quer fazer novos concursos\u00a0para a Pol\u00edcia Federal\u201d<\/em>, disse ele.<\/p><\/blockquote>\n\n\n\n<p><\/p>\n\n\n\n<p>O ministro continuou, informando que\u00a0<strong>n\u00e3o tinha mais nada<\/strong>\u00a0para anunciar sobre o assunto, uma vez que h\u00e1 apenas um m\u00eas de governo.<\/p>\n\n\n\n<p>Mas, ele chegou a dizer ainda que\u00a0<em>\u201cos dois temas est\u00e3o a s\u00e9rio na nossa pauta e vamos avan\u00e7ar\u201d.<\/em><\/p>\n\n\n\n<p>Vale destacar que o tema relacionado \u00e9 referente ao\u00a0<strong>reajuste de sal\u00e1rio<\/strong>\u00a0dos servidores da \u00e1rea de Seguran\u00e7a Federal.\u00a0<\/p>\n\n\n\n<blockquote class=\"wp-block-quote is-layout-flow wp-block-quote-is-layout-flow\"><p><em>\u201cTenho conversado dentro do governo, enfatizando a necessidade de n\u00f3s abrirmos esse di\u00e1logo com as institui\u00e7\u00f5es representativas das classes, e a\u00ed eu me refiro as policias da Uni\u00e3o e tamb\u00e9m a\u00a0Pol\u00edcia do DF. (\u2026) esse tema est\u00e1 na pauta e haver\u00e1 uma solu\u00e7\u00e3o quando no ponto de vista fiscal for poss\u00edvel\u201d<\/em>, citou.<\/p><\/blockquote>\n\n\n\n<p><\/p>\n\n\n\n<h2 class=\"wp-block-heading\" id=\"ministro-tambm-prope-a-criao-da-guarda-nacional\">Ministro tamb\u00e9m prop\u00f5e a cria\u00e7\u00e3o da Guarda Nacional!<\/h2>\n\n\n\n<p>O Ministro da Justi\u00e7a e Seguran\u00e7a P\u00fablica, Fl\u00e1vio Dino, tamb\u00e9m anunciou a\u00a0<strong>cria\u00e7\u00e3o de uma nova carreira\u00a0<\/strong>para \u00e1rea de seguran\u00e7a, denominada\u00a0<strong>Guarda Nacional.<\/strong>\u00a0<\/p>\n\n\n\n<p>Essa medida tem como<strong>\u00a0objetivo\u00a0<\/strong>proteger os pr\u00e9dios p\u00fablicos federais em Bras\u00edlia, bem como, atuar em opera\u00e7\u00f5es especiais em terra ind\u00edgenas, \u00e1rea de fronteira, unidades de conserva\u00e7\u00e3o e apoio \u00e0 seguran\u00e7a dos estados.<\/p>\n\n\n\n<p>De acordo com o ministro, a cria\u00e7\u00e3o da carreira foi um\u00a0<strong>pedido do pr\u00f3prio presidente<\/strong>\u00a0Lu\u00eds In\u00e1cio Lula da Silva.<\/p>\n\n\n\n<blockquote class=\"wp-block-quote is-layout-flow wp-block-quote-is-layout-flow\"><p><em>\u201cEle [presidente] acha que a For\u00e7a Nacional, como algo tempor\u00e1rio, n\u00e3o cumpre o papel adequado. Ele pr\u00f3prio pediu a reda\u00e7\u00e3o. N\u00f3s redigimos, est\u00e1 pronta. Ser\u00e1 uma institui\u00e7\u00e3o dedicada \u00e0 seguran\u00e7a das \u00e1reas c\u00edvicas, mas poder\u00e1 atuar em \u00e1reas de fronteira, territ\u00f3rios ind\u00edgenas e unidades de conserva\u00e7\u00e3o.\u2019<\/em><\/p><\/blockquote>\n\n\n\n<p><\/p>\n\n\n\n<p>Resumindo, parte da seguran\u00e7a da capital federal, realizada atualmente por policias militares do DF, seria\u00a0<strong>federalizada.<\/strong><\/p>\n\n\n\n<blockquote class=\"wp-block-quote is-layout-flow wp-block-quote-is-layout-flow\"><p><em>\u201cVai que, em algum momento, haja um governador extremista no Distrito Federal. Ent\u00e3o, a seguran\u00e7a do Congresso, do Supremo, do Pal\u00e1cio do Planalto, ficaria submetida aos problemas da pol\u00edtica local? N\u00e3o pode. E esse \u00e9 um erro que agora o presidente Lula quer corrigir\u201d,<\/em>\u00a0argumentou.\u00a0<\/p><\/blockquote>","protected":false},"excerpt":{"rendered":"<p>O deputado federal Nicoletti (Uni\u00e3o Brasil), realizou a solicita\u00e7\u00e3o para prorrogar o prazo de validade do \u00faltimo concurso Pol\u00edcia Federal. Confira! De acordo com ele, a medida \u00e9 urgente, visto que o prazo de validade termina no dia 15 de mar\u00e7o de 2023. \u201cExiste uma car\u00eancia muito grande de efetivo da Pol\u00edcia Federal, e n\u00e3o [&hellip;]<\/p>\n","protected":false},"author":54679,"featured_media":161096,"comment_status":"closed","ping_status":"closed","sticky":false,"template":"","format":"standard","meta":{"_acf_changed":false,"footnotes":"","_wp_rev_ctl_limit":""},"categories":[228],"tags":[],"class_list":["post-186102","post","type-post","status-publish","format-standard","has-post-thumbnail","hentry","category-noticias"],"acf":[],"_links":{"self":[{"href":"https:\/\/www.novaconcursos.com.br\/portal\/wp-json\/wp\/v2\/posts\/186102","targetHints":{"allow":["GET"]}}],"collection":[{"href":"https:\/\/www.novaconcursos.com.br\/portal\/wp-json\/wp\/v2\/posts"}],"about":[{"href":"https:\/\/www.novaconcursos.com.br\/portal\/wp-json\/wp\/v2\/types\/post"}],"author":[{"embeddable":true,"href":"https:\/\/www.novaconcursos.com.br\/portal\/wp-json\/wp\/v2\/users\/54679"}],"replies":[{"embeddable":true,"href":"https:\/\/www.novaconcursos.com.br\/portal\/wp-json\/wp\/v2\/comments?post=186102"}],"version-history":[{"count":5,"href":"https:\/\/www.novaconcursos.com.br\/portal\/wp-json\/wp\/v2\/posts\/186102\/revisions"}],"predecessor-version":[{"id":186114,"href":"https:\/\/www.novaconcursos.com.br\/portal\/wp-json\/wp\/v2\/posts\/186102\/revisions\/186114"}],"wp:featuredmedia":[{"embeddable":true,"href":"https:\/\/www.novaconcursos.com.br\/portal\/wp-json\/wp\/v2\/media\/161096"}],"wp:attachment":[{"href":"https:\/\/www.novaconcursos.com.br\/portal\/wp-json\/wp\/v2\/media?parent=186102"}],"wp:term":[{"taxonomy":"category","embeddable":true,"href":"https:\/\/www.novaconcursos.com.br\/portal\/wp-json\/wp\/v2\/categories?post=186102"},{"taxonomy":"post_tag","embeddable":true,"href":"https:\/\/www.novaconcursos.com.br\/portal\/wp-json\/wp\/v2\/tags?post=186102"}],"curies":[{"name":"wp","href":"https:\/\/api.w.org\/{rel}","templated":true}]}}