{"id":186690,"date":"2023-02-23T12:12:29","date_gmt":"2023-02-23T15:12:29","guid":{"rendered":"https:\/\/www.novaconcursos.com.br\/portal\/?p=186690"},"modified":"2023-07-10T14:26:10","modified_gmt":"2023-07-10T17:26:10","slug":"concurso-eear-aeronautica-inscricoes-aberta","status":"publish","type":"post","link":"https:\/\/www.novaconcursos.com.br\/portal\/noticias\/concurso-eear-aeronautica-inscricoes-aberta\/","title":{"rendered":"Concurso EEAR (Aeron\u00e1utica): Inscri\u00e7\u00f5es abertas. 242 vagas para Sargento, n\u00edvel m\u00e9dio!"},"content":{"rendered":"<p>Est\u00e3o abertas as inscri\u00e7\u00f5es do <a href=\"https:\/\/www.novaconcursos.com.br\/portal\/concursos\/concurso-aeronautica-eear\/\">concurso EEAR<\/a> (Aeron\u00e1utica) referente ao Curso de Forma\u00e7\u00e3o de Sargentos (CFS) para o 1\u00ba semestre de 2024. <\/p>\n\n\n\n<p>Ao todo, s\u00e3o ofertadas<strong>\u00a0242 vagas,<\/strong>\u00a0exig\u00eancia de n\u00edvel m\u00e9dio, para ambos os sexos, divididas em v\u00e1rias especialidades. <\/p>\n\n\n\n<p>Tamb\u00e9m \u00e9 um requisito ter idade entre 17 e 25 anos (at\u00e9 dezembro de 2024). <\/p>\n\n\n\n<p>Para se inscrever \u00e9 necess\u00e1rio acessar o site da <a href=\"https:\/\/ingresso.eear.aer.mil.br\/\" target=\"_blank\" rel=\"noopener\">Escola de Especialistas de Aeron\u00e1utica \u2013 EEAR<\/a> at\u00e9 o dia <strong>15 de mar\u00e7o de 2023<\/strong> e preencher o formul\u00e1rio com os dados solicitados.<\/p>\n\n\n\n<p>Al\u00e9m disso, \u00e9 preciso efetuar o pagamento da <strong>taxa de inscri\u00e7\u00e3o<\/strong> no valor de R$ 80,00 at\u00e9 o dia 22 de mar\u00e7o para que a candidatura seja homologada.<\/p>\n\n\n\n<p><strong>Resumo do Edital<\/strong><\/p>\n\n\n\n<ul class=\"wp-block-list\"><li>Vagas: 242<\/li>\n\n\n\n<li>Cargo: Diversos<\/li>\n\n\n\n<li>Escolaridade: N\u00edvel M\u00e9dio <\/li>\n\n\n\n<li>Banca: Escola de Especialistas de Aeron\u00e1utica \u2013 EEAR <\/li>\n\n\n\n<li>Sal\u00e1rio: R$ 3.825,00 <\/li>\n\n\n\n<li>Per\u00edodo de inscri\u00e7\u00f5es: 23\/02\/2023 at\u00e9 15\/03\/2023<\/li>\n\n\n\n<li>Prova: 04\/06\/2023<\/li>\n\n\n\n<li><a href=\"https:\/\/ingresso.eear.aer.mil.br\/SOO\/editais\/CFS%201%202024\/ie.pdf?concurso=CFS%201%202024\" target=\"_blank\" rel=\"noopener\">Edital<\/a><\/li>\n<\/ul><p><\/p>\n\n\n\n<ul class=\"wp-block-list\"><li><strong>Confira: <\/strong><a href=\"https:\/\/www.novaconcursos.com.br\/curso-online\/curso-eear-escola-de-especialistas-de-aeronautica?q=AERONAUTIC\">Curso Online EEAR \u2013 Escola de Especialistas de Aeron\u00e1utica<\/a> <\/li>\n\n\n\n<li><strong>Confira:<\/strong> <a href=\"https:\/\/www.novaconcursos.com.br\/apostila\/eear-sargentos?q=sargento\">Apostila EEAR 2023 \u2013 Sargentos <\/a><\/li>\n<\/ul><p><\/p>\n\n\n\n<p>Estude para o concurso dos seus sonhos com o\u00a0<strong>M\u00e9todo<\/strong>\u00a0que j\u00e1 ajudou na\u00a0<strong>aprova\u00e7\u00e3o de mais de 70 mil alunos.<\/strong>\u00a0<a rel=\"noreferrer noopener\" href=\"https:\/\/aprovacao.novaconcursos.com.br\/assinatura?promo_creative=Clique+aqui&amp;promo_name=artigo&amp;promo_id=%2Fportal%2Fartigos%2Fcomo-estudar-sem-edital-publicado-3-taticas&amp;promo_position=corpo-texto\" target=\"_blank\">Clique aqui<\/a>\u00a0e saiba mais! <\/p>\n\n\n\n<h2 class=\"wp-block-heading\" id=\"concurso-eear-aeronutica-vagas-e-salrios\">Concurso EEAR (Aeron\u00e1utica): Vagas e sal\u00e1rios<\/h2>\n\n\n\n<p>De acordo com o edital, ser\u00e3o ofertadas\u00a0<strong>242 vagas<\/strong>, sendo 194 vagas para ampla concorr\u00eancia e 48 vagas para candidatos negros, divididas entre as seguintes especialidades:<\/p>\n\n\n\n<ul class=\"wp-block-list\"><li>BMA \u2013 Mec\u00e2nico de Aeronaves: 60 vagas;<\/li>\n\n\n\n<li>BMB \u2013 Material B\u00e9lico: 15 vagas;<\/li>\n\n\n\n<li>BEI \u2013 Eletricidade e Instrumentos: 16 vagas;<\/li>\n\n\n\n<li>BEP \u2013 Estrutura e Pintura: 10 vagas;<\/li>\n\n\n\n<li>BEV \u2013 Equipamento de Voo: 12 vagas;<\/li>\n\n\n\n<li>BSP \u2013 Suprimento: 14 vagas;<\/li>\n\n\n\n<li>SGS \u2013 Guarda e Seguran\u00e7a: 30 vagas;<\/li>\n\n\n\n<li>BCT \u2013 Controle de Tr\u00e1fego A\u00e9reo: 85 vagas.<\/li>\n<\/ul><p><\/p>\n\n\n\n<p>Ap\u00f3s concluir o\u00a0<strong>curso de forma\u00e7\u00e3o<\/strong>, o aprovado \u00e9 nomeado como terceiro-sargento, com remunera\u00e7\u00e3o inicial no valor de R$ 3.825,00, al\u00e9m de adicionais e gratifica\u00e7\u00f5es.<\/p>\n\n\n\n<h2 class=\"wp-block-heading\" id=\"quais-as-atribuies\">Quais as atribui\u00e7\u00f5es?<\/h2>\n\n\n\n<p>Entre as atividades a serem exercidas pelos aprovados, est\u00e3o as seguintes:<\/p>\n\n\n\n<ul class=\"wp-block-list\"><li><strong>Controle de Tr\u00e1fego A\u00e9reo:<\/strong> Controla o voo das aeronaves no espa\u00e7o a\u00e9reo brasileiro, atuando em torres de controle de aer\u00f3dromos, nos Centros de Controle e nos Centros Integrados de Defesa A\u00e9rea e Controle de Tr\u00e1fego A\u00e9reo.<\/li>\n<\/ul><p><\/p>\n\n\n\n<ul class=\"wp-block-list\"><li><strong>Guarda e Seguran\u00e7a: <\/strong>Executa as atividades de seguran\u00e7a e defesa das instala\u00e7\u00f5es, de pessoas e dignit\u00e1rios e servi\u00e7os de opera\u00e7\u00f5es especiais. \u00c9 o respons\u00e1vel pelo adestramento f\u00edsico e instru\u00e7\u00e3o militar inicial dos que ingressam na Aeron\u00e1utica.<\/li>\n<\/ul><p><\/p>\n\n\n\n<ul class=\"wp-block-list\"><li><strong>Suprimento: <\/strong>Zela pelo controle e distribui\u00e7\u00e3o do material aeron\u00e1utico e de apoio log\u00edstico destinado \u00e0 manuten\u00e7\u00e3o de aeronaves e equipamentos. Trabalha em unidades de suprimento de avia\u00e7\u00e3o, de intend\u00eancia, de eletr\u00f4nica e de material b\u00e9lico.<\/li>\n<\/ul><p><\/p>\n\n\n\n<h2 class=\"wp-block-heading\" id=\"concurso-eear-aeronutica-provas-e-etapas\">Concurso EEAR (Aeron\u00e1utica): Provas e etapas<\/h2>\n\n\n\n<p>Os candidatos ser\u00e3o avaliados por meio das seguintes<strong> etapas:<\/strong><\/p>\n\n\n\n<ul class=\"wp-block-list\"><li>Provas Escritas;\u00a0<\/li>\n\n\n\n<li>INSPSAU (Inspe\u00e7\u00e3o de sa\u00fade);\u00a0<\/li>\n\n\n\n<li>EAP (Exame de aptid\u00e3o Psicol\u00f3gica);\u00a0<\/li>\n\n\n\n<li>TACF (Teste de avalia\u00e7\u00e3o do Condicionamento F\u00edsico);<\/li>\n\n\n\n<li>PHC (Procedimento de Heteroidentifica\u00e7\u00e3o complementar);<\/li>\n\n\n\n<li>Valida\u00e7\u00e3o Documental.<\/li>\n<\/ul><p><\/p>\n\n\n\n<p>As provas escritas ser\u00e3o aplicadas no dia\u00a0<strong>4 de junho de 2023<\/strong>\u00a0nas seguintes cidades:<\/p>\n\n\n\n<ul class=\"wp-block-list\"><li>Bel\u00e9m PA;<\/li>\n\n\n\n<li>Alc\u00e2ntara\/S\u00e3o Lu\u00eds MA;<\/li>\n\n\n\n<li>Recife PE;<\/li>\n\n\n\n<li>Natal RN;<\/li>\n\n\n\n<li>Rio de Janeiro RJ;<\/li>\n\n\n\n<li>Belo Horizonte MG;<\/li>\n\n\n\n<li>S\u00e3o Paulo SP;<\/li>\n\n\n\n<li>S\u00e3o Jos\u00e9 dos Campos SP;<\/li>\n\n\n\n<li>Campo Grande MS;<\/li>\n\n\n\n<li>Canoas RS;<\/li>\n\n\n\n<li>Santa Maria RS;<\/li>\n\n\n\n<li>Curitiba PR;<\/li>\n\n\n\n<li>Bras\u00edlia DF;<\/li>\n\n\n\n<li>Manaus AM;<\/li>\n\n\n\n<li>Porto Velho RO;<\/li>\n\n\n\n<li>Boa Vista RR.<\/li>\n<\/ul><p><\/p>\n\n\n\n<p>Nesse sentido, ser\u00e3o compostas de 95 quest\u00f5es de m\u00faltipla escolha, acerca das disciplinas abaixo:<\/p>\n\n\n\n<ul class=\"wp-block-list\"><li>L\u00edngua Portuguesa;<\/li>\n\n\n\n<li>L\u00edngua Inglesa;<\/li>\n\n\n\n<li>Matem\u00e1tica;<\/li>\n\n\n\n<li>F\u00edsica.<\/li>\n<\/ul><p><\/p>\n\n\n\n<p>Os aprovados ser\u00e3o submetidos ao Teste de avalia\u00e7\u00e3o do Condicionamento F\u00edsico, onde ser\u00e1 preciso realizar os seguintes<strong>\u00a0exerc\u00edcios:<\/strong><\/p>\n\n\n\n<ul class=\"wp-block-list\"><li>Flex\u00e3o e extens\u00e3o dos membros superiores com apoio de frente sobre o solo;<\/li>\n\n\n\n<li>Flex\u00e3o do tronco sobre as coxas; salto horizontal;<\/li>\n\n\n\n<li>Corrida de 12 minutos.\u00a0<\/li>\n<\/ul><p><\/p>\n\n\n\n<h2 class=\"wp-block-heading\" id=\"como-funciona-o-curso-de-formao\">Como funciona o Curso de Forma\u00e7\u00e3o?<\/h2>\n\n\n\n<p>Os aprovados em todas etapas ser\u00e3o convocados para o Curso de Forma\u00e7\u00e3o, com matr\u00edcula prevista para o dia\u00a0<strong>11 de janeiro de 2024.<\/strong><\/p>\n\n\n\n<p>O curso \u00e9 ministrado sob regime de internato militar na Escola de Especialistas de Aeron\u00e1utica (EEAR), em\u00a0<strong>Guaratinguet\u00e1-SP,<\/strong>\u00a0com dura\u00e7\u00e3o aproximada de<strong>\u00a0dois anos<\/strong>\u00a0e abrange instru\u00e7\u00f5es nos Campos Geral, Militar e T\u00e9cnico-Especializado. Veja!<\/p>\n\n\n\n<ul class=\"wp-block-list\"><li><strong>Instru\u00e7\u00e3o ministrada no Campo Geral, comum a todas as especialidades:\u00a0<\/strong>re\u00fane os conhecimentos b\u00e1sicos necess\u00e1rios \u00e0 habilita\u00e7\u00e3o dos alunos nos seus diferentes n\u00edveis. Esta instru\u00e7\u00e3o \u00e9 ministrada de maneira gradual e cont\u00ednua, objetivando nivelar os conhecimentos de alunos de diferentes origens e forma\u00e7\u00f5es.\u00a0<\/li>\n\n\n\n<li><strong>Campo Militar:\u00a0<\/strong>busca-se transmitir e refor\u00e7ar os postulados b\u00e1sicos da vida castrense referentes \u00e0 futura gradua\u00e7\u00e3o, bem como desenvolver elevado grau de vibra\u00e7\u00e3o, devo\u00e7\u00e3o e entusiasmo pela carreira na For\u00e7a A\u00e9rea.\u00a0<\/li>\n\n\n\n<li><strong>Campo T\u00e9cnico-Especializado:<\/strong>\u00a0constitui-se a fase da forma\u00e7\u00e3o em que o aluno \u00e9 preparado para obter um desempenho profissional dentro dos padr\u00f5es estabelecidos pelo COMAER.<\/li>\n<\/ul><p><\/p>\n\n\n\n<p>A forma\u00e7\u00e3o nas especialidades do CFS \u00e9 reconhecida pelo Minist\u00e9rio da Educa\u00e7\u00e3o (MEC) como curso t\u00e9cnico, de n\u00edvel m\u00e9dio.<\/p>","protected":false},"excerpt":{"rendered":"<p>Est\u00e3o abertas as inscri\u00e7\u00f5es do concurso EEAR (Aeron\u00e1utica) referente ao Curso de Forma\u00e7\u00e3o de Sargentos (CFS) para o 1\u00ba semestre de 2024. Ao todo, s\u00e3o ofertadas\u00a0242 vagas,\u00a0exig\u00eancia de n\u00edvel m\u00e9dio, para ambos os sexos, divididas em v\u00e1rias especialidades. Tamb\u00e9m \u00e9 um requisito ter idade entre 17 e 25 anos (at\u00e9 dezembro de 2024). Para se [&hellip;]<\/p>\n","protected":false},"author":54679,"featured_media":165357,"comment_status":"closed","ping_status":"closed","sticky":false,"template":"","format":"standard","meta":{"_acf_changed":false,"footnotes":"","_wp_rev_ctl_limit":""},"categories":[228],"tags":[],"class_list":["post-186690","post","type-post","status-publish","format-standard","has-post-thumbnail","hentry","category-noticias"],"acf":[],"_links":{"self":[{"href":"https:\/\/www.novaconcursos.com.br\/portal\/wp-json\/wp\/v2\/posts\/186690","targetHints":{"allow":["GET"]}}],"collection":[{"href":"https:\/\/www.novaconcursos.com.br\/portal\/wp-json\/wp\/v2\/posts"}],"about":[{"href":"https:\/\/www.novaconcursos.com.br\/portal\/wp-json\/wp\/v2\/types\/post"}],"author":[{"embeddable":true,"href":"https:\/\/www.novaconcursos.com.br\/portal\/wp-json\/wp\/v2\/users\/54679"}],"replies":[{"embeddable":true,"href":"https:\/\/www.novaconcursos.com.br\/portal\/wp-json\/wp\/v2\/comments?post=186690"}],"version-history":[{"count":6,"href":"https:\/\/www.novaconcursos.com.br\/portal\/wp-json\/wp\/v2\/posts\/186690\/revisions"}],"predecessor-version":[{"id":199119,"href":"https:\/\/www.novaconcursos.com.br\/portal\/wp-json\/wp\/v2\/posts\/186690\/revisions\/199119"}],"wp:featuredmedia":[{"embeddable":true,"href":"https:\/\/www.novaconcursos.com.br\/portal\/wp-json\/wp\/v2\/media\/165357"}],"wp:attachment":[{"href":"https:\/\/www.novaconcursos.com.br\/portal\/wp-json\/wp\/v2\/media?parent=186690"}],"wp:term":[{"taxonomy":"category","embeddable":true,"href":"https:\/\/www.novaconcursos.com.br\/portal\/wp-json\/wp\/v2\/categories?post=186690"},{"taxonomy":"post_tag","embeddable":true,"href":"https:\/\/www.novaconcursos.com.br\/portal\/wp-json\/wp\/v2\/tags?post=186690"}],"curies":[{"name":"wp","href":"https:\/\/api.w.org\/{rel}","templated":true}]}}