{"id":186875,"date":"2023-02-27T10:24:48","date_gmt":"2023-02-27T13:24:48","guid":{"rendered":"https:\/\/www.novaconcursos.com.br\/portal\/?p=186875"},"modified":"2025-03-07T15:31:46","modified_gmt":"2025-03-07T18:31:46","slug":"concurso-tre-edital-unificado-tem-previsao-para-sair-em-agosto-confira","status":"publish","type":"post","link":"https:\/\/www.novaconcursos.com.br\/portal\/noticias\/concurso-tre-edital-unificado-tem-previsao-para-sair-em-agosto-confira\/","title":{"rendered":"Concurso TRE: Edital unificado tem previs\u00e3o para sair em agosto. Confira!"},"content":{"rendered":"<p>Aten\u00e7\u00e3o concurseiros! O edital do novo <a href=\"https:\/\/www.novaconcursos.com.br\/portal\/concursos\/concurso-tse\/\">concurso TRE Unificado<\/a>\u00a0<strong>(Tribunais Regionais Eleitorais (TREs)<\/strong> deve ser publicado no segundo semestre, mais precisamente em agosto. Por isso, saiba detalhes e se programe!<\/p>\n\n\n\n<p><\/p>\n\n\n\n<ul class=\"wp-block-list\"><li><strong>Confira: <\/strong><a href=\"https:\/\/www.novaconcursos.com.br\/curso-online\/curso-tre-unificado-tecnico-judiciario\">Curso TSE-UNIFICADO \u2013 T\u00e9cnico Judici\u00e1rio<\/a><\/li>\n<\/ul><p><\/p>\n\n\n\n<p>Estude para o concurso dos seus sonhos com o\u00a0<strong>M\u00e9todo<\/strong>\u00a0que j\u00e1 ajudou na\u00a0<strong>aprova\u00e7\u00e3o de mais de 70 mil alunos.<\/strong>\u00a0<a href=\"https:\/\/aprovacao.novaconcursos.com.br\/assinatura\" target=\"_blank\" rel=\"noreferrer noopener\" aria-label=\" (abre numa nova aba)\">Clique aqui<\/a>\u00a0e saiba mais!<\/p>\n\n\n\n<h2 class=\"wp-block-heading\" id=\"concurso-tre-unificado-edital-sai-quando\">Concurso TRE unificado: edital sai quando?<\/h2>\n\n\n\n<p>Ao que tudo indica, um novo concurso TRE unificado, para os<strong> Tribunais Regionais Eleitorais (TREs)<\/strong>, est\u00e1 cada vez mais pr\u00f3ximo!<\/p>\n\n\n\n<p>Assim, a nova previs\u00e3o \u00e9 que o edital possa ser publicado no come\u00e7o do segundo semestre, mais precisamente no <strong>m\u00eas de agosto deste ano.<\/strong><\/p>\n\n\n\n<p>Recentemente, a sele\u00e7\u00e3o foi debatida na 80\u00aa edi\u00e7\u00e3o do Col\u00e9gio de Presidentes dos TREs (Coptrel), realizada na \u00faltima sexta-feira (24\/02).<\/p>\n\n\n\n<p>Al\u00e9m da previs\u00e3o do edital, a reuni\u00e3o informou ainda que as provas devem acontecer em<strong> setembro ou outubro<\/strong> deste ano.<\/p>\n\n\n\n<p>Vale destacar que esta \u00e9 a <strong>primeira vez<\/strong> que os TREs contam com uma previs\u00e3o concreta de lan\u00e7amento de edital e aplica\u00e7\u00e3o dos exames.<\/p>\n\n\n\n<p>Al\u00e9m disso, a ata da reuni\u00e3o ainda conta com o <strong>or\u00e7amento <\/strong>para a contrata\u00e7\u00e3o da banca organizadora. <\/p>\n\n\n\n<p><a rel=\"noreferrer noopener\" aria-label=\"Confira a ata completa, clicando aqui! (abre numa nova aba)\" href=\"https:\/\/dhg1h5j42swfq.cloudfront.net\/2023\/02\/25082352\/coptrel-carta-de-sao-luis-1.pdf\" target=\"_blank\">Confira a ata completa, clicando aqui!<\/a><\/p>\n\n\n\n<h3 class=\"wp-block-heading\">Propostas apresentadas<\/h3>\n\n\n\n<p>Posteriormente, o TSE tamb\u00e9m j\u00e1 possui na mesa as seguintes propostas para o concurso unificado de TREs:<\/p>\n\n\n\n<ul class=\"wp-block-list\"><li>Os tribunais dever\u00e3o realizar concurso interno de remo\u00e7\u00e3o antes do concurso nacional;\u00a0<\/li>\n\n\n\n<li>Apenas uma banca organizadora ser\u00e1 contratada para cumprimento do cronograma em uma s\u00f3 data em todo o pa\u00eds, com conte\u00fado de interesse de todos;<\/li>\n\n\n\n<li>O candidato poder\u00e1 fazer a prova na capital onde mora, mas concorrendo para capital que quiser;<\/li>\n\n\n\n<li>O concurso dever\u00e1 ter cadastro de reserva;<\/li>\n\n\n\n<li>Previs\u00e3o de posse: in\u00edcio de 2024;<\/li>\n\n\n\n<li>Haver\u00e1 reserva de vagas para negros e deficientes;<\/li>\n\n\n\n<li>Conte\u00fados das provas devem ser atualizados para n\u00e3o ficarem obsoletos.<\/li>\n<\/ul><p><\/p>\n\n\n\n<h3 class=\"wp-block-heading\">Previs\u00e3o de vagas<\/h3>\n\n\n\n<p>Assim, a previs\u00e3o \u00e9 que sejam ofertadas 205 vagas. Portanto, confira a poss\u00edvel a distribui\u00e7\u00e3o para cada um dos tribunais que\u00a0<strong>demonstraram interesse<\/strong>\u00a0pelo edital:<\/p>\n\n\n\n<ul class=\"wp-block-list\"><li>TSE \u2013 3 vagas para T\u00e9cnico e 7 para Analistas<\/li>\n\n\n\n<li>Acre \u2013 1 vaga de T\u00e9cnico e 3 de Analista<\/li>\n\n\n\n<li>Alagoas \u2013 2 vagas de T\u00e9cnico e 8 de Analista<\/li>\n\n\n\n<li>Amazonas \u2013 3 vagas de T\u00e9cnico e 4 de Analista<\/li>\n\n\n\n<li>Bahia \u2013 10 vagas de T\u00e9cnico e 16 de Analista<\/li>\n\n\n\n<li>Cear\u00e1 \u2013 4 vagas de Analista<\/li>\n\n\n\n<li>Esp\u00edrito Santo \u2013 1 vaga de T\u00e9cnico e 2 de Analista<\/li>\n\n\n\n<li>Goi\u00e1s \u2013 2 vagas de T\u00e9cnico e 5 de Analista<\/li>\n\n\n\n<li>Maranh\u00e3o \u2013 2 vagas de T\u00e9cnico e 5 de Analista<\/li>\n\n\n\n<li>Mato Grosso \u2013 3 vagas de T\u00e9cnico e 2 de Analista<\/li>\n\n\n\n<li>Mato Grosso do Sul \u2013 1 vaga de T\u00e9cnico e 4 de Analista<\/li>\n\n\n\n<li>Minas Gerais \u2013 4 vagas de T\u00e9cnico e 28 de Analista<\/li>\n\n\n\n<li>Par\u00e1 \u2013 1 vaga de T\u00e9cnico e 5 de Analista<\/li>\n\n\n\n<li>Paran\u00e1 \u2013 2 vagas de T\u00e9cnico e 4 de Analista<\/li>\n\n\n\n<li>Pernambuco \u2013 1 vaga de T\u00e9cnico e 5 de Analista<\/li>\n\n\n\n<li>Piau\u00ed \u2013 1 vaga de T\u00e9cnico e 2 de Analista<\/li>\n\n\n\n<li>Rio de Janeiro \u2013 3 vagas de T\u00e9cnico e 10 de Analista<\/li>\n\n\n\n<li>Rio Grande do Norte \u2013 1 vaga de T\u00e9cnico e 3 de Analista<\/li>\n\n\n\n<li>Rond\u00f4nia \u2013 1 vaga de T\u00e9cnico e 5 de Analista<\/li>\n\n\n\n<li>Santa Catarina \u2013 2 vagas de T\u00e9cnico e 3 de Analista<\/li>\n\n\n\n<li>Sergipe \u2013 1 vaga de T\u00e9cnico e 3 de Analista<\/li>\n\n\n\n<li>Tocantins \u2013 1 vaga de T\u00e9cnico e 2 de Analista<\/li>\n\n\n\n<li>Rio Grande do Sul \u2013 3 vagas de T\u00e9cnico e 7 de Analista<\/li>\n\n\n\n<li>Roraima \u2013 2 vagas de T\u00e9cnico e 3 de Analista<\/li>\n\n\n\n<li>Amap\u00e1 \u2013 1 vaga de T\u00e9cnico e 5 de Analista<\/li>\n<\/ul><p><\/p>\n\n\n\n<h3 class=\"wp-block-heading\">Requisitos e sal\u00e1rios<\/h3>\n\n\n\n<p>De acordo com o PLOA 2023, ser\u00e3o vagas para os cargos de cargos de <strong>T\u00e9cnico e Analista<\/strong>, exig\u00eancia de n\u00edvel superior.<\/p>\n\n\n\n<p>Anteriormente, o cargo de T\u00e9cnico exigia o n\u00edvel m\u00e9dio. No entanto, foi publicada no Di\u00e1rio Oficial a\u00a0<a href=\"https:\/\/www.novaconcursos.com.br\/portal\/noticias\/lei-que-exige-nivel-superior-para-tecnico-judiciario-publicada-entenda\/\">Lei 14.456\/2022<\/a>\u00a0que passa a exigir o<strong>\u00a0n\u00edvel superior<\/strong>\u00a0para o cargo de T\u00e9cnico Judici\u00e1rio.<\/p>\n\n\n\n<p>Sendo assim, a mudan\u00e7a no<strong>\u00a0requisito de escolaridade\u00a0<\/strong>vai impactar o concurso TSE, uma vez que promulgada, os pr\u00f3ximos certames devem incluir a exig\u00eancia de n\u00edvel superior em seus editais.<\/p>\n\n\n\n<p>De acordo com o \u00f3rg\u00e3o, as carreiras previstas recebem as seguintes remunera\u00e7\u00f5es iniciais:<\/p>\n\n\n\n<ul class=\"wp-block-list\"><li><strong>Analista Judici\u00e1rio<\/strong>: R$ 13.259,70<\/li>\n\n\n\n<li><strong>T\u00e9cnico Judici\u00e1rio<\/strong>: R$ 8.081,64<\/li>\n<\/ul><p><\/p>\n\n\n\n<p>Al\u00e9m do sal\u00e1rio, ainda fazem jus aos seguintes benef\u00edcios:<\/p>\n\n\n\n<ul class=\"wp-block-list\"><li>Aux\u00edlio Pr\u00e9-escolar:\u00a0<strong>R$ 951,84<\/strong><\/li>\n\n\n\n<li>Aux\u00edlio Alimenta\u00e7\u00e3o:\u00a0<strong>R$ 1.203,76.<\/strong><\/li>\n<\/ul><p><\/p>\n\n\n\n<h2 class=\"wp-block-heading\" id=\"como-foi-o-ltimo-concurso-tre-unificado\">Como foi o \u00faltimo concurso TRE unificado?<\/h2>\n\n\n\n<p>Assim, o \u00faltimo concurso TRE foi publicado em 2006 e ofertou\u00a0<strong>804 vagas<\/strong>, distribu\u00eddas entre as seguintes especialidades:<\/p>\n\n\n\n<ul class=\"wp-block-list\"><li><strong>Analista e T\u00e9cnico<\/strong>\n<ul class=\"wp-block-list\"><li>TSE \u2013 280 vagas<\/li>\n\n\n\n<li>TRE\n<ul class=\"wp-block-list\"><li>RO \u2013 56 vagas<\/li>\n\n\n\n<li>AC \u2013 6 vagas<\/li>\n\n\n\n<li>RJ \u2013 435 vagas<\/li>\n\n\n\n<li>RR \u2013 24 vagas<\/li>\n<\/ul><\/li>\n<\/ul><\/li>\n<\/ul><p><\/p>\n\n\n\n<p>Portanto, na \u00e9poca, os aprovados foram remunerados com os seguintes <strong>sal\u00e1rios iniciais:<\/strong><\/p>\n\n\n\n<ul class=\"wp-block-list\"><li>Analista: R$ 4.034,63<\/li>\n\n\n\n<li>T\u00e9cnico: 2.415,66<\/li>\n<\/ul><p><\/p>\n\n\n\n<p>Os candidatos foram avaliados atrav\u00e9s de\u00a0<strong>tr\u00eas etapas<\/strong>, sendo uma prova objetiva, uma prova discursiva e uma avalia\u00e7\u00e3o de t\u00edtulos (somente para n\u00edvel superior).<\/p>\n\n\n\n<p>Ademais, a prova objetiva foi composta de\u00a0<strong>120 quest\u00f5es\u00a0<\/strong>de m\u00faltipla escolha entre conte\u00fados de\u00a0Conhecimentos Gerais e Espec\u00edficos. Assim, veja:<\/p>\n\n\n\n<ul class=\"wp-block-list\"><li>Gram\u00e1tica e interpreta\u00e7\u00e3o de texto da l\u00edngua portuguesa;<\/li>\n\n\n\n<li>No\u00e7\u00f5es de inform\u00e1tica;<\/li>\n\n\n\n<li>Normas aplic\u00e1veis aos servidores p\u00fablicos federais;<\/li>\n\n\n\n<li>Regimento interno do respectivo Tribunal.<\/li>\n<\/ul><p><\/p>\n\n\n\n<p>Em contrapartida, a prova discursiva consistiu na elabora\u00e7\u00e3o de um texto narrativo, dissertativo ou descritivo, abordando temas atuais que deveria possuir,\u00a0<strong>no m\u00ednimo, 30 linhas<\/strong>.<\/p>","protected":false},"excerpt":{"rendered":"<p>Aten\u00e7\u00e3o concurseiros! O edital do novo concurso TRE Unificado\u00a0(Tribunais Regionais Eleitorais (TREs) deve ser publicado no segundo semestre, mais precisamente em agosto. Por isso, saiba detalhes e se programe! Estude para o concurso dos seus sonhos com o\u00a0M\u00e9todo\u00a0que j\u00e1 ajudou na\u00a0aprova\u00e7\u00e3o de mais de 70 mil alunos.\u00a0Clique aqui\u00a0e saiba mais! Concurso TRE unificado: edital sai [&hellip;]<\/p>\n","protected":false},"author":54671,"featured_media":158763,"comment_status":"closed","ping_status":"closed","sticky":false,"template":"","format":"standard","meta":{"_acf_changed":false,"footnotes":"","_wp_rev_ctl_limit":""},"categories":[228],"tags":[],"class_list":["post-186875","post","type-post","status-publish","format-standard","has-post-thumbnail","hentry","category-noticias"],"acf":[],"_links":{"self":[{"href":"https:\/\/www.novaconcursos.com.br\/portal\/wp-json\/wp\/v2\/posts\/186875","targetHints":{"allow":["GET"]}}],"collection":[{"href":"https:\/\/www.novaconcursos.com.br\/portal\/wp-json\/wp\/v2\/posts"}],"about":[{"href":"https:\/\/www.novaconcursos.com.br\/portal\/wp-json\/wp\/v2\/types\/post"}],"author":[{"embeddable":true,"href":"https:\/\/www.novaconcursos.com.br\/portal\/wp-json\/wp\/v2\/users\/54671"}],"replies":[{"embeddable":true,"href":"https:\/\/www.novaconcursos.com.br\/portal\/wp-json\/wp\/v2\/comments?post=186875"}],"version-history":[{"count":5,"href":"https:\/\/www.novaconcursos.com.br\/portal\/wp-json\/wp\/v2\/posts\/186875\/revisions"}],"predecessor-version":[{"id":274635,"href":"https:\/\/www.novaconcursos.com.br\/portal\/wp-json\/wp\/v2\/posts\/186875\/revisions\/274635"}],"wp:featuredmedia":[{"embeddable":true,"href":"https:\/\/www.novaconcursos.com.br\/portal\/wp-json\/wp\/v2\/media\/158763"}],"wp:attachment":[{"href":"https:\/\/www.novaconcursos.com.br\/portal\/wp-json\/wp\/v2\/media?parent=186875"}],"wp:term":[{"taxonomy":"category","embeddable":true,"href":"https:\/\/www.novaconcursos.com.br\/portal\/wp-json\/wp\/v2\/categories?post=186875"},{"taxonomy":"post_tag","embeddable":true,"href":"https:\/\/www.novaconcursos.com.br\/portal\/wp-json\/wp\/v2\/tags?post=186875"}],"curies":[{"name":"wp","href":"https:\/\/api.w.org\/{rel}","templated":true}]}}