{"id":186926,"date":"2023-02-27T11:58:20","date_gmt":"2023-02-27T14:58:20","guid":{"rendered":"https:\/\/www.novaconcursos.com.br\/portal\/?p=186926"},"modified":"2025-03-07T13:55:05","modified_gmt":"2025-03-07T16:55:05","slug":"concurso-pc-rj-agentes-de-seguranca-terao-programa-de-prevencao-ao-suicidio","status":"publish","type":"post","link":"https:\/\/www.novaconcursos.com.br\/portal\/noticias\/concurso-pc-rj-agentes-de-seguranca-terao-programa-de-prevencao-ao-suicidio\/","title":{"rendered":"Concurso PC RJ: Agentes de Seguran\u00e7a ter\u00e3o programa de preven\u00e7\u00e3o ao suic\u00eddio!"},"content":{"rendered":"<p>Aten\u00e7\u00e3o concurseiros interessados em algum\u00a0<a href=\"https:\/\/www.novaconcursos.com.br\/portal\/concursos\/concurso-policia-civil-rj\/\">concurso PC RJ<\/a>\u00a0(Pol\u00edcia Civil do Rio de Janeiro)! Os <strong>Agentes de Seguran\u00e7a<\/strong> ter\u00e3o um programa de preven\u00e7\u00e3o ao suic\u00eddio. Entenda!<\/p>\n\n\n\n<p><\/p>\n\n\n\n<p>Estude para o concurso dos seus sonhos com o\u00a0<strong>M\u00e9todo<\/strong>\u00a0que j\u00e1 ajudou na\u00a0<strong>aprova\u00e7\u00e3o de mais de 70 mil alunos!<\/strong>\u00a0<a href=\"https:\/\/aprovacao.novaconcursos.com.br\/assinatura\" target=\"_blank\" rel=\"noreferrer noopener\" aria-label=\" (abre numa nova aba)\">Clique aqui<\/a>\u00a0e saiba mais!<\/p>\n\n\n\n<h2 class=\"wp-block-heading\" id=\"concurso-pc-rj-entenda-o-programa-de-preveno-ao-suicdio\">Concurso PC RJ: entenda o programa de preven\u00e7\u00e3o ao suic\u00eddio<\/h2>\n\n\n\n<p>Policiais civis, agentes penitenci\u00e1rios e servidores que trabalham com adolescentes infratores no <a href=\"https:\/\/www.novaconcursos.com.br\/portal\/concursos-previstos\/rj\/\">Rio de Janeiro <\/a>ter\u00e3o um programa de preven\u00e7\u00e3o ao suic\u00eddio. <\/p>\n\n\n\n<p>Assim, o programa ser\u00e1 coordenado pelo Instituto de Pesquisa, Preven\u00e7\u00e3o e Estudos em Suic\u00eddio (Ippes), em <strong>parceria com o governo<\/strong> do estado e o Minist\u00e9rio P\u00fablico do Trabalho.<\/p>\n\n\n\n<p>Ent\u00e3o, a ideia \u00e9 que, no futuro, a Pol\u00edcia Militar e o Corpo de Bombeiros tamb\u00e9m passem a <strong>integrar o projeto.<\/strong> <\/p>\n\n\n\n<p>Dados informados pelo Ippes, com base no Anu\u00e1rio Brasileiro de Seguran\u00e7a P\u00fablica, mostram que 101 policiais civis e militares cometeram suic\u00eddio em 2021. No estado do Rio,<strong> foram 15 casos naquele ano.<\/strong><\/p>\n\n\n\n<p>Segundo a presidente do Ippes, a soci\u00f3loga Dayse Miranda, o programa ter\u00e1 tr\u00eas etapas. <\/p>\n\n\n\n<p>Ademais, a primeira \u00e9 um diagn\u00f3stico da situa\u00e7\u00e3o na Pol\u00edcia Civil, na Secretaria de Administra\u00e7\u00e3o Penitenci\u00e1ria (Seap) e no Departamento Geral de A\u00e7\u00f5es Socioeducativas (Degase).<\/p>\n\n\n\n<p>Em seguida, ser\u00e1 feito um trabalho de conscientiza\u00e7\u00e3o com gestores, profissionais de sa\u00fade mental dessas institui\u00e7\u00f5es e os pr\u00f3prios agentes. <\/p>\n\n\n\n<p><em>\u201cTentamos fazer um trabalho de mudan\u00e7a de cultura organizacional, oferecendo oficinas de gest\u00e3o humanizada para os l\u00edderes, formando multiplicadores de preven\u00e7\u00e3o, fazendo palestras que esclarecem quais s\u00e3o os primeiros sinais e tamb\u00e9m rodas de conversas onde eles compartilham os problemas do dia a dia de trabalho\u201d,<\/em> informou.<\/p>\n\n\n\n<h3 class=\"wp-block-heading\">Dura\u00e7\u00e3o do programa<\/h3>\n\n\n\n<p>O Ippes colocar\u00e1 sua <strong>rede de apoio psicoterap\u00eautico<\/strong> \u00e0 disposi\u00e7\u00e3o desses profissionais de sa\u00fade e dos pr\u00f3prios agentes que precisarem de ajuda.<\/p>\n\n\n\n<p>Dayse Miranda conta que h\u00e1 alguns fatores que <strong>favorecem o suic\u00eddio<\/strong> entre os agentes de seguran\u00e7a p\u00fablica, entre eles a pr\u00f3pria natureza do trabalho. <\/p>\n\n\n\n<p><em>\u201cTer autoexposi\u00e7\u00e3o a situa\u00e7\u00e3o de perigo e viol\u00eancia, ao decorrer de dez a 15 anos, esse profissional est\u00e1 sujeito a desenvolver os transtornos de estresse p\u00f3s-traum\u00e1tico, que aumenta o risco do profissional morrer por suic\u00eddio\u201d<\/em>, disse.<\/p>\n\n\n\n<p>H\u00e1 ainda quest\u00f5es como as <strong>escalas de trabalho<\/strong> que comprometem o descanso, a falta de cuidado com o profissional que passou por uma situa\u00e7\u00e3o complicada (como o assassinato de um colega) e tamb\u00e9m o acesso mais f\u00e1cil \u00e0 arma de fogo.<\/p>\n\n\n\n<p>Segundo Dayse Miranda, um profissional que est\u00e1 sofrendo com um adoecimento mental coloca em risco n\u00e3o apenas ele mesmo como tamb\u00e9m todos que est\u00e3o a sua volta, inclusive a popula\u00e7\u00e3o civil. <\/p>\n\n\n\n<p>Posteriormente, \u00e9 importante destacar que o projeto tem a<strong> previs\u00e3o de durar dois anos.<\/strong><\/p>\n\n\n\n<h2 class=\"wp-block-heading\" id=\"concurso-pmerj-edital-est-cada-vez-mais-prximo-de-sair\">Concurso PMERJ: edital est\u00e1 cada vez mais pr\u00f3ximo de sair<\/h2>\n\n\n\n<p>No \u00faltimo dia 23 de janeiro foi publicada a\u00a0<strong>autoriza\u00e7\u00e3o para contrata\u00e7\u00e3o<\/strong> do IBADE (Instituto Brasileiro de Apoio e Desenvolvimento Executivo), banca definida para organizar o\u00a0<a href=\"https:\/\/www.novaconcursos.com.br\/portal\/concursos\/concurso-pmerj\/\">concurso PMERJ<\/a>.<\/p>\n\n\n\n<ul class=\"wp-block-list\"><li><strong>Confira: <\/strong><a href=\"https:\/\/www.novaconcursos.com.br\/apostila\/pmerj-soldado-prep\">Apostila PMERJ 2023 \u2013 Soldado<\/a><\/li>\n\n\n\n<li><strong>Confira: <\/strong><a href=\"https:\/\/www.novaconcursos.com.br\/curso-online\/pm-rj-soldado\">Curso PM-RJ \u2013 Soldado<\/a><\/li>\n<\/ul><p><\/p>\n\n\n\n<p>Al\u00e9m disso, tamb\u00e9m foi publicado o aval para<strong>\u00a0libera\u00e7\u00e3o de verbas<\/strong>\u00a0para a contrata\u00e7\u00e3o da\u00a0<a rel=\"noreferrer noopener\" href=\"http:\/\/concursos.ibade.org.br\/\" target=\"_blank\">banca.<\/a> De acordo com o documento,<strong>\u00a0foram concedidos\u00a0<\/strong>R$ 5.700.000,00.<\/p>\n\n\n\n<p>Ap\u00f3s a assinatura do contrato, a banca pode iniciar os tramites para, posteriormente,\u00a0<strong>publicar o edital\u00a0<\/strong>no Di\u00e1rio Oficial do Estado.<\/p>\n\n\n\n<p>Foram autorizadas\u00a0<strong>2 mil vagas para soldados<\/strong>, sendo 200 vagas para o sexo feminino e 1.800 vagas para o sexo masculino.<\/p>\n\n\n\n<h2 class=\"wp-block-heading\" id=\"concurso-bombeiros-rj-j-est-publicado-se-inscreva\">Concurso Bombeiros RJ j\u00e1 est\u00e1 publicado; se inscreva<\/h2>\n\n\n\n<p>O edital do c<a href=\"https:\/\/www.novaconcursos.com.br\/portal\/concursos\/bombeiros-rj\/\">oncurso\u00a0Bombeiros RJ<\/a><strong>\u00a0<\/strong>foi publicado! A oferta \u00e9 para as carreiras de Soldado e Sargento. <\/p>\n\n\n\n<p>S\u00e3o contempladas diversas especialidades de\u00a0<strong>n\u00edveis m\u00e9dio e t\u00e9cnico<\/strong>\u00a0e o sal\u00e1rio chega a mais de R$ 5 mil.<\/p>\n\n\n\n<ul class=\"wp-block-list\"><li><strong>Confira: <\/strong><a href=\"https:\/\/www.novaconcursos.com.br\/curso-online\/curso-completo-cbme-rj-curso-de-formacao-de-oficiais-cfo\">Curso Completo CBME-RJ \u2013 Curso de Forma\u00e7\u00e3o de Oficiais (CFO)<\/a><\/li>\n<\/ul><p><\/p>\n\n\n\n<p>Assim, os interessados poder\u00e3o se inscrever at\u00e9 o dia 12 de mar\u00e7o por meio do site do\u00a0<a rel=\"noreferrer noopener\" href=\"https:\/\/portal.iuds.org.br\/edital\/ver\/94\" target=\"_blank\">IUDS<\/a>\u00a0(Instituto Universal de Desenvolvimento Social), banca. A\u00a0<strong>taxa <\/strong>\u00e9 de R$ 61,50 e pode ser paga at\u00e9 o dia 13 de mar\u00e7o.<\/p>\n\n\n\n<p>Ademais, a prova de conhecimentos consistir\u00e1 em um\u00a0<strong>exame objetivo<\/strong>, com 60 quest\u00f5es, que ser\u00e1 aplicada dia <strong>30 de abril <\/strong>deste ano.<\/p>","protected":false},"excerpt":{"rendered":"<p>Aten\u00e7\u00e3o concurseiros interessados em algum\u00a0concurso PC RJ\u00a0(Pol\u00edcia Civil do Rio de Janeiro)! Os Agentes de Seguran\u00e7a ter\u00e3o um programa de preven\u00e7\u00e3o ao suic\u00eddio. Entenda! Estude para o concurso dos seus sonhos com o\u00a0M\u00e9todo\u00a0que j\u00e1 ajudou na\u00a0aprova\u00e7\u00e3o de mais de 70 mil alunos!\u00a0Clique aqui\u00a0e saiba mais! Concurso PC RJ: entenda o programa de preven\u00e7\u00e3o ao suic\u00eddio [&hellip;]<\/p>\n","protected":false},"author":54671,"featured_media":155641,"comment_status":"closed","ping_status":"closed","sticky":false,"template":"","format":"standard","meta":{"_acf_changed":false,"footnotes":"","_wp_rev_ctl_limit":""},"categories":[228],"tags":[],"class_list":["post-186926","post","type-post","status-publish","format-standard","has-post-thumbnail","hentry","category-noticias"],"acf":[],"_links":{"self":[{"href":"https:\/\/www.novaconcursos.com.br\/portal\/wp-json\/wp\/v2\/posts\/186926","targetHints":{"allow":["GET"]}}],"collection":[{"href":"https:\/\/www.novaconcursos.com.br\/portal\/wp-json\/wp\/v2\/posts"}],"about":[{"href":"https:\/\/www.novaconcursos.com.br\/portal\/wp-json\/wp\/v2\/types\/post"}],"author":[{"embeddable":true,"href":"https:\/\/www.novaconcursos.com.br\/portal\/wp-json\/wp\/v2\/users\/54671"}],"replies":[{"embeddable":true,"href":"https:\/\/www.novaconcursos.com.br\/portal\/wp-json\/wp\/v2\/comments?post=186926"}],"version-history":[{"count":11,"href":"https:\/\/www.novaconcursos.com.br\/portal\/wp-json\/wp\/v2\/posts\/186926\/revisions"}],"predecessor-version":[{"id":274478,"href":"https:\/\/www.novaconcursos.com.br\/portal\/wp-json\/wp\/v2\/posts\/186926\/revisions\/274478"}],"wp:featuredmedia":[{"embeddable":true,"href":"https:\/\/www.novaconcursos.com.br\/portal\/wp-json\/wp\/v2\/media\/155641"}],"wp:attachment":[{"href":"https:\/\/www.novaconcursos.com.br\/portal\/wp-json\/wp\/v2\/media?parent=186926"}],"wp:term":[{"taxonomy":"category","embeddable":true,"href":"https:\/\/www.novaconcursos.com.br\/portal\/wp-json\/wp\/v2\/categories?post=186926"},{"taxonomy":"post_tag","embeddable":true,"href":"https:\/\/www.novaconcursos.com.br\/portal\/wp-json\/wp\/v2\/tags?post=186926"}],"curies":[{"name":"wp","href":"https:\/\/api.w.org\/{rel}","templated":true}]}}