{"id":188015,"date":"2023-03-09T12:39:59","date_gmt":"2023-03-09T15:39:59","guid":{"rendered":"https:\/\/www.novaconcursos.com.br\/portal\/?p=188015"},"modified":"2025-03-05T15:07:39","modified_gmt":"2025-03-05T18:07:39","slug":"concurso-tre-unificado-565-cargos-para-analista-podem-ser-criados","status":"publish","type":"post","link":"https:\/\/www.novaconcursos.com.br\/portal\/noticias\/concurso-tre-unificado-565-cargos-para-analista-podem-ser-criados\/","title":{"rendered":"Concurso TRE Unificado: 565 cargos para Analista podem ser criados. Entenda!"},"content":{"rendered":"<p>Durante o\u00a080\u00ba encontro do Col\u00e9gio dos Presidentes dos Tribunais Regionais Eleitorais (COPTREL), em fevereiro, foi solicitada a <strong>cria\u00e7\u00e3o de 565 cargos<\/strong> de Analista Judici\u00e1rio \u2013 Apoio Especializado \u2013 An\u00e1lise de Sistemas para serem preenchidos no novo <a href=\"https:\/\/www.novaconcursos.com.br\/portal\/concursos\/concurso-tse\/\">concurso TRE Unificado<\/a>. Entenda!<\/p>\n\n\n\n<p>Isso devido a necessidade de servidores especializados em <strong>Tecnologia da Informa\u00e7\u00e3o (TI),<\/strong> visto que durante a pandemia o <strong>d\u00e9ficit ficou latente, <\/strong>devido as atua\u00e7\u00f5es remotas e digitaliza\u00e7\u00e3o dos processos.<\/p>\n\n\n\n<p>Assim, o pedido foi aceito pelo Colegiado e inclu\u00eddo na carta do 80\u00ba COPTREL, que foi encaminhada ao<strong> Tribunal Superior Eleitoral (TSE).<\/strong><\/p>\n\n\n\n<p>Dessa forma, cabe ao TSE decidir encaminhar o <strong>Projeto de Lei<\/strong> ao Congresso Nacional. <\/p>\n\n\n\n<p>Ainda n\u00e3o existem informa\u00e7\u00f5es acerca do posicionamento do TSE. Caso a proposta seja aprovada, os novos cargos poder\u00e3o ser preenchidos pelos aprovados no novo concurso unificado, <strong>previsto para 2023.<\/strong><\/p>\n\n\n\n<p>De acordo com o diretor-geral do Tribunal Superior Eleitoral, Rui Moreira, existe or\u00e7amento e uma poss\u00edvel banca para realiza\u00e7\u00e3o do concurso.<\/p>\n\n\n\n<p>O diretor tamb\u00e9m informou que o pr\u00f3ximo <strong>edital <\/strong>unificado deve ser <strong>publicado em agosto <\/strong>e as provas ser\u00e3o realizadas em setembro ou outubro.<\/p>\n\n\n\n<p>Estude para o concurso dos seus sonhos com o\u00a0<strong>M\u00e9todo<\/strong>\u00a0que j\u00e1 ajudou na\u00a0<strong>aprova\u00e7\u00e3o de mais de 70 mil alunos.<\/strong>\u00a0<a rel=\"noreferrer noopener\" href=\"https:\/\/aprovacao.novaconcursos.com.br\/assinatura?promo_creative=Clique+aqui&amp;promo_name=noticia&amp;promo_id=%2Fportal%2Fnoticias%2Fconcurso-tse-unificado-tre-am-e-df-confirmam-participacao&amp;promo_position=corpo-texto\" target=\"_blank\">Clique aqui<\/a>\u00a0e saiba mais! <\/p>\n\n\n\n<h2 class=\"wp-block-heading\" id=\"concurso-tre-unificado-quais-tres-vo-participar\">Concurso TRE Unificado: Quais TRE\u2019s v\u00e3o participar?<\/h2>\n\n\n\n<p>O concurso unificado consiste na publica\u00e7\u00e3o de um\u00a0<strong>\u00fanico edital\u00a0<\/strong>que ir\u00e1 contemplar de forma\u00a0<strong>centralizada<\/strong>\u00a0o pr\u00f3prio\u00a0Tribunal Superior Eleitoral e Tribunais Regionais Eleitorais que t\u00eam interesse em preencher seus cargos vagos.\u00a0<\/p>\n\n\n\n<p>Confira os tribunais que demonstraram interesse!<\/p>\n\n\n\n<ul class=\"wp-block-list\"><li><strong>TSE<\/strong><\/li>\n\n\n\n<li><strong>TRE<\/strong><ul><li>Acre<\/li><li>Alagoas<\/li><li>Amazonas<\/li><li>Bahia<\/li><li>Cear\u00e1<\/li><li>Esp\u00edrito Santo<\/li><li>Goi\u00e1s<\/li><li>Maranh\u00e3o<\/li><li>Mato Grosso<\/li><\/ul><ul class=\"wp-block-list\"><li>Mato Grosso do Sul<\/li>\n\n\n\n<li>Minas Gerais<\/li>\n\n\n\n<li>Par\u00e1<\/li>\n\n\n\n<li>Paran\u00e1<\/li>\n\n\n\n<li>Pernambuco<\/li>\n\n\n\n<li>Piau\u00ed<\/li>\n\n\n\n<li>Rio de Janeiro<\/li>\n\n\n\n<li>Rio Grande do Norte<\/li>\n\n\n\n<li>Rond\u00f4nia<\/li>\n\n\n\n<li>Santa Catarina<\/li>\n\n\n\n<li>Sergipe<\/li>\n\n\n\n<li>Tocantins<\/li>\n\n\n\n<li>Rio Grande do Sul<\/li>\n\n\n\n<li>Roraima<\/li>\n\n\n\n<li>Amap\u00e1<\/li>\n<\/ul><\/li>\n<\/ul><p><\/p>\n\n\n\n<h2 class=\"wp-block-heading\" id=\"requisitos-e-salrios\">Requisitos e sal\u00e1rios<\/h2>\n\n\n\n<p>De acordo com o PLOA 2023 est\u00e3o previstas<strong>\u00a0515 vagas<\/strong>\u00a0na Justi\u00e7a Eleitoral, distribu\u00eddas entre o TSE (Tribunal Superior Eleitoral) e os TREs (Tribunais Regionais Eleitorais) para os cargos de cargos de T\u00e9cnico e Analista, exig\u00eancia de n\u00edvel superior.<\/p>\n\n\n\n<p>Anteriormente, o cargo de T\u00e9cnico exigia o n\u00edvel m\u00e9dio. No entanto, foi publicada no Di\u00e1rio Oficial a\u00a0Lei 14.456\/2022\u00a0\u00a0que passa a exigir o<strong>\u00a0n\u00edvel superior<\/strong>\u00a0para o cargo de T\u00e9cnico Judici\u00e1rio.<\/p>\n\n\n\n<p>Sendo assim, a mudan\u00e7a no<strong>\u00a0requisito de escolaridade\u00a0<\/strong>vai impactar o concurso, uma vez que promulgada, os pr\u00f3ximos certames devem incluir a exig\u00eancia de n\u00edvel superior em seus editais.<\/p>\n\n\n\n<p>De acordo com o \u00f3rg\u00e3o, as carreiras previstas recebem as seguintes remunera\u00e7\u00f5es iniciais:<\/p>\n\n\n\n<ul class=\"wp-block-list\"><li><strong>Analista Judici\u00e1rio<\/strong>: R$ 13.259,70<\/li>\n\n\n\n<li><strong>T\u00e9cnico Judici\u00e1rio<\/strong>: R$ 8.081,64<\/li>\n<\/ul><p><\/p>\n\n\n\n<p>Al\u00e9m do sal\u00e1rio, ainda fazem jus aos seguintes <strong>benef\u00edcios:<\/strong><\/p>\n\n\n\n<ul class=\"wp-block-list\"><li>Aux\u00edlio Pr\u00e9-escolar:\u00a0<strong>R$ 951,84<\/strong><\/li>\n\n\n\n<li>Aux\u00edlio Alimenta\u00e7\u00e3o:\u00a0<strong>R$ 1.203,76.<\/strong><\/li>\n<\/ul><p><\/p>\n\n\n\n<h2 class=\"wp-block-heading\" id=\"tpicos-do-concurso-tre-unificado-esto-em-debate\">T\u00f3picos do concurso TRE unificado est\u00e3o em debate!<\/h2>\n\n\n\n<p>Vale lembrar que em dezembro de 2022 o \u00f3rg\u00e3o discutiu <strong>pontos sobre o edital<\/strong>, s\u00e3o eles:<\/p>\n\n\n\n<ul class=\"wp-block-list\"><li>Os tribunais dever\u00e3o realizar concurso interno de remo\u00e7\u00e3o antes do concurso nacional;\u00a0<\/li>\n\n\n\n<li>Apenas uma banca organizadora ser\u00e1 contratada para cumprimento do cronograma em uma s\u00f3 data em todo o pa\u00eds, com conte\u00fado de interesse de todos;<\/li>\n\n\n\n<li>O candidato poder\u00e1 fazer a prova na capital onde mora, mas concorrendo para capital que quiser;<\/li>\n\n\n\n<li>O concurso dever\u00e1 ter cadastro de reserva;<\/li>\n\n\n\n<li>Previs\u00e3o de posse: in\u00edcio de 2024;<\/li>\n\n\n\n<li>Haver\u00e1 reserva de vagas para negros e deficientes;<\/li>\n\n\n\n<li>Conte\u00fados das provas devem ser atualizados para n\u00e3o ficarem obsoletos.\u00a0<\/li>\n<\/ul><p><\/p>\n\n\n\n<p>Al\u00e9m disso, conforme a Resolu\u00e7\u00e3o n\u00ba 23.391 do TSE, o concurso ter\u00e1 provas objetivas de conhecimentos gerais e espec\u00edficos, com os seguintes <strong>conte\u00fados obrigat\u00f3rios:<\/strong><\/p>\n\n\n\n<ul class=\"wp-block-list\"><li>Gram\u00e1tica e interpreta\u00e7\u00e3o de texto da l\u00edngua portuguesa;<\/li>\n\n\n\n<li>No\u00e7\u00f5es de inform\u00e1tica;<\/li>\n\n\n\n<li>Normas aplic\u00e1veis aos servidores p\u00fablicos federais;<\/li>\n\n\n\n<li>Regimento interno do respectivo Tribunal.<\/li>\n<\/ul><p><\/p>\n\n\n\n<h2 class=\"wp-block-heading\" id=\"como-foi-o-ltimo-concurso-tse-unificado\">Como foi o \u00faltimo concurso TSE unificado?<\/h2>\n\n\n\n<p>O \u00faltimo concurso foi publicado em 2006 e ofertou\u00a0<strong>804 vagas<\/strong>\u00a0distribu\u00eddas entre as seguintes especialidades:<\/p>\n\n\n\n<p><strong>Analista e T\u00e9cnico<\/strong><\/p>\n\n\n\n<ul class=\"wp-block-list\"><li>TSE \u2013 280 vagas<\/li>\n\n\n\n<li>TRE\n<ul class=\"wp-block-list\"><li>RO \u2013 56 vagas<\/li>\n\n\n\n<li>AC \u2013 6 vagas<\/li>\n\n\n\n<li>RJ \u2013 435 vagas<\/li>\n\n\n\n<li>RR \u2013 24 vagas<\/li>\n<\/ul><\/li>\n<\/ul><p><\/p>\n\n\n\n<p>Na \u00e9poca, os aprovados foram remunerados com os seguintes\u00a0<strong>sal\u00e1rios iniciais:<\/strong><\/p>\n\n\n\n<ul class=\"wp-block-list\"><li>Analista: R$ 4.034,63<\/li>\n\n\n\n<li>T\u00e9cnico: 2.415,66<\/li>\n<\/ul><p><\/p>\n\n\n\n<p>Os candidatos foram avaliados atrav\u00e9s de\u00a0<strong>tr\u00eas etapas:<\/strong><\/p>\n\n\n\n<ul class=\"wp-block-list\"><li>Prova objetiva;<\/li>\n\n\n\n<li>Prova discursiva;<\/li>\n\n\n\n<li>Avalia\u00e7\u00e3o de t\u00edtulos (somente para n\u00edvel superior).<\/li>\n<\/ul><p><\/p>\n\n\n\n<p>A prova objetiva foi composta de\u00a0<strong>120 quest\u00f5es\u00a0<\/strong>de m\u00faltipla escolha entre conte\u00fados de\u00a0Conhecimentos Gerais e Espec\u00edficos.<\/p>\n\n\n\n<p>Em contrapartida, a prova discursiva foi aplicada para todos os cargos de n\u00edvel superior, exceto para os cargos Analista Judici\u00e1rio \u2013 \u00e1rea: Judici\u00e1ria e Analista Judici\u00e1rio \u2013 \u00e1rea: Apoio Especializado \u2013 especialidade: An\u00e1lise de Sistemas.<\/p>\n\n\n\n<p>Essa etapa consistiu na elabora\u00e7\u00e3o de um texto narrativo, dissertativo ou descritivo, abordando temas atuais que deveria possuir,\u00a0<strong>no m\u00ednimo, 30 linhas<\/strong>.<\/p>\n\n\n\n<p>Posteriormente, os aprovados foram submetidos a avalia\u00e7\u00e3o de t\u00edtulos. Confira os crit\u00e9rios de avalia\u00e7\u00e3o!<\/p>\n\n\n\n<figure class=\"wp-block-image\"><img decoding=\"async\" src=\"https:\/\/www.novaconcursos.com.br\/portal\/wp-content\/uploads\/2023\/01\/t%C3%ADtulos-tse.png\" alt=\"\" class=\"wp-image-182615\" loading=\"lazy\" title=\"\"><\/figure><p><\/p>\n\n\n\n<p><\/p>\n\n\n\n<p><\/p>","protected":false},"excerpt":{"rendered":"<p>Durante o\u00a080\u00ba encontro do Col\u00e9gio dos Presidentes dos Tribunais Regionais Eleitorais (COPTREL), em fevereiro, foi solicitada a cria\u00e7\u00e3o de 565 cargos de Analista Judici\u00e1rio \u2013 Apoio Especializado \u2013 An\u00e1lise de Sistemas para serem preenchidos no novo concurso TRE Unificado. Entenda! Isso devido a necessidade de servidores especializados em Tecnologia da Informa\u00e7\u00e3o (TI), visto que durante [&hellip;]<\/p>\n","protected":false},"author":54679,"featured_media":158763,"comment_status":"closed","ping_status":"closed","sticky":false,"template":"","format":"standard","meta":{"_acf_changed":false,"footnotes":"","_wp_rev_ctl_limit":""},"categories":[228],"tags":[],"class_list":["post-188015","post","type-post","status-publish","format-standard","has-post-thumbnail","hentry","category-noticias"],"acf":[],"_links":{"self":[{"href":"https:\/\/www.novaconcursos.com.br\/portal\/wp-json\/wp\/v2\/posts\/188015","targetHints":{"allow":["GET"]}}],"collection":[{"href":"https:\/\/www.novaconcursos.com.br\/portal\/wp-json\/wp\/v2\/posts"}],"about":[{"href":"https:\/\/www.novaconcursos.com.br\/portal\/wp-json\/wp\/v2\/types\/post"}],"author":[{"embeddable":true,"href":"https:\/\/www.novaconcursos.com.br\/portal\/wp-json\/wp\/v2\/users\/54679"}],"replies":[{"embeddable":true,"href":"https:\/\/www.novaconcursos.com.br\/portal\/wp-json\/wp\/v2\/comments?post=188015"}],"version-history":[{"count":9,"href":"https:\/\/www.novaconcursos.com.br\/portal\/wp-json\/wp\/v2\/posts\/188015\/revisions"}],"predecessor-version":[{"id":274052,"href":"https:\/\/www.novaconcursos.com.br\/portal\/wp-json\/wp\/v2\/posts\/188015\/revisions\/274052"}],"wp:featuredmedia":[{"embeddable":true,"href":"https:\/\/www.novaconcursos.com.br\/portal\/wp-json\/wp\/v2\/media\/158763"}],"wp:attachment":[{"href":"https:\/\/www.novaconcursos.com.br\/portal\/wp-json\/wp\/v2\/media?parent=188015"}],"wp:term":[{"taxonomy":"category","embeddable":true,"href":"https:\/\/www.novaconcursos.com.br\/portal\/wp-json\/wp\/v2\/categories?post=188015"},{"taxonomy":"post_tag","embeddable":true,"href":"https:\/\/www.novaconcursos.com.br\/portal\/wp-json\/wp\/v2\/tags?post=188015"}],"curies":[{"name":"wp","href":"https:\/\/api.w.org\/{rel}","templated":true}]}}