{"id":188146,"date":"2023-03-10T11:32:03","date_gmt":"2023-03-10T14:32:03","guid":{"rendered":"https:\/\/www.novaconcursos.com.br\/portal\/?p=188146"},"modified":"2023-03-10T11:32:08","modified_gmt":"2023-03-10T14:32:08","slug":"concurso-docas-ce-inscricoes-reabertas-e-data-da-prova-alterada","status":"publish","type":"post","link":"https:\/\/www.novaconcursos.com.br\/portal\/noticias\/concurso-docas-ce-inscricoes-reabertas-e-data-da-prova-alterada\/","title":{"rendered":"Concurso Docas CE: Inscri\u00e7\u00f5es reabertas e data da prova alterada!"},"content":{"rendered":"<p>\u00d3tima not\u00edcia, concurseiros! Foram reabertas as inscri\u00e7\u00f5es do <a href=\"https:\/\/www.novaconcursos.com.br\/portal\/concursos\/concurso-docas-ce\/\">concurso Docas CE<\/a>, que ainda sofreu altera\u00e7\u00e3o em datas importantes. S\u00e3o\u00a0<strong>vagas imediatas<\/strong>\u00a0e de cadastro reserva para Guarda Portu\u00e1rio.<\/p>\n\n\n\n<ul class=\"wp-block-list\"><li><strong>Confira: <\/strong><a href=\"https:\/\/www.novaconcursos.com.br\/livro\/600-questoes-comentadas-lingua-portuguesa-isabella-ramiro\">Livro 600 Quest\u00f5es Comentadas L\u00edngua Portuguesa<\/a><\/li><li>Confira: <a href=\"https:\/\/www.novaconcursos.com.br\/mapa-mental\/raciocinio-logico-pdf\">Mapas Mentais Racioc\u00ednio L\u00f3gico (PDF)<\/a><\/li><\/ul><p><\/p>\n\n\n\n<p>Estude para o concurso dos seus sonhos com o\u00a0<strong>M\u00e9todo<\/strong>\u00a0que j\u00e1 ajudou na\u00a0<strong>aprova\u00e7\u00e3o de mais de 70 mil alunos.<\/strong>\u00a0<a href=\"https:\/\/aprovacao.novaconcursos.com.br\/assinatura\" target=\"_blank\" rel=\"noreferrer noopener\" aria-label=\" (abre numa nova aba)\">Clique aqui<\/a>\u00a0e saiba mais!<\/p>\n\n\n\n<h2 class=\"wp-block-heading\" id=\"concurso-docas-ca-inscries-reabertas-como-fazer\">Concurso Docas CA: inscri\u00e7\u00f5es reabertas; como fazer?<\/h2>\n\n\n\n<p>Sendo assim, as inscri\u00e7\u00f5es para o concurso da Companhia Docas do <a href=\"https:\/\/www.novaconcursos.com.br\/portal\/concursos-previstos\/ce\/\">Cear\u00e1 <\/a>se encerraram no dia 6 de mar\u00e7o, mas <strong>foram reabertas<\/strong>!<\/p>\n\n\n\n<p>Agora, ent\u00e3o, os interessados poder\u00e3o se cadastrar na sele\u00e7\u00e3o<strong> at\u00e9 \u00e0s 23h59 do dia 30 de mar\u00e7o<\/strong>, por meio do site do\u00a0<a rel=\"noreferrer noopener\" href=\"https:\/\/www.idib.org.br\/Concurso.aspx?ID=258\" target=\"_blank\">IDIB<\/a>\u00a0(Instituto de Desenvolvimento Institucional Brasileiro), banca.<\/p>\n\n\n\n<p>Al\u00e9m disso, a\u00a0<strong>taxa de inscri\u00e7\u00e3o\u00a0<\/strong>foi fixada no valor de R$ 47,00 e poder\u00e1 ser paga at\u00e9 o dia 31 de mar\u00e7o de 2023.<\/p>\n\n\n\n<h3 class=\"wp-block-heading\">Mais mudan\u00e7as<\/h3>\n\n\n\n<p>Portanto, o documento que anunciou o novo prazo foi divulgado no Di\u00e1rio Oficial da Uni\u00e3o desta sexta-feira (10\/03).<\/p>\n\n\n\n<p>Al\u00e9m das inscri\u00e7\u00f5es, o documento <strong>alterou informa\u00e7\u00f5es importantes<\/strong>, como nova data para as provas.<\/p>\n\n\n\n<p><a rel=\"noreferrer noopener\" aria-label=\"Confira todas as retifica\u00e7\u00f5es, clicando aqui! (abre numa nova aba)\" href=\"https:\/\/www.novaconcursos.com.br\/portal\/wp-content\/uploads\/2023\/03\/7EOJJWTG7V9DXDUMB2NT4T4J5N9D1TDBM9U1A36TNOCNMRC7IO3MH7E7CAHBEB9SODFFI0GO03VQ6VWQ5935.pdf\" target=\"_blank\">Confira todas as retifica\u00e7\u00f5es, clicando aqui!<\/a><\/p>\n\n\n\n<h2 class=\"wp-block-heading\" id=\"quando-e-como-sero-as-provas-do-concurso-docas-ce\">Quando e como ser\u00e3o as provas do concurso Docas CE?<\/h2>\n\n\n\n<p>Posteriormente, os inscritos no concurso da Companhia Docas do <a href=\"https:\/\/www.novaconcursos.com.br\/portal\/concursos-previstos\/ce\/\">Cear\u00e1<\/a> ser\u00e3o avaliados por meio de uma <strong>prova objetiva.<\/strong><\/p>\n\n\n\n<p>Antes, a avalia\u00e7\u00e3o seria aplicada no dia 9 de abril. Entretanto, com a retifica\u00e7\u00e3o, a nova data aponta dia <strong>23 de abril<\/strong> para aplica\u00e7\u00e3o. Veja:<\/p>\n\n\n\n<ul class=\"wp-block-list\"><li> Abertura dos port\u00f5es: 13h <\/li><li>Fechamento dos port\u00f5es: 14h <\/li><li> Hora a partir da qual o candidato poder\u00e1 ausentar-se definitivamente do local de provas sem levar o caderno de provas: conforme subitem 10.24 do Edital <\/li><\/ul><p><\/p>\n\n\n\n<p>Ent\u00e3o, elas ser\u00e3o realizadas na cidade de <strong>Fortaleza<\/strong>, no Estado do Cear\u00e1, (podendo ser utilizadas cidades circunvizinhas \u00e0 Fortaleza\/CE, dependendo da necessidade).<\/p>\n\n\n\n<p><em>\u201cSer\u00e3o convocados apenas os candidatos habilitados e mais bem classificados na prova objetiva na forma do subitem 9.1.6, deste Edital, at\u00e9 o limite de cinco vezes o n\u00famero de vagas imediatas por tipo de vaga, conforme estabelecido no quadro a seguir, acrescido os candidatos empates na \u00faltima posi\u00e7\u00e3o de classifica\u00e7\u00e3o\u201d<\/em>, informou a banca, na retifica\u00e7\u00e3o.<\/p>\n\n\n\n<h3 class=\"wp-block-heading\">Todas as etapas<\/h3>\n\n\n\n<ul class=\"wp-block-list\"><li><strong>1\u00aa Etapa<\/strong><ul><li>Prova Objetiva e Reda\u00e7\u00e3o (eliminat\u00f3rias e classificat\u00f3rias)<\/li><li>Teste de Aptid\u00e3o F\u00edsica \u2013 TAF (eliminat\u00f3rio)<\/li><li>Avalia\u00e7\u00e3o Psicol\u00f3gica (eliminat\u00f3ria)<\/li><li>Apresenta\u00e7\u00e3o de Exames M\u00e9dicos (eliminat\u00f3ria)<\/li><\/ul><\/li><li><strong>2\u00aa Etapa<\/strong><ul><li>Curso de Forma\u00e7\u00e3o Profissional (eliminat\u00f3rio)<\/li><\/ul><\/li><\/ul><p><\/p>\n\n\n\n<h3 class=\"wp-block-heading\">Prova objetiva e reda\u00e7\u00e3o<\/h3>\n\n\n\n<p>Constante de 60 quest\u00f5es de m\u00faltipla escolha (cada qual com quatro alternativas, sendo apenas uma correta), o\u00a0<strong>exame objetivo<\/strong>\u00a0abordar\u00e1 as seguintes disciplinas:<\/p>\n\n\n\n<ul class=\"wp-block-list\"><li>Conhecimentos Gerais<ul><li>L\u00edngua Portuguesa (15)<\/li><li>Racioc\u00ednio L\u00f3gico (10)<\/li><\/ul><\/li><li>Conhecimentos Espec\u00edficos<ul><li>Legisla\u00e7\u00e3o Espec\u00edfica (20)<\/li><li>Conhecimentos Laborais (15)<\/li><\/ul><\/li><\/ul><p><\/p>\n\n\n\n<p>J\u00e1 a\u00a0<strong>reda\u00e7\u00e3o\u00a0<\/strong>dever\u00e1 versar, entre 20 e 30 linhas, sobre temas relevantes e atuais de diversas \u00e1reas, tais como:<\/p>\n\n\n\n<ul class=\"wp-block-list\"><li>Pol\u00edtica<\/li><li>Economia<\/li><li>Sociedade<\/li><li>Educa\u00e7\u00e3o<\/li><li>Tecnologia<\/li><li>Rela\u00e7\u00f5es internacionais<\/li><li>Desenvolvimento sustent\u00e1vel<\/li><li>Seguran\u00e7a<\/li><li>Ecologia, suas inter-rela\u00e7\u00f5es e suas vincula\u00e7\u00f5es hist\u00f3ricas<\/li><\/ul><p><\/p>\n\n\n\n<h2 class=\"wp-block-heading\" id=\"quais-as-vagas-cargos-e-salrios-do-concurso-docas-ce\">Quais as vagas, cargos e sal\u00e1rios do concurso Docas CE?<\/h2>\n\n\n\n<p>A Companhia Docas do\u00a0Cear\u00e1\u00a0(CDC) est\u00e1 ofertando <strong>85 vagas<\/strong> para Guarda Portu\u00e1rio, que exige ensino fundamental completo.<\/p>\n\n\n\n<p>Do total de oportunidades, 48 s\u00e3o para forma\u00e7\u00e3o de cadastro-reserva, sendo, portanto,\u00a0<strong>37 imediatas<\/strong>.<\/p>\n\n\n\n<p>Al\u00e9m disso, haver\u00e1\u00a0<strong>reserva\u00a0<\/strong>de vagas para candidatos negros e para pessoas com defici\u00eancia (PcDs).<\/p>\n\n\n\n<p>Posteriormente, os servidores ser\u00e3o lotados em Fortaleza e receber\u00e3o <strong>sal\u00e1rios\u00a0<\/strong>de R$ 1.677,55, isso para 180 horas mensais.<\/p>\n\n\n\n<p>Acrescidos \u00e0 remunera\u00e7\u00e3o, ent\u00e3o, estar\u00e3o o adicional de risco de 40% e\u00a0<strong>vantagens<\/strong>\u00a0previstas em acordo coletivo de trabalho.<\/p>\n\n\n\n<p>Ademais, a jornada de trabalho mensal compreende que, para todas as 24 horas de labor, haver\u00e1 um\u00a0<strong>per\u00edodo de descanso<\/strong>\u00a0de 72 horas.<\/p>\n\n\n\n<p>Finalmente, vale destacar que o concurso ter\u00e1\u00a0<strong>validade\u00a0<\/strong>de dois anos, sendo prorrog\u00e1vel uma vez por igual per\u00edodo.<\/p>","protected":false},"excerpt":{"rendered":"<p>\u00d3tima not\u00edcia, concurseiros! Foram reabertas as inscri\u00e7\u00f5es do concurso Docas CE, que ainda sofreu altera\u00e7\u00e3o em datas importantes. S\u00e3o\u00a0vagas imediatas\u00a0e de cadastro reserva para Guarda Portu\u00e1rio. Confira: Livro 600 Quest\u00f5es Comentadas L\u00edngua Portuguesa Confira: Mapas Mentais Racioc\u00ednio L\u00f3gico (PDF) Estude para o concurso dos seus sonhos com o\u00a0M\u00e9todo\u00a0que j\u00e1 ajudou na\u00a0aprova\u00e7\u00e3o de mais de 70 [&hellip;]<\/p>\n","protected":false},"author":54671,"featured_media":184490,"comment_status":"closed","ping_status":"closed","sticky":false,"template":"","format":"standard","meta":{"_acf_changed":false,"footnotes":"","_wp_rev_ctl_limit":""},"categories":[228],"tags":[],"class_list":["post-188146","post","type-post","status-publish","format-standard","has-post-thumbnail","hentry","category-noticias"],"acf":[],"_links":{"self":[{"href":"https:\/\/www.novaconcursos.com.br\/portal\/wp-json\/wp\/v2\/posts\/188146","targetHints":{"allow":["GET"]}}],"collection":[{"href":"https:\/\/www.novaconcursos.com.br\/portal\/wp-json\/wp\/v2\/posts"}],"about":[{"href":"https:\/\/www.novaconcursos.com.br\/portal\/wp-json\/wp\/v2\/types\/post"}],"author":[{"embeddable":true,"href":"https:\/\/www.novaconcursos.com.br\/portal\/wp-json\/wp\/v2\/users\/54671"}],"replies":[{"embeddable":true,"href":"https:\/\/www.novaconcursos.com.br\/portal\/wp-json\/wp\/v2\/comments?post=188146"}],"version-history":[{"count":4,"href":"https:\/\/www.novaconcursos.com.br\/portal\/wp-json\/wp\/v2\/posts\/188146\/revisions"}],"predecessor-version":[{"id":188168,"href":"https:\/\/www.novaconcursos.com.br\/portal\/wp-json\/wp\/v2\/posts\/188146\/revisions\/188168"}],"wp:featuredmedia":[{"embeddable":true,"href":"https:\/\/www.novaconcursos.com.br\/portal\/wp-json\/wp\/v2\/media\/184490"}],"wp:attachment":[{"href":"https:\/\/www.novaconcursos.com.br\/portal\/wp-json\/wp\/v2\/media?parent=188146"}],"wp:term":[{"taxonomy":"category","embeddable":true,"href":"https:\/\/www.novaconcursos.com.br\/portal\/wp-json\/wp\/v2\/categories?post=188146"},{"taxonomy":"post_tag","embeddable":true,"href":"https:\/\/www.novaconcursos.com.br\/portal\/wp-json\/wp\/v2\/tags?post=188146"}],"curies":[{"name":"wp","href":"https:\/\/api.w.org\/{rel}","templated":true}]}}