{"id":188550,"date":"2023-03-15T11:20:25","date_gmt":"2023-03-15T14:20:25","guid":{"rendered":"https:\/\/www.novaconcursos.com.br\/portal\/?p=188550"},"modified":"2023-03-15T11:20:32","modified_gmt":"2023-03-15T14:20:32","slug":"concurso-policia-penal-es-sejus-selecao-com-600-vagas-em-maio","status":"publish","type":"post","link":"https:\/\/www.novaconcursos.com.br\/portal\/noticias\/concurso-policia-penal-es-sejus-selecao-com-600-vagas-em-maio\/","title":{"rendered":"Concurso Pol\u00edcia Penal ES (Sejus): Sele\u00e7\u00e3o com 600 vagas para Inspetor em maio!"},"content":{"rendered":"<p>Foi divulgada a minuta do edital do <a href=\"https:\/\/www.novaconcursos.com.br\/portal\/concursos\/concurso-sejus-es\/\">concurso Pol\u00edcia Penal ES<\/a> (Sejus) que revela todos os detalhes do certame. A previs\u00e3o \u00e9 que o edital seja publicado em maio!<\/p>\n\n\n\n<p>De acordo com o documento, ser\u00e3o ofertadas <strong>600\u00a0vagas imediatas<\/strong>, al\u00e9m de forma\u00e7\u00e3o de cadastro reserva, ao cargo de\u00a0Inspetor Penitenci\u00e1rio, distribu\u00eddas da seguinte maneira:<\/p>\n\n\n\n<ul class=\"wp-block-list\"><li>PCDs: 10% das vagas<\/li><li>Negros: 17% das vagas <\/li><li>Ind\u00edgenas: 3% das vagas <\/li><\/ul><p><\/p>\n\n\n\n<p> Conforme a\u00a0<a rel=\"noreferrer noopener\" href=\"http:\/\/www3.al.es.gov.br\/Arquivo\/Documents\/legislacao\/html\/LEI115372022.html\" target=\"_blank\">Lei 11.537\/22<\/a>\u00a0, os aprovados ser\u00e3o remunerados com<strong>\u00a0sal\u00e1rios iniciais<\/strong>\u00a0de R$ 3.361,24, al\u00e9m do aux\u00edlio alimenta\u00e7\u00e3o no valor de R$ 300,00. <\/p>\n\n\n\n<ul class=\"wp-block-list\"><li><strong>Confira:<\/strong>\u00a0<a href=\"https:\/\/www.novaconcursos.com.br\/curso-online\/sejus-es-inspetor-penitenciario?promo_creative=Curso+SEJUS+ES+%26%238211%3B+Inspetor+Penitenci%C3%A1rio&amp;promo_name=artigo&amp;promo_id=%2Fportal%2Fartigos%2Fcomo-foi-ultimo-concurso-sejus-es-saiba-tudo&amp;promo_position=corpo-texto\">Curso SEJUS ES \u2013 Inspetor Penitenci\u00e1rio<\/a><\/li><li><strong>Confira:<\/strong>\u00a0<a href=\"https:\/\/www.novaconcursos.com.br\/apostila\/sejus-es-prep-inspetor-penitenciario?promo_creative=Apostila+SEJUS+ES+2022+%26%238211%3B+Inspetor+Penitenci%C3%A1rio&amp;promo_name=artigo&amp;promo_id=%2Fportal%2Fartigos%2Fcomo-foi-ultimo-concurso-sejus-es-saiba-tudo&amp;promo_position=corpo-texto\">Apostila SEJUS ES 2022 \u2013 Inspetor Penitenci\u00e1rio<\/a><\/li><\/ul><p><\/p>\n\n\n\n<p>Estude para o concurso dos seus sonhos com o\u00a0<strong>M\u00e9todo<\/strong>\u00a0que j\u00e1 ajudou na\u00a0<strong>aprova\u00e7\u00e3o de mais de 70 mil alunos!<\/strong>\u00a0<a rel=\"noreferrer noopener\" href=\"https:\/\/aprovacao.novaconcursos.com.br\/assinatura?promo_creative=Clique+aqui&amp;promo_name=artigo&amp;promo_id=%2Fportal%2Fartigos%2Fcomo-foi-ultimo-concurso-sejus-es-saiba-tudo&amp;promo_position=corpo-texto\" target=\"_blank\">Clique aqui<\/a>\u00a0e saiba mais!<\/p>\n\n\n\n<h2 class=\"wp-block-heading\" id=\"como-sero-as-provas\">Como ser\u00e3o as provas?<\/h2>\n\n\n\n<p>O termo de refer\u00eancia tamb\u00e9m trouxe informa\u00e7\u00f5es acerca das\u00a0<strong>etapas avaliativas<\/strong>\u00a0da sele\u00e7\u00e3o, s\u00e3o elas:<\/p>\n\n\n\n<ul class=\"wp-block-list\"><li>Prova Objetiva e de Reda\u00e7\u00e3o;<\/li><li>Teste de Aptid\u00e3o F\u00edsica;<\/li><li>Exame de Sa\u00fade;<\/li><li>Exame Psicot\u00e9cnico;<\/li><li>Investiga\u00e7\u00e3o Social;<\/li><li>Curso de Forma\u00e7\u00e3o.<\/li><\/ul><p><\/p>\n\n\n\n<p>A prova objetiva ser\u00e1 composta de\u00a0<strong>60 quest\u00f5es<\/strong>, sendo:<\/p>\n\n\n\n<ul class=\"wp-block-list\"><li><strong>Conhecimentos Gerais<\/strong>: 35 quest\u00f5es<ul><li>L\u00edngua Portuguesa<\/li><li>Inform\u00e1tica<\/li><li>Racioc\u00ednio L\u00f3gico<\/li><li>Atualidades.<\/li><\/ul><\/li><\/ul><p><\/p>\n\n\n\n<ul class=\"wp-block-list\"><li><strong>Conhecimentos Espec\u00edficos<\/strong>: 25 quest\u00f5es<ul><li>Direitos Humanos<\/li><li>Direito<ul><li>Administrativo<\/li><li>Penal<\/li><li>Processual Penal<\/li><\/ul><\/li><\/ul><\/li><\/ul><p><\/p>\n\n\n\n<h2 class=\"wp-block-heading\" id=\"quais-os-requisitos-para-investidura-no-cargo\">Quais os requisitos para investidura no cargo?<\/h2>\n\n\n\n<p>S\u00e3o requisitos b\u00e1sicos:<\/p>\n\n\n\n<ul class=\"wp-block-list\"><li>Ter, na data da posse, 18 anos de idade, no m\u00ednimo;<\/li><li>Possuir, na data da posse, Certificado de Conclus\u00e3o do Ensino M\u00e9dio ou equivalente, ministrado por escola oficialmente reconhecida;<\/li><li>Possuir, na data da posse, Carteira Nacional de Habilita\u00e7\u00e3o (CNH), Categorias \u201cB\u201d, \u201cC\u201d, \u201cD\u201d ou \u201cE\u201d;<\/li><li>Ter estatura m\u00ednima descal\u00e7o, sem meias e descoberto de 1,65m se homens e 1,60m se mulher, por ocasi\u00e3o da prova de condicionamento f\u00edsico.<\/li><\/ul><p><\/p>\n\n\n\n<h2 class=\"wp-block-heading\" id=\"o-que-faz-um-inspetor-penitencirio\">O que faz um Inspetor Penitenci\u00e1rio?<\/h2>\n\n\n\n<p>Entre as atividades a serem exercidas, est\u00e3o as seguintes:<\/p>\n\n\n\n<ul class=\"wp-block-list\"><li>Promover o planejamento, a organiza\u00e7\u00e3o, o monitoramento, a execu\u00e7\u00e3o e a avalia\u00e7\u00e3o de rotina inerentes \u00e0 gest\u00e3o penitenci\u00e1ria;<\/li><li>Executar as atividades necess\u00e1rias \u00e0 vigil\u00e2ncia, seguran\u00e7a, ordem e disciplina nos estabelecimentos penais;<\/li><li>Coibir a\u00e7\u00f5es violentas por parte de presos por meio do uso de t\u00e9cnicas pr\u00f3prias no \u00e2mbito do estabelecimento penal ou quando em movimenta\u00e7\u00e3o;<\/li><li>Proteger pessoas e bens no \u00e2mbito do estabelecimento penal;<\/li><li>Fiscalizar o trabalho e o comportamento da popula\u00e7\u00e3o carcer\u00e1ria, observando os regulamentos e normas pr\u00f3prias, conforme a Lei de Execu\u00e7\u00e3o Penal \u2013 LEP e outros documentos nacionais e internacionais;<\/li><li>Dentre outras atividades previstas na Lei Complementar Estadual n\u00b0743\/2013.<\/li><\/ul><p><\/p>\n\n\n\n<h2 class=\"wp-block-heading\" id=\"como-foi-o-ltimo-concurso-polcia-penal-es\">Como foi o \u00faltimo concurso Pol\u00edcia Penal ES?<\/h2>\n\n\n\n<p>O \u00faltimo concurso aconteceu em 2012 e ofereceu\u00a0<strong>500 vagas imediatas\u00a0<\/strong>divididas da seguinte maneira:<\/p>\n\n\n\n<ul class=\"wp-block-list\"><li>Agente de Escolta e Vigil\u00e2ncia Penitenci\u00e1ria \u2013 AEVP:\u00a0<strong>250 vagas + CR<\/strong><\/li><li>Agente Penitenci\u00e1rio \u2013 AP:\u00a0<strong>250 + CR<\/strong><\/li><\/ul><p><\/p>\n\n\n\n<p>Os aprovados foram remunerados com\u00a0<strong>sal\u00e1rios iniciais<\/strong>\u00a0de R$ 2.156,70 com jornada de trabalho de 40 horas semanais.<\/p>\n\n\n\n<p>Na ocasi\u00e3o a banca organizadora foi a\u00a0<a href=\"https:\/\/www.vunesp.com.br\/busca\/concurso\/inscricoes%20abertas\" target=\"_blank\" rel=\"noreferrer noopener\">Vunesp<\/a>\u00a0e avaliou os candidatos atrav\u00e9s de seis etapas:<\/p>\n\n\n\n<ul class=\"wp-block-list\"><li>Prova Objetiva;<\/li><li>Prova de Condicionamento F\u00edsico;<\/li><li>Exame de Sa\u00fade;<\/li><li>Prova de Aptid\u00e3o Psicol\u00f3gica;<\/li><li>Comprova\u00e7\u00e3o de idoneidade e conduta ilibada na vida p\u00fablica e na vida privada;<\/li><li>Curso de Forma\u00e7\u00e3o.<\/li><\/ul><p><\/p>\n\n\n\n<p>A prova objetiva foi composta de<strong>\u00a050 quest\u00f5es<\/strong>\u00a0divididas entre os seguintes conhecimentos:<\/p>\n\n\n\n<ul class=\"wp-block-list\"><li><strong>Conhecimentos Gerais:<\/strong><ul><li>L\u00edngua Portuguesa<\/li><li>Matem\u00e1tica<\/li><li>Atualidades<\/li><\/ul><\/li><\/ul><p><\/p>\n\n\n\n<ul class=\"wp-block-list\"><li><strong>Conhecimentos Espec\u00edficos<\/strong><ul><li>Lei n\u00ba 7.210\/84 \u2013 Lei de Execu\u00e7\u00e3o Penal<\/li><li>Lei Complementar Estadual n\u00ba 46\/94<\/li><li>Direitos Humanos<\/li><li>Lei n\u00ba 9.455\/97: Define os Crimes de Tortura<\/li><\/ul><\/li><\/ul><p><\/p>\n\n\n\n<p>A prova foi aplicada em munic\u00edpios da\u00a0<strong>Grande Vit\u00f3ria<\/strong>\u00a0e teve dura\u00e7\u00e3o de 3h.<\/p>\n\n\n\n<p>Posteriormente, os aprovados na prova objetiva, realizaram o\u00a0<strong>teste de aptid\u00e3o f\u00edsica\u00a0<\/strong>(TAF), composto dos seguintes exerc\u00edcios:<\/p>\n\n\n\n<ul class=\"wp-block-list\"><li>Flexo-extens\u00e3o de cotovelos em apoio de frente;<\/li><li>Flexo-extens\u00e3o de cotovelos sobre o solo em apoio no banco;<\/li><li>Resist\u00eancia abdominal;<\/li><li>Corrida de 50 metros;<\/li><li>Corrida em 12 minutos;<\/li><\/ul>","protected":false},"excerpt":{"rendered":"<p>Foi divulgada a minuta do edital do concurso Pol\u00edcia Penal ES (Sejus) que revela todos os detalhes do certame. A previs\u00e3o \u00e9 que o edital seja publicado em maio! De acordo com o documento, ser\u00e3o ofertadas 600\u00a0vagas imediatas, al\u00e9m de forma\u00e7\u00e3o de cadastro reserva, ao cargo de\u00a0Inspetor Penitenci\u00e1rio, distribu\u00eddas da seguinte maneira: PCDs: 10% das [&hellip;]<\/p>\n","protected":false},"author":54679,"featured_media":188557,"comment_status":"closed","ping_status":"closed","sticky":false,"template":"","format":"standard","meta":{"_acf_changed":false,"footnotes":"","_wp_rev_ctl_limit":""},"categories":[228],"tags":[],"class_list":["post-188550","post","type-post","status-publish","format-standard","has-post-thumbnail","hentry","category-noticias"],"acf":[],"_links":{"self":[{"href":"https:\/\/www.novaconcursos.com.br\/portal\/wp-json\/wp\/v2\/posts\/188550","targetHints":{"allow":["GET"]}}],"collection":[{"href":"https:\/\/www.novaconcursos.com.br\/portal\/wp-json\/wp\/v2\/posts"}],"about":[{"href":"https:\/\/www.novaconcursos.com.br\/portal\/wp-json\/wp\/v2\/types\/post"}],"author":[{"embeddable":true,"href":"https:\/\/www.novaconcursos.com.br\/portal\/wp-json\/wp\/v2\/users\/54679"}],"replies":[{"embeddable":true,"href":"https:\/\/www.novaconcursos.com.br\/portal\/wp-json\/wp\/v2\/comments?post=188550"}],"version-history":[{"count":9,"href":"https:\/\/www.novaconcursos.com.br\/portal\/wp-json\/wp\/v2\/posts\/188550\/revisions"}],"predecessor-version":[{"id":188561,"href":"https:\/\/www.novaconcursos.com.br\/portal\/wp-json\/wp\/v2\/posts\/188550\/revisions\/188561"}],"wp:featuredmedia":[{"embeddable":true,"href":"https:\/\/www.novaconcursos.com.br\/portal\/wp-json\/wp\/v2\/media\/188557"}],"wp:attachment":[{"href":"https:\/\/www.novaconcursos.com.br\/portal\/wp-json\/wp\/v2\/media?parent=188550"}],"wp:term":[{"taxonomy":"category","embeddable":true,"href":"https:\/\/www.novaconcursos.com.br\/portal\/wp-json\/wp\/v2\/categories?post=188550"},{"taxonomy":"post_tag","embeddable":true,"href":"https:\/\/www.novaconcursos.com.br\/portal\/wp-json\/wp\/v2\/tags?post=188550"}],"curies":[{"name":"wp","href":"https:\/\/api.w.org\/{rel}","templated":true}]}}