{"id":189231,"date":"2023-03-22T17:54:05","date_gmt":"2023-03-22T20:54:05","guid":{"rendered":"https:\/\/www.novaconcursos.com.br\/portal\/?p=189231"},"modified":"2023-03-22T17:54:10","modified_gmt":"2023-03-22T20:54:10","slug":"concurso-trt-11-comissao-em-formacao","status":"publish","type":"post","link":"https:\/\/www.novaconcursos.com.br\/portal\/noticias\/concurso-trt-11-comissao-em-formacao\/","title":{"rendered":"Concurso TRT 11: Comiss\u00e3o em forma\u00e7\u00e3o. Tribunal tem 152 cargos vagos!"},"content":{"rendered":"<p>Foi confirmado o presidente da comiss\u00e3o do novo <a href=\"https:\/\/www.novaconcursos.com.br\/portal\/concursos-abertos\/am\/\">concurso TRT 11<\/a> (Tribunal Regional do Trabalho da 11\u00aa Regi\u00e3o) que abrange as regi\u00f5es do Amazonas e Roraima. Confira!<\/p>\n\n\n\n<p>O desembargador Jorge \u00c1lvaro Marques Guedes foi escolhido como presidente pelo desembargador Audaliphal Hildebrando da Silva durante Sess\u00e3o Extraordin\u00e1ria realizada nesta quarta-feira, 22 de mar\u00e7o.<\/p>\n\n\n\n<p>Os demais membros ainda ser\u00e3o definidos. A comiss\u00e3o \u00e9 quem define a banca organizadora, respons\u00e1vel pela <strong>publica\u00e7\u00e3o do edital,<\/strong> bem como, receber as inscri\u00e7\u00f5es em seu site e aplicar as etapas da sele\u00e7\u00e3o.<\/p>\n\n\n\n<p>De acordo com o diretor da Secretaria de Gest\u00e3o de Pessoas (SGPES), Alfredo Melo da Silva, apesar de um novo concurso estar em discuss\u00e3o, o \u00f3rg\u00e3o busca <strong>viabilizar a nomea\u00e7\u00e3o dos aprovados<\/strong> no edital de 2016.<\/p>\n\n\n\n<ul class=\"wp-block-list\"><li><strong>Confira: <\/strong><a href=\"https:\/\/www.novaconcursos.com.br\/livro\/1000-questoes-gabaritadas-tribunal-regional-trabalho-tecnico-analista?q=TRT\">Livro 1.000 Quest\u00f5es Gabaritadas TRT \u2013 T\u00e9cnico e Analista <\/a> <\/li><\/ul><p><\/p>\n\n\n\n<p>Estude para o concurso dos seus sonhos com o\u00a0<strong>M\u00e9todo<\/strong>\u00a0que j\u00e1 ajudou na\u00a0<strong>aprova\u00e7\u00e3o de mais de 70 mil alunos!<\/strong>\u00a0<a rel=\"noreferrer noopener\" href=\"https:\/\/aprovacao.novaconcursos.com.br\/assinatura?promo_creative=Clique+aqui&amp;promo_name=noticia&amp;promo_id=%2Fportal%2Fnoticias%2Fconcurso-trt-11-novo-edital-esta-previsto-confira&amp;promo_position=corpo-texto\" target=\"_blank\">Clique aqui<\/a>\u00a0e saiba mais! <\/p>\n\n\n\n<h2 class=\"wp-block-heading\" id=\"como-foi-o-ltimo-concurso-trt-11\">Como foi o \u00faltimo concurso TRT 11?<\/h2>\n\n\n\n<p>A \u00faltima sele\u00e7\u00e3o foi realizada em 2016 e ofertou<strong> 48 vagas imediatas, <\/strong>al\u00e9m de oportunidades de cadastro reserva para as seguintes especialidades:<\/p>\n\n\n\n<ul class=\"wp-block-list\"><li><strong>N\u00edvel m\u00e9dio<\/strong><ul><li>T\u00e9cnico Judici\u00e1rio<ul><li>Administrativo \u2013 26 vagas imediatas + CR<\/li><li>Tecnologia da Informa\u00e7\u00e3o \u2013 4 vagas imediatas + CR<\/li><li>Enfermagem \u2013 CR<\/li><\/ul><\/li><\/ul><\/li><\/ul><p><\/p>\n\n\n\n<ul class=\"wp-block-list\"><li><strong>N\u00edvel superior<\/strong><ul><li>Analista Judici\u00e1rio <ul><li>Administrativo \u2013 1 vaga + CR<\/li><li>Judici\u00e1rio \u2013 12 vagas + CR<\/li><li>Oficial de Justi\u00e7a \u2013 CR<\/li><li>Arquitetura \u2013 CR<\/li><li>Arquivologia \u2013 1 vaga + CR<\/li><li>Contabilidade \u2013 1 vaga + CR<\/li><li>Engenharia Civil \u2013 CR<\/li><\/ul><ul><li>Engenharia El\u00e9trica \u2013 CR<\/li><li>Estat\u00edstica \u2013 CR<\/li><li>Servi\u00e7o Social \u2013 CR<\/li><li>Tecnologia da Informa\u00e7\u00e3o \u2013 1 vaga + CR<\/li><li>Medicina do Trabalho \u2013 1 vaga + CR<\/li><li>Psicologia \u2013 1 vaga + CR<\/li><li>Odontologia \u2013 CR<\/li><\/ul><\/li><\/ul><\/li><\/ul><p><\/p>\n\n\n\n<p>Os convocados, bem como, os novos servidores a serem aprovados no concurso far\u00e3o jus a <strong>sal\u00e1rios iniciais <\/strong>reajustados.<\/p>\n\n\n\n<p>Isso porque foi sancionada a Lei 14.523\/23 que prev\u00ea o<strong> reajuste de 18,13% <\/strong>nos sal\u00e1rios dos servidores da Justi\u00e7a Federal. O reajuste ser\u00e1 feito de forma escalonada at\u00e9 2025. Veja a <strong>remunera\u00e7\u00e3o final!<\/strong><\/p>\n\n\n\n<ul class=\"wp-block-list\"><li>T\u00e9cnico Judici\u00e1rio: R$ 9.052,54<\/li><li>Analista Judici\u00e1rio: R$ 14.852,66<\/li><li>T\u00e9cnico Judici\u00e1rio\/Agente da Pol\u00edcia Judicial: R$ 10.372,70<\/li><li>Analista\/Oficial de Justi\u00e7a: R$ 17.018,67.<\/li><\/ul><p><\/p>\n\n\n\n<p>Al\u00e9m do sal\u00e1rio, os servidores fazem jus aos seguintes <strong>benef\u00edcios:<\/strong><\/p>\n\n\n\n<ul class=\"wp-block-list\"><li>Aux\u00edlio Alimenta\u00e7\u00e3o: R$ 1.203,76;<\/li><li>Aux\u00edlio pr\u00e9-escolar: R$ 951,84 (filhos at\u00e9 6 anos);<\/li><li>Assist\u00eancia m\u00e9dica de R$ 579,39;<\/li><\/ul><p><\/p>\n\n\n\n<p>Por fim, vale mencionar que a realiza\u00e7\u00e3o de um novo concurso \u00e9 essencial, visto que o \u00f3rg\u00e3o possui no momento <strong>196 cargos vagos<\/strong>, sendo:<\/p>\n\n\n\n<ul class=\"wp-block-list\"><li>Analista: 44 vac\u00e2ncias<\/li><li>T\u00e9cnico: 152 vac\u00e2ncias<\/li><\/ul><p><\/p>","protected":false},"excerpt":{"rendered":"<p>Foi confirmado o presidente da comiss\u00e3o do novo concurso TRT 11 (Tribunal Regional do Trabalho da 11\u00aa Regi\u00e3o) que abrange as regi\u00f5es do Amazonas e Roraima. Confira! O desembargador Jorge \u00c1lvaro Marques Guedes foi escolhido como presidente pelo desembargador Audaliphal Hildebrando da Silva durante Sess\u00e3o Extraordin\u00e1ria realizada nesta quarta-feira, 22 de mar\u00e7o. Os demais membros [&hellip;]<\/p>\n","protected":false},"author":54679,"featured_media":189238,"comment_status":"closed","ping_status":"closed","sticky":false,"template":"","format":"standard","meta":{"_acf_changed":false,"footnotes":"","_wp_rev_ctl_limit":""},"categories":[228],"tags":[],"class_list":["post-189231","post","type-post","status-publish","format-standard","has-post-thumbnail","hentry","category-noticias"],"acf":[],"_links":{"self":[{"href":"https:\/\/www.novaconcursos.com.br\/portal\/wp-json\/wp\/v2\/posts\/189231","targetHints":{"allow":["GET"]}}],"collection":[{"href":"https:\/\/www.novaconcursos.com.br\/portal\/wp-json\/wp\/v2\/posts"}],"about":[{"href":"https:\/\/www.novaconcursos.com.br\/portal\/wp-json\/wp\/v2\/types\/post"}],"author":[{"embeddable":true,"href":"https:\/\/www.novaconcursos.com.br\/portal\/wp-json\/wp\/v2\/users\/54679"}],"replies":[{"embeddable":true,"href":"https:\/\/www.novaconcursos.com.br\/portal\/wp-json\/wp\/v2\/comments?post=189231"}],"version-history":[{"count":3,"href":"https:\/\/www.novaconcursos.com.br\/portal\/wp-json\/wp\/v2\/posts\/189231\/revisions"}],"predecessor-version":[{"id":189241,"href":"https:\/\/www.novaconcursos.com.br\/portal\/wp-json\/wp\/v2\/posts\/189231\/revisions\/189241"}],"wp:featuredmedia":[{"embeddable":true,"href":"https:\/\/www.novaconcursos.com.br\/portal\/wp-json\/wp\/v2\/media\/189238"}],"wp:attachment":[{"href":"https:\/\/www.novaconcursos.com.br\/portal\/wp-json\/wp\/v2\/media?parent=189231"}],"wp:term":[{"taxonomy":"category","embeddable":true,"href":"https:\/\/www.novaconcursos.com.br\/portal\/wp-json\/wp\/v2\/categories?post=189231"},{"taxonomy":"post_tag","embeddable":true,"href":"https:\/\/www.novaconcursos.com.br\/portal\/wp-json\/wp\/v2\/tags?post=189231"}],"curies":[{"name":"wp","href":"https:\/\/api.w.org\/{rel}","templated":true}]}}