{"id":189325,"date":"2023-03-23T15:37:31","date_gmt":"2023-03-23T18:37:31","guid":{"rendered":"https:\/\/www.novaconcursos.com.br\/portal\/?p=189325"},"modified":"2025-12-02T09:23:41","modified_gmt":"2025-12-02T12:23:41","slug":"concurso-sefaz-mt-retificacao-no-edital-altera-estrutura-da-prova","status":"publish","type":"post","link":"https:\/\/www.novaconcursos.com.br\/portal\/noticias\/concurso-sefaz-mt-retificacao-no-edital-altera-estrutura-da-prova\/","title":{"rendered":"Concurso Sefaz MT: Retifica\u00e7\u00e3o no edital altera estrutura da prova!"},"content":{"rendered":"<p>As <strong>inscri\u00e7\u00f5es <\/strong>do <a href=\"https:\/\/www.novaconcursos.com.br\/portal\/concursos\/concurso-sefaz-mt\/\">concurso Sefaz MT<\/a><strong>\u00a0<\/strong>(Secretaria de Estado de Fazenda de Mato Grosso) continuam abertas; uma retifica\u00e7\u00e3o alterou a estrutura da prova. S\u00e3o <strong>30 vagas imediatas\u00a0<\/strong>para Fiscal de Tributos Estaduais.<\/p>\n\n\n\n<h2 class=\"wp-block-heading\" id=\"concurso-sefaz-mt-o-que-mudou\">Concurso Sefaz MT: o que mudou?<\/h2>\n\n\n\n<p>Assim, quem est\u00e1 estudando para as provas do concurso da Secretaria de Estado de Fazenda de\u00a0Mato Grosso devem <strong>se atentar.<\/strong><\/p>\n\n\n\n<p>Isso porque o edital passou por <strong>diversas altera\u00e7\u00f5es<\/strong>, que foram divulgadas nesta quarta-feira, 22 de mar\u00e7o.<\/p>\n\n\n\n<p>Portanto, a principal altera\u00e7\u00e3o \u00e9 em rela\u00e7\u00e3o \u00e0 divis\u00e3o dos blocos de conhecimentos gerais e espec\u00edficos, ou seja, <strong>estrutura da prova.<\/strong><\/p>\n\n\n\n<p>Posteriormente, confira abaixo como passou a vigorar a estrutura das provas ap\u00f3s as altera\u00e7\u00f5es:<\/p>\n\n\n\n<figure class=\"wp-block-image size-large\"><img decoding=\"async\" width=\"416\" height=\"402\" src=\"https:\/\/www.novaconcursos.com.br\/portal\/wp-content\/uploads\/2023\/03\/estrutura-1.jpg\" alt=\"\" class=\"wp-image-189333\" loading=\"lazy\" title=\"\" srcset=\"https:\/\/www.novaconcursos.com.br\/portal\/wp-content\/uploads\/2023\/03\/estrutura-1-300x290.jpg 300w, https:\/\/www.novaconcursos.com.br\/portal\/wp-content\/uploads\/2023\/03\/estrutura-1.jpg 416w\" sizes=\"auto, (max-width: 480px) 100vw, (max-width: 768px) 100vw, (max-width: 1200px) 70vw, 768px\"><figcaption><\/figcaption><\/figure><p>Al\u00e9m disso, agora <strong>ser\u00e1 considerado aprovado<\/strong>, para todas as \u00e1reas, o candidato que cumulativamente acertar, no m\u00ednimo:<\/p>\n\n\n\n<ul class=\"wp-block-list\"><li>15 quest\u00f5es no m\u00f3dulo de conhecimentos gerais<\/li>\n\n\n\n<li>54 quest\u00f5es do total do m\u00f3dulo de conhecimentos espec\u00edficos<\/li>\n\n\n\n<li>e n\u00e3o obtiver nota igual a 0 em nenhuma das disciplinas: Direito Tribut\u00e1rio, Legisla\u00e7\u00e3o Tribut\u00e1ria Estadual, Contabilidade Geral e Contabilidade de Custos, Auditoria e Tecnologia da Informa\u00e7\u00e3o <\/li>\n<\/ul><p><\/p>\n\n\n\n<p><em>\u201cAs quest\u00f5es das provas ser\u00e3o elaboradas com base nos conte\u00fados program\u00e1ticos constantes do Anexo I do Edital. O conte\u00fado program\u00e1tico contempla Legisla\u00e7\u00e3o, Doutrina e Jurisprud\u00eancia pertinentes aos temas. Se houver altera\u00e7\u00e3o legislativa ap\u00f3s a publica\u00e7\u00e3o do edital, poder\u00e3o ser exigidas nas provas\u201d,<\/em> explicou a banca na retifica\u00e7\u00e3o. <\/p>\n\n\n\n<p>Houve altera\u00e7\u00e3o ainda em rela\u00e7\u00e3o a apresenta\u00e7\u00e3o do <strong>laudo m\u00e9dico<\/strong> e para participa\u00e7\u00e3o dos <strong>candidatos negros<\/strong> que optarem pelas vagas reservadas.<\/p>\n\n\n\n<p>Confira a retifica\u00e7\u00e3o completa, <a rel=\"noreferrer noopener\" aria-label=\"clicando aqui! (abre numa nova aba)\" href=\"https:\/\/conhecimento.fgv.br\/sites\/default\/files\/concursos\/2a-retificacao-do-edital.pdf\" target=\"_blank\">clicando aqui!<\/a><\/p>\n\n\n\n<h3 class=\"wp-block-heading\">Quando e onde ser\u00e3o as provas?<\/h3>\n\n\n\n<p>Primeiramente \u00e9 importante destacar que o\u00a0<a href=\"https:\/\/www.novaconcursos.com.br\/portal\/concursos\/concurso-sefaz-mt\/\" data-type=\"link\" data-id=\"https:\/\/www.novaconcursos.com.br\/portal\/concursos\/concurso-sefaz-mt\/\">concurso da Sefaz MT<\/a> contar\u00e1 com duas etapas: provas <strong>objetiva e discursiva<\/strong>, ambas de car\u00e1ter eliminat\u00f3rio e classificat\u00f3rio.<\/p>\n\n\n\n<p>Assim, as duas ser\u00e3o aplicadas no mesmo dia, na cidade de Cuiab\u00e1, no dia <strong>04 de junho de 2023<\/strong>.<\/p>\n\n\n\n<p>Ademais, as avalia\u00e7\u00f5es objetivas ser\u00e3o divididas em duas partes:\u00a0<strong>PI<\/strong>, que ser\u00e1 realizada de manh\u00e3, das 8h \u00e0s 12h, e\u00a0<strong>PII<\/strong>, a ser feita \u00e0 tarde, entre as 14h30 e as 18h30, juntamente \u00e0 prova discursiva.<\/p>\n\n\n\n<p>Por fim, as\u00a0<strong>provas objetivas <\/strong>contar\u00e3o com <strong>120 quest\u00f5es,<\/strong> todas de m\u00faltipla escolha e com cinco alternativas, dentre as quais apenas uma estar\u00e1 correta.<\/p>\n\n\n\n<p>Por outro lado, a\u00a0<strong>prova discursiva<\/strong> consistir\u00e1 em 2 quest\u00f5es dissertativas e dever\u00e1 ser escrita em at\u00e9 30 linhas.<\/p>\n\n\n\n<h2 class=\"wp-block-heading\" id=\"quais-as-vagas-cargo-e-salrio-do-concurso-sefaz-mt\">Quais as vagas, cargo e sal\u00e1rio do concurso Sefaz MT?<\/h2>\n\n\n\n<p>A oferta do edital, ent\u00e3o, \u00e9 de\u00a0<strong>30 vagas imediatas<\/strong>, todas para o cargo de\u00a0Fiscal de Tributos Estaduais (FTE). <\/p>\n\n\n\n<p>Entretanto, do total, 3 vagas s\u00e3o <strong>reservadas <\/strong>a pessoas com defici\u00eancia (PcDs) e 6 a candidatos negros.<\/p>\n\n\n\n<p>Al\u00e9m disso, haver\u00e1 forma\u00e7\u00e3o de <strong>cadastro de reserva<\/strong>, que poder\u00e1 ser usado durante a validade do concurso, que \u00e9 de 2 anos, podendo ser prorrogada.<\/p>\n\n\n\n<p>Em outubro de 2022, a Secretaria contava com 119 vac\u00e2ncias para a carreira. Diante disto, \u00e9 poss\u00edvel esperar que os<strong>\u00a0aprovados excedentes sejam convocados<\/strong>.<\/p>\n\n\n\n<p>Os selecionados far\u00e3o jus a\u00a0<strong>sal\u00e1rio inicial\u00a0<\/strong>de R$ 30.063,76 para jornada de trabalho de 40 horas semanais.<\/p>\n\n\n\n<h3 class=\"wp-block-heading\">Requisitos<\/h3>\n\n\n\n<p>Para concorrer, \u00e9 necess\u00e1rio ter\u00a0<strong>n\u00edvel superior<\/strong>\u00a0de escolaridade. Al\u00e9m disso, o candidato deve preencher os seguintes crit\u00e9rios:<\/p>\n\n\n\n<ul class=\"wp-block-list\"><li>Ter nacionalidade brasileira ou portuguesa, e, no caso de nacionalidade portuguesa, estar amparado pelo Estatuto de Igualdade entre Brasileiros e Portugueses;<\/li>\n\n\n\n<li>Ter idade m\u00ednima de 18 anos completos, na data da posse;<\/li>\n\n\n\n<li>Estar quite com as obriga\u00e7\u00f5es militares, em caso de candidato do sexo masculino;<\/li>\n\n\n\n<li>Gozar plenamente dos direitos pol\u00edticos;<\/li>\n\n\n\n<li>Estar quite com as obriga\u00e7\u00f5es eleitorais;<\/li>\n\n\n\n<li>Ter aptid\u00e3o f\u00edsica e mental para o exerc\u00edcio das atribui\u00e7\u00f5es do cargo, comprovada por inspe\u00e7\u00e3o m\u00e9dica oficial designada pela Junta M\u00e9dica Oficial do Estado de Mato Grosso.<\/li>\n<\/ul><p><\/p>\n\n\n\n<h2 class=\"wp-block-heading\" id=\"como-se-inscrever-no-concurso-sefaz-mt\">Como se inscrever no concurso Sefaz MT?<\/h2>\n\n\n\n<p>Os interessados poder\u00e3o se candidatar at\u00e9 \u00e0s 16h do<strong> dia 04 de abril<\/strong>, por meio do site da\u00a0<a rel=\"noreferrer noopener\" href=\"https:\/\/conhecimento.fgv.br\/concursos\/sefazmt23\" target=\"_blank\">FGV<\/a>\u00a0(Funda\u00e7\u00e3o Getulio Vargas), banca organizadora da sele\u00e7\u00e3o.<\/p>\n\n\n\n<p>Assim, para que o cadastro seja homologado, \u00e9 necess\u00e1rio pagar uma\u00a0<strong>taxa<\/strong> <strong>de R$ 250,00<\/strong> at\u00e9 o dia 05 de abril de 2023.<\/p>","protected":false},"excerpt":{"rendered":"<p>As inscri\u00e7\u00f5es do concurso Sefaz MT\u00a0(Secretaria de Estado de Fazenda de Mato Grosso) continuam abertas; uma retifica\u00e7\u00e3o alterou a estrutura da prova. S\u00e3o 30 vagas imediatas\u00a0para Fiscal de Tributos Estaduais. Concurso Sefaz MT: o que mudou? Assim, quem est\u00e1 estudando para as provas do concurso da Secretaria de Estado de Fazenda de\u00a0Mato Grosso devem se [&hellip;]<\/p>\n","protected":false},"author":54671,"featured_media":158827,"comment_status":"closed","ping_status":"closed","sticky":false,"template":"","format":"standard","meta":{"_acf_changed":false,"footnotes":"","_wp_rev_ctl_limit":""},"categories":[228],"tags":[],"class_list":["post-189325","post","type-post","status-publish","format-standard","has-post-thumbnail","hentry","category-noticias"],"acf":[],"_links":{"self":[{"href":"https:\/\/www.novaconcursos.com.br\/portal\/wp-json\/wp\/v2\/posts\/189325","targetHints":{"allow":["GET"]}}],"collection":[{"href":"https:\/\/www.novaconcursos.com.br\/portal\/wp-json\/wp\/v2\/posts"}],"about":[{"href":"https:\/\/www.novaconcursos.com.br\/portal\/wp-json\/wp\/v2\/types\/post"}],"author":[{"embeddable":true,"href":"https:\/\/www.novaconcursos.com.br\/portal\/wp-json\/wp\/v2\/users\/54671"}],"replies":[{"embeddable":true,"href":"https:\/\/www.novaconcursos.com.br\/portal\/wp-json\/wp\/v2\/comments?post=189325"}],"version-history":[{"count":5,"href":"https:\/\/www.novaconcursos.com.br\/portal\/wp-json\/wp\/v2\/posts\/189325\/revisions"}],"predecessor-version":[{"id":298043,"href":"https:\/\/www.novaconcursos.com.br\/portal\/wp-json\/wp\/v2\/posts\/189325\/revisions\/298043"}],"wp:featuredmedia":[{"embeddable":true,"href":"https:\/\/www.novaconcursos.com.br\/portal\/wp-json\/wp\/v2\/media\/158827"}],"wp:attachment":[{"href":"https:\/\/www.novaconcursos.com.br\/portal\/wp-json\/wp\/v2\/media?parent=189325"}],"wp:term":[{"taxonomy":"category","embeddable":true,"href":"https:\/\/www.novaconcursos.com.br\/portal\/wp-json\/wp\/v2\/categories?post=189325"},{"taxonomy":"post_tag","embeddable":true,"href":"https:\/\/www.novaconcursos.com.br\/portal\/wp-json\/wp\/v2\/tags?post=189325"}],"curies":[{"name":"wp","href":"https:\/\/api.w.org\/{rel}","templated":true}]}}