{"id":189521,"date":"2023-03-27T12:37:26","date_gmt":"2023-03-27T15:37:26","guid":{"rendered":"https:\/\/www.novaconcursos.com.br\/portal\/?p=189521"},"modified":"2023-03-27T12:37:31","modified_gmt":"2023-03-27T15:37:31","slug":"concurso-policia-penal-es-edital-ate-junho-600-vagas","status":"publish","type":"post","link":"https:\/\/www.novaconcursos.com.br\/portal\/noticias\/concurso-policia-penal-es-edital-ate-junho-600-vagas\/","title":{"rendered":"Concurso Pol\u00edcia Penal ES: Secret\u00e1rio confirma edital at\u00e9 junho com 600 vagas!"},"content":{"rendered":"<p>Recentemente, o secret\u00e1rio de Justi\u00e7a do Espirito Santo, Andr\u00e9 Garcia, confirmou a publica\u00e7\u00e3o do edital do <a href=\"https:\/\/www.novaconcursos.com.br\/portal\/concursos\/concurso-sejus-es\/\">concurso Pol\u00edcia Penal ES<\/a> ainda no <strong>primeiro semestre de 2023.<\/strong> Confira!<\/p>\n\n\n\n<p> A sele\u00e7\u00e3o j\u00e1 est\u00e1 com\u00a0<strong>comiss\u00e3o formada,<\/strong>\u00a0assim, o pr\u00f3ximo passo \u00e9 a escolha da banca organizadora que ficar\u00e1 respons\u00e1vel pela publica\u00e7\u00e3o do edital. <\/p>\n\n\n\n<p>A banca favorita \u00e9 o IBADE (Instituto Brasileiro de Apoio e Desenvolvimento Executivo), visto que o IDIB (Instituto de Desenvolvimento Institucional Brasileiro) n\u00e3o apresentou a documenta\u00e7\u00e3o necess\u00e1ria em tempo h\u00e1bil, no entanto, a escolha ainda n\u00e3o foi oficializada.<\/p>\n\n\n\n<p>Vale lembrar que ainda ser\u00e1 necess\u00e1rio necess\u00e1rio realizar uma reestrutura\u00e7\u00e3o da carreira devido \u00e0 aprova\u00e7\u00e3o da\u00a0<a rel=\"noreferrer noopener\" href=\"https:\/\/www3.al.es.gov.br\/Arquivo\/Documents\/legislacao\/html\/ECE1152021.html#:~:text=ECE1152021&amp;text=Altera%20dispositivos%20da%20Constitui%C3%A7%C3%A3o%20do,Art.\" target=\"_blank\">Emenda Constitucional n\u00ba 115\/2021<\/a>, que criou a carreira de policial penal. <\/p>\n\n\n\n<ul class=\"wp-block-list\"><li><strong>Confira:<\/strong> <a href=\"https:\/\/www.novaconcursos.com.br\/curso-online\/sejus-es-inspetor-penitenciario?q=seju%20es\">Curso Online Sejus ES \u2013 Inspetor Penitenci\u00e1rio<\/a><\/li><li><strong>Confira:<\/strong> <a href=\"https:\/\/www.novaconcursos.com.br\/apostila\/sejus-es-prep-inspetor-penitenciario?q=seju%20es\">Apostila Sejus ES  \u2013 Inspetor Penitenci\u00e1rio<\/a><\/li><\/ul><p><\/p>\n\n\n\n<p> Estude para o concurso dos seus sonhos com o\u00a0<strong>M\u00e9todo<\/strong>\u00a0que j\u00e1 ajudou na\u00a0<strong>aprova\u00e7\u00e3o de mais de 70 mil alunos!<\/strong>\u00a0<a rel=\"noreferrer noopener\" href=\"https:\/\/aprovacao.novaconcursos.com.br\/assinatura?promo_creative=Clique+aqui&amp;promo_name=artigo&amp;promo_id=%2Fportal%2Fartigos%2Fcomo-foi-ultimo-concurso-sejus-es-saiba-tudo&amp;promo_position=corpo-texto\" target=\"_blank\">Clique aqui<\/a>\u00a0e saiba mais! <\/p>\n\n\n\n<h2 class=\"wp-block-heading\" id=\"concurso-polcia-penal-es-vagas-e-salrios\">Concurso Pol\u00edcia Penal ES: Vagas e sal\u00e1rios<\/h2>\n\n\n\n<p>De acordo com o termo de refer\u00eancia, que funciona como um espelho do edital, as\u00a0<strong>600 oportunidades\u00a0<\/strong>ser\u00e3o divididas da seguinte maneira:<\/p>\n\n\n\n<ul class=\"wp-block-list\"><li>10% das vagas ser\u00e3o destinadas para candidatos PCDs;<\/li><li>17% das vagas ser\u00e3o destinadas para candidatos negros; <\/li><li>3% das vagas ser\u00e3o destinadas para candidatos ind\u00edgenas.<\/li><\/ul><p><\/p>\n\n\n\n<p>Conforme a\u00a0<a rel=\"noreferrer noopener\" href=\"http:\/\/www3.al.es.gov.br\/Arquivo\/Documents\/legislacao\/html\/LEI115372022.html\" target=\"_blank\">Lei 11.537\/22<\/a>\u00a0, os aprovados ser\u00e3o remunerados com<strong>\u00a0sal\u00e1rios iniciais<\/strong>\u00a0de R$ 3.361,24, al\u00e9m do aux\u00edlio alimenta\u00e7\u00e3o no valor de R$ 300,00.<\/p>\n\n\n\n<h2 class=\"wp-block-heading\" id=\"quais-os-requisitos\">Quais os requisitos?<\/h2>\n\n\n\n<p>S\u00e3o requisitos b\u00e1sicos:<\/p>\n\n\n\n<ul class=\"wp-block-list\"><li>Ter, na data da posse, 18 anos de idade, no m\u00ednimo;<\/li><li>Possuir, na data da posse, Certificado de Conclus\u00e3o do Ensino M\u00e9dio ou equivalente, ministrado por escola oficialmente reconhecida;<\/li><li>Possuir, na data da posse, Carteira Nacional de Habilita\u00e7\u00e3o (CNH), Categorias \u201cB\u201d, \u201cC\u201d, \u201cD\u201d ou \u201cE\u201d;<\/li><li>Ter estatura m\u00ednima descal\u00e7o, sem meias e descoberto de 1,65m se homens e 1,60m se mulher, por ocasi\u00e3o da prova de condicionamento f\u00edsico;<\/li><\/ul><p><\/p>\n\n\n\n<h2 class=\"wp-block-heading\" id=\"quais-as-atribuies-do-cargo\">Quais as atribui\u00e7\u00f5es do cargo?<\/h2>\n\n\n\n<p>Entre as atividades a serem exercidas pelos aprovados, est\u00e3o as seguintes:<\/p>\n\n\n\n<ul class=\"wp-block-list\"><li>Promover o planejamento, a organiza\u00e7\u00e3o, o monitoramento, a execu\u00e7\u00e3o e a avalia\u00e7\u00e3o de rotina inerentes \u00e0 gest\u00e3o penitenci\u00e1ria;<\/li><li>Executar as atividades necess\u00e1rias \u00e0 vigil\u00e2ncia, seguran\u00e7a, ordem e disciplina nos estabelecimentos penais;<\/li><li>Coibir a\u00e7\u00f5es violentas por parte de presos por meio do uso de t\u00e9cnicas pr\u00f3prias no \u00e2mbito do estabelecimento penal ou quando em movimenta\u00e7\u00e3o;<\/li><li>Proteger pessoas e bens no \u00e2mbito do estabelecimento penal;<\/li><li>Fiscalizar o trabalho e o comportamento da popula\u00e7\u00e3o carcer\u00e1ria, observando os regulamentos e normas pr\u00f3prias, conforme a Lei de Execu\u00e7\u00e3o Penal \u2013 LEP e outros documentos nacionais e internacionais;<\/li><li>Dentre outras atividades previstas na Lei Complementar Estadual n\u00b0743\/2013.<\/li><\/ul><p><\/p>\n\n\n\n<h2 class=\"wp-block-heading\" id=\"concurso-polcia-penal-es-provas-e-etapas\">Concurso Pol\u00edcia Penal ES: Provas e etapas<\/h2>\n\n\n\n<p>O termo de refer\u00eancia tamb\u00e9m trouxe informa\u00e7\u00f5es acerca das\u00a0<strong>etapas avaliativas<\/strong>\u00a0da sele\u00e7\u00e3o, s\u00e3o elas:<\/p>\n\n\n\n<ul class=\"wp-block-list\"><li>Prova Objetiva e de Reda\u00e7\u00e3o;<\/li><li>Teste de Aptid\u00e3o F\u00edsica;<\/li><li>Exame de Sa\u00fade;<\/li><li>Exame Psicot\u00e9cnico;<\/li><li>Investiga\u00e7\u00e3o Social;<\/li><li>Curso de Forma\u00e7\u00e3o.<\/li><\/ul><p><\/p>\n\n\n\n<p>A prova objetiva ser\u00e1 composta de\u00a0<strong>60 quest\u00f5es<\/strong>, sendo:<\/p>\n\n\n\n<ul class=\"wp-block-list\"><li><strong>Conhecimentos Gerais<\/strong>: 35 quest\u00f5es<ul><li>L\u00edngua Portuguesa<\/li><li>Inform\u00e1tica<\/li><li>Racioc\u00ednio L\u00f3gico<\/li><li>Atualidades.<\/li><\/ul><\/li><\/ul><p><\/p>\n\n\n\n<ul class=\"wp-block-list\"><li><strong>Conhecimentos Espec\u00edficos<\/strong>: 25 quest\u00f5es<ul><li>Direitos Humanos<\/li><li>Direito<ul><li>Administrativo<\/li><li>Penal<\/li><li>Processual Penal<\/li><\/ul><\/li><\/ul><\/li><\/ul><p><\/p>\n\n\n\n<p><\/p>\n\n\n\n<h2 class=\"wp-block-heading\" id=\"como-foi-o-ltimo-concurso-sejus-es\">Como foi o \u00faltimo concurso SEJUS ES?<\/h2>\n\n\n\n<p>O \u00faltimo concurso aconteceu em 2012 e ofereceu\u00a0<strong>500 vagas imediatas\u00a0<\/strong>divididas da seguinte maneira:<\/p>\n\n\n\n<ul class=\"wp-block-list\"><li>Agente de Escolta e Vigil\u00e2ncia Penitenci\u00e1ria \u2013 AEVP:\u00a0<strong>250 vagas + CR<\/strong><\/li><li>Agente Penitenci\u00e1rio \u2013 AP:\u00a0<strong>250 + CR<\/strong><\/li><\/ul><p><\/p>\n\n\n\n<p>Os aprovados foram remunerados com\u00a0<strong>sal\u00e1rios iniciais<\/strong>\u00a0de R$ 2.156,70 com jornada de trabalho de 40 horas semanais.<\/p>\n\n\n\n<p>Na ocasi\u00e3o a banca organizadora foi a\u00a0<a href=\"https:\/\/www.vunesp.com.br\/busca\/concurso\/inscricoes%20abertas\" target=\"_blank\" rel=\"noreferrer noopener\">Vunesp<\/a>\u00a0e avaliou os candidatos atrav\u00e9s de seis etapas:<\/p>\n\n\n\n<ul class=\"wp-block-list\"><li>Prova Objetiva;<\/li><li>Prova de Condicionamento F\u00edsico;<\/li><li>Exame de Sa\u00fade;<\/li><li>Prova de Aptid\u00e3o Psicol\u00f3gica;<\/li><li>Comprova\u00e7\u00e3o de idoneidade e conduta ilibada na vida p\u00fablica e na vida privada;<\/li><li>Curso de Forma\u00e7\u00e3o.<\/li><\/ul><p><\/p>\n\n\n\n<p>A prova objetiva foi composta de<strong>\u00a050 quest\u00f5es<\/strong>\u00a0divididas entre os seguintes conhecimentos:<\/p>\n\n\n\n<ul class=\"wp-block-list\"><li><strong>Conhecimentos Gerais:<\/strong><ul><li>L\u00edngua Portuguesa<\/li><li>Matem\u00e1tica<\/li><li>Atualidades<\/li><\/ul><\/li><\/ul><p><\/p>\n\n\n\n<ul class=\"wp-block-list\"><li><strong>Conhecimentos Espec\u00edficos<\/strong><ul><li>Lei n\u00ba 7.210\/84 \u2013 Lei de Execu\u00e7\u00e3o Penal<\/li><li>Lei Complementar Estadual n\u00ba 46\/94<\/li><li>Direitos Humanos<\/li><li>Lei n\u00ba 9.455\/97: Define os Crimes de Tortura<\/li><\/ul><\/li><\/ul><p><\/p>\n\n\n\n<p>A prova foi aplicada em munic\u00edpios da\u00a0<strong>Grande Vit\u00f3ria<\/strong>\u00a0e teve dura\u00e7\u00e3o de 3h.<\/p>\n\n\n\n<p>Os aprovados na prova objetiva, realizaram o\u00a0<strong>teste de aptid\u00e3o f\u00edsica\u00a0<\/strong>(TAF), composto dos seguintes exerc\u00edcios:<\/p>\n\n\n\n<ul class=\"wp-block-list\"><li>Flexo-extens\u00e3o de cotovelos em apoio de frente;<\/li><li>Flexo-extens\u00e3o de cotovelos sobre o solo em apoio no banco;<\/li><li>Resist\u00eancia abdominal;<\/li><li>Corrida de 50 metros;<\/li><li>Corrida em 12 minutos;<\/li><\/ul>","protected":false},"excerpt":{"rendered":"<p>Recentemente, o secret\u00e1rio de Justi\u00e7a do Espirito Santo, Andr\u00e9 Garcia, confirmou a publica\u00e7\u00e3o do edital do concurso Pol\u00edcia Penal ES ainda no primeiro semestre de 2023. Confira! A sele\u00e7\u00e3o j\u00e1 est\u00e1 com\u00a0comiss\u00e3o formada,\u00a0assim, o pr\u00f3ximo passo \u00e9 a escolha da banca organizadora que ficar\u00e1 respons\u00e1vel pela publica\u00e7\u00e3o do edital. A banca favorita \u00e9 o IBADE [&hellip;]<\/p>\n","protected":false},"author":54679,"featured_media":188557,"comment_status":"closed","ping_status":"closed","sticky":false,"template":"","format":"standard","meta":{"_acf_changed":false,"footnotes":"","_wp_rev_ctl_limit":""},"categories":[228],"tags":[],"class_list":["post-189521","post","type-post","status-publish","format-standard","has-post-thumbnail","hentry","category-noticias"],"acf":[],"_links":{"self":[{"href":"https:\/\/www.novaconcursos.com.br\/portal\/wp-json\/wp\/v2\/posts\/189521","targetHints":{"allow":["GET"]}}],"collection":[{"href":"https:\/\/www.novaconcursos.com.br\/portal\/wp-json\/wp\/v2\/posts"}],"about":[{"href":"https:\/\/www.novaconcursos.com.br\/portal\/wp-json\/wp\/v2\/types\/post"}],"author":[{"embeddable":true,"href":"https:\/\/www.novaconcursos.com.br\/portal\/wp-json\/wp\/v2\/users\/54679"}],"replies":[{"embeddable":true,"href":"https:\/\/www.novaconcursos.com.br\/portal\/wp-json\/wp\/v2\/comments?post=189521"}],"version-history":[{"count":6,"href":"https:\/\/www.novaconcursos.com.br\/portal\/wp-json\/wp\/v2\/posts\/189521\/revisions"}],"predecessor-version":[{"id":189531,"href":"https:\/\/www.novaconcursos.com.br\/portal\/wp-json\/wp\/v2\/posts\/189521\/revisions\/189531"}],"wp:featuredmedia":[{"embeddable":true,"href":"https:\/\/www.novaconcursos.com.br\/portal\/wp-json\/wp\/v2\/media\/188557"}],"wp:attachment":[{"href":"https:\/\/www.novaconcursos.com.br\/portal\/wp-json\/wp\/v2\/media?parent=189521"}],"wp:term":[{"taxonomy":"category","embeddable":true,"href":"https:\/\/www.novaconcursos.com.br\/portal\/wp-json\/wp\/v2\/categories?post=189521"},{"taxonomy":"post_tag","embeddable":true,"href":"https:\/\/www.novaconcursos.com.br\/portal\/wp-json\/wp\/v2\/tags?post=189521"}],"curies":[{"name":"wp","href":"https:\/\/api.w.org\/{rel}","templated":true}]}}