{"id":189577,"date":"2023-03-27T16:51:19","date_gmt":"2023-03-27T19:51:19","guid":{"rendered":"https:\/\/www.novaconcursos.com.br\/portal\/?p=189577"},"modified":"2025-03-10T17:26:39","modified_gmt":"2025-03-10T20:26:39","slug":"concurso-mp-pb-vagas-para-tecnico-nivel-medio","status":"publish","type":"post","link":"https:\/\/www.novaconcursos.com.br\/portal\/noticias\/concurso-mp-pb-vagas-para-tecnico-nivel-medio\/","title":{"rendered":"Concurso MP PB: Vagas para T\u00e9cnico, n\u00edvel m\u00e9dio, com R$ 7 mil!"},"content":{"rendered":"<p>Encerram-se nesta sexta-feira, 31 de mar\u00e7o, as inscri\u00e7\u00f5es do concurso MP PB (Minist\u00e9rio P\u00fablico do Estado do Para\u00edba). Portanto, se voc\u00ea se interessa por esse concurso, n\u00e3o perca tempo!<\/p>\n\n\n\n<p>Para se inscrever \u00e9 necess\u00e1rio acessar o site da <a href=\"https:\/\/www.concursosfcc.com.br\/\" target=\"_blank\" rel=\"noreferrer noopener\">FCC<\/a> (Funda\u00e7\u00e3o Carlos Chagas), banca organizadora, entre os dias <strong>27 de fevereiro e 31 de mar\u00e7o de 2023<\/strong> e preencher o formul\u00e1rio com os dados solicitados.<\/p>\n\n\n\n<p>Al\u00e9m disso, \u00e9 preciso efetuar o pagamento da <strong>taxa de inscri\u00e7\u00e3o<\/strong> para que a candidatura seja homologada. Veja os valores!<\/p>\n\n\n\n<ul class=\"wp-block-list\"><li>M\u00e9dio:\u00a0R$ 95,00<\/li>\n\n\n\n<li>Superior:\u00a0R$ 115,00<\/li>\n<\/ul><p><\/p>\n\n\n\n<p>Estude para o concurso dos seus sonhos com o\u00a0<strong>M\u00e9todo<\/strong>\u00a0que j\u00e1 ajudou na\u00a0<strong>aprova\u00e7\u00e3o de mais de 70 mil alunos.<\/strong>\u00a0<a rel=\"noreferrer noopener\" href=\"https:\/\/aprovacao.novaconcursos.com.br\/assinatura?promo_creative=Clique+aqui&amp;promo_name=noticia&amp;promo_id=%2Fportal%2Fnoticias%2Fconcurso-mp-pb-saiu-o-edital-para-tecnico-e-analista&amp;promo_position=corpo-texto\" target=\"_blank\">Clique aqui<\/a>\u00a0e saiba mais!<\/p>\n\n\n\n<h2 class=\"wp-block-heading\" id=\"concurso-mp-pb-vagas-e-salrios\">Concurso MP PB: Vagas e sal\u00e1rios<\/h2>\n\n\n\n<p>De acordo com o edital, ser\u00e3o ofertadas <strong>11 vagas imediatas<\/strong>, al\u00e9m de oportunidades de cadastro reserva, distribu\u00eddas entre as seguintes especialidades:<\/p>\n\n\n\n<ul class=\"wp-block-list\"><li><strong>N\u00edvel m\u00e9dio<\/strong>\n<ul class=\"wp-block-list\"><li>T\u00e9cnico Ministerial \u2013 Sem Especialidade: 10 imediatas + CR;<\/li>\n<\/ul><\/li>\n<\/ul><p><\/p>\n\n\n\n<ul class=\"wp-block-list\"><li><strong>N\u00edvel superior<\/strong>\n<ul class=\"wp-block-list\"><li>Analista Ministerial\n<ul class=\"wp-block-list\"><li>Analista de Sistemas\n<ul class=\"wp-block-list\"><li>Administrador de Banco de Dados: CR;<\/li>\n\n\n\n<li>Desenvolvedor: 1 vaga imediata + CR;<\/li>\n<\/ul><\/li>\n\n\n\n<li>Assistente Social: CR; <\/li>\n\n\n\n<li>Psicologia: CR.<\/li>\n<\/ul><\/li>\n<\/ul><\/li>\n<\/ul><p><\/p>\n\n\n\n<p>Os aprovados ser\u00e3o remunerados com <strong>sal\u00e1rios iniciais <\/strong>que variam entre R$ 7.037,18 e R$ 8.165,44, de acordo com o cargo pretendido. Veja!<\/p>\n\n\n\n<ul class=\"wp-block-list\"><li><strong>T\u00e9cnico Ministerial<\/strong>\n<ul class=\"wp-block-list\"><li>Vencimento inicial de R$ 7.037,18 + Verbas indenizat\u00f3rias de R$ 1.800,00<\/li>\n\n\n\n<li>Total: R$ 7.037,18<\/li>\n<\/ul><\/li>\n<\/ul><p><\/p>\n\n\n\n<ul class=\"wp-block-list\"><li><strong>Analista Ministerial<\/strong>\n<ul class=\"wp-block-list\"><li>Vencimento inicial de R$ 6.363,44 + Verbas indenizat\u00f3rias de R$ 1.800,00<\/li>\n\n\n\n<li>Total: R$ 8.165,44<\/li>\n<\/ul><\/li>\n<\/ul><p><\/p>\n\n\n\n<h2 class=\"wp-block-heading\" id=\"quais-os-requisitos-para-investidura-nos-cargos\">Quais os requisitos para investidura nos cargos?<\/h2>\n\n\n\n<p>S\u00e3o requisitos b\u00e1sicos:<\/p>\n\n\n\n<ul class=\"wp-block-list\"><li>Ser brasileiro nato ou naturalizado ou portugu\u00eas em condi\u00e7\u00e3o de igualdade de direitos com os brasileiros, na forma do artigo 12, \u00a7 1\u00ba, da Constitui\u00e7\u00e3o Federal;<\/li>\n\n\n\n<li>Ter idade m\u00ednima de 18 (dezoito) anos;<\/li>\n\n\n\n<li>Gozar dos direitos pol\u00edticos;<\/li>\n\n\n\n<li>Estar em dia com as obriga\u00e7\u00f5es eleitorais;<\/li>\n\n\n\n<li>Estar em dia com os deveres do Servi\u00e7o Militar, para os candidatos do sexo masculino;<\/li>\n\n\n\n<li>Apresentar certid\u00f5es de antecedentes criminais da Justi\u00e7a Federal, Eleitoral, Militar (estadual e federal) da Justi\u00e7a Estadual;<\/li>\n\n\n\n<li>T<span style=\"color: initial;\">er aptid\u00e3o f\u00edsica e mental para o exerc\u00edcio das atribui\u00e7\u00f5es do Cargo\/Especialidade.<\/span><\/li>\n<\/ul><p><\/p>\n\n\n\n<h2 class=\"wp-block-heading\" id=\"quais-as-atribuies\">Quais as atribui\u00e7\u00f5es?<\/h2>\n\n\n\n<p>Entre as atividades a serem exercidas pelos aprovados, est\u00e3o as seguintes:<\/p>\n\n\n\n<p><strong>Analista Ministerial<\/strong><\/p>\n\n\n\n<p>Genericamente, a pr\u00e1tica de atos que subsidiem os \u00f3rg\u00e3os da Institui\u00e7\u00e3o na tomada de decis\u00f5es, incluindo a elabora\u00e7\u00e3o e assinatura de relat\u00f3rios, estudos, pareceres e outros atos inerentes a tal atividade, a pr\u00e1tica de atos de cart\u00f3rio e de secretaria nos \u00f3rg\u00e3os da Institui\u00e7\u00e3o, abrangendo o registro, distribui\u00e7\u00e3o e tramita\u00e7\u00e3o de processos e procedimentos, digita\u00e7\u00e3o de audi\u00eancias e outros atos realizados nos respectivos \u00f3rg\u00e3os, reda\u00e7\u00e3o de of\u00edcios, notifica\u00e7\u00f5es e demais documentos inerentes a tal atividade; especificamente, a pr\u00e1tica de atos inerentes \u00e0 especialidade exigida para o ingresso no cargo.<\/p>\n\n\n\n<p><strong>T\u00e9cnico Ministerial<\/strong><\/p>\n\n\n\n<p>Genericamente, a pr\u00e1tica de atos de suporte aos \u00f3rg\u00e3os da Institui\u00e7\u00e3o na tomada de decis\u00f5es, incluindo a elabora\u00e7\u00e3o de minutas de relat\u00f3rio, estudos e pareceres e outros atos inerentes a tal atividade, pr\u00e1tica de atos de cart\u00f3rio e de secretaria nos \u00f3rg\u00e3os de Institui\u00e7\u00e3o, abrangendo o registro, distribui\u00e7\u00e3o e tramita\u00e7\u00e3o de processos e procedimentos, digita\u00e7\u00e3o de audi\u00eancias e outros atos realizados nos respectivos \u00f3rg\u00e3os, reda\u00e7\u00e3o de of\u00edcios, notifica\u00e7\u00f5es e demais documentos inerentes e tal atividade; especificamente, atos inerentes \u00e0 especialidade exigida para o ingresso no cargo.<\/p>\n\n\n\n<h2 class=\"wp-block-heading\" id=\"concurso-mp-pb-provas-e-etapas\">Concurso MP PB: Provas e etapas<\/h2>\n\n\n\n<p>Os candidatos ser\u00e3o avaliados por meio de provas objetivas a serem aplicadas no dia<strong> 21 de maio de 2023 <\/strong>em Jo\u00e3o Pessoa, na Para\u00edba, nos seguintes turnos:<\/p>\n\n\n\n<ul class=\"wp-block-list\"><li><strong>Turno da manh\u00e3:<\/strong>\u00a0para o cargo de T\u00e9cnico Ministerial;<\/li>\n\n\n\n<li><strong>Turno da tarde:<\/strong>\u00a0para o cargo de Analista Ministerial.<\/li>\n<\/ul><p><\/p>\n\n\n\n<p>A prova ser\u00e1 composta de <strong>50 quest\u00f5es<\/strong> de m\u00faltipla escolha, com cinco alternativas cada e apenas uma resposta correta, acerca das seguintes disciplinas:<\/p>\n\n\n\n<ul class=\"wp-block-list\"><li><strong>Conhecimentos gerais (20 quest\u00f5es)<\/strong>\n<ul class=\"wp-block-list\"><li>L\u00edngua Portuguesa;<\/li>\n\n\n\n<li>Legisla\u00e7\u00e3o Espec\u00edfica aplicada ao Minist\u00e9rio P\u00fablico da Para\u00edba.<\/li>\n<\/ul><\/li>\n<\/ul><p><\/p>\n\n\n\n<ul class=\"wp-block-list\"><li><strong>Conhecimentos espec\u00edficos (40 quest\u00f5es)<\/strong>.<\/li>\n<\/ul><p><\/p>\n\n\n\n<p>O resultado final est\u00e1 previsto para o dia <strong>8 de agosto de 2023<\/strong>. Ap\u00f3s homologado, a sele\u00e7\u00e3o ter\u00e1 prazo de validade de dois anos, podendo ser prorrogada uma \u00fanica vez, por igual per\u00edodo.<\/p>\n\n\n\n<p><\/p>","protected":false},"excerpt":{"rendered":"<p>Encerram-se nesta sexta-feira, 31 de mar\u00e7o, as inscri\u00e7\u00f5es do concurso MP PB (Minist\u00e9rio P\u00fablico do Estado do Para\u00edba). Portanto, se voc\u00ea se interessa por esse concurso, n\u00e3o perca tempo! Para se inscrever \u00e9 necess\u00e1rio acessar o site da FCC (Funda\u00e7\u00e3o Carlos Chagas), banca organizadora, entre os dias 27 de fevereiro e 31 de mar\u00e7o de [&hellip;]<\/p>\n","protected":false},"author":54679,"featured_media":184266,"comment_status":"closed","ping_status":"closed","sticky":false,"template":"","format":"standard","meta":{"_acf_changed":false,"footnotes":"","_wp_rev_ctl_limit":""},"categories":[228],"tags":[],"class_list":["post-189577","post","type-post","status-publish","format-standard","has-post-thumbnail","hentry","category-noticias"],"acf":[],"_links":{"self":[{"href":"https:\/\/www.novaconcursos.com.br\/portal\/wp-json\/wp\/v2\/posts\/189577","targetHints":{"allow":["GET"]}}],"collection":[{"href":"https:\/\/www.novaconcursos.com.br\/portal\/wp-json\/wp\/v2\/posts"}],"about":[{"href":"https:\/\/www.novaconcursos.com.br\/portal\/wp-json\/wp\/v2\/types\/post"}],"author":[{"embeddable":true,"href":"https:\/\/www.novaconcursos.com.br\/portal\/wp-json\/wp\/v2\/users\/54679"}],"replies":[{"embeddable":true,"href":"https:\/\/www.novaconcursos.com.br\/portal\/wp-json\/wp\/v2\/comments?post=189577"}],"version-history":[{"count":6,"href":"https:\/\/www.novaconcursos.com.br\/portal\/wp-json\/wp\/v2\/posts\/189577\/revisions"}],"predecessor-version":[{"id":274818,"href":"https:\/\/www.novaconcursos.com.br\/portal\/wp-json\/wp\/v2\/posts\/189577\/revisions\/274818"}],"wp:featuredmedia":[{"embeddable":true,"href":"https:\/\/www.novaconcursos.com.br\/portal\/wp-json\/wp\/v2\/media\/184266"}],"wp:attachment":[{"href":"https:\/\/www.novaconcursos.com.br\/portal\/wp-json\/wp\/v2\/media?parent=189577"}],"wp:term":[{"taxonomy":"category","embeddable":true,"href":"https:\/\/www.novaconcursos.com.br\/portal\/wp-json\/wp\/v2\/categories?post=189577"},{"taxonomy":"post_tag","embeddable":true,"href":"https:\/\/www.novaconcursos.com.br\/portal\/wp-json\/wp\/v2\/tags?post=189577"}],"curies":[{"name":"wp","href":"https:\/\/api.w.org\/{rel}","templated":true}]}}