{"id":190302,"date":"2023-04-04T16:44:48","date_gmt":"2023-04-04T19:44:48","guid":{"rendered":"https:\/\/www.novaconcursos.com.br\/portal\/?p=190302"},"modified":"2025-03-10T17:19:00","modified_gmt":"2025-03-10T20:19:00","slug":"concurso-bb-tecnologia-bbts-edital-retificado-confira-o-que-mudou","status":"publish","type":"post","link":"https:\/\/www.novaconcursos.com.br\/portal\/noticias\/concurso-bb-tecnologia-bbts-edital-retificado-confira-o-que-mudou\/","title":{"rendered":"Concurso BB Tecnologia (BBTS): Edital retificado. Confira o que mudou!"},"content":{"rendered":"<p>Aten\u00e7\u00e3o concurseiros! O edital do concurso BB Tecnologia (BBTS) foi retificado e sofreu altera\u00e7\u00f5es nos locais de prova, atribui\u00e7\u00f5es, n\u00famero de acertos para classifica\u00e7\u00e3o e anexo de t\u00edtulos. Confira!<\/p>\n\n\n\n<p>O primeiro item a ser alterado foi <strong>referente as provas<\/strong>, no subitem 9.6.16, que ao inv\u00e9s do candidato ter que acertar, no m\u00ednimo, 35 quest\u00f5es de conhecimentos gerais, ele deve acertar as mesmas 35 quest\u00f5es do total da prova.<\/p>\n\n\n\n<p>Os itens 12.4, 12.5 e 12.8.1 tamb\u00e9m foram alterados. Anteriormente, na classifica\u00e7\u00e3o do concurso estava \u201c\u2026Polo de sua op\u00e7\u00e3o\u2026\u201d e agora est\u00e1 \u201c\u2026Macropolo de sua op\u00e7\u00e3o\u201d.<\/p>\n\n\n\n<p>Em rela\u00e7\u00e3o as <strong>atribui\u00e7\u00f5es<\/strong> do cargo, foi acrescentado que o diploma de curso t\u00e9cnico\u00a0tamb\u00e9m ser\u00e1 considerado, al\u00e9m do diploma de n\u00edvel m\u00e9dio, previsto anteriormente.<\/p>\n\n\n\n<p>Alguns<strong> locais de prova<\/strong> tamb\u00e9m foram alterados. Veja!<\/p>\n\n\n\n<figure class=\"wp-block-image size-full\"><a href=\"https:\/\/www.novaconcursos.com.br\/portal\/wp-content\/uploads\/2023\/04\/Captura-de-tela-2023-04-03-181037.jpg\"><img decoding=\"async\" width=\"730\" height=\"276\" src=\"https:\/\/www.novaconcursos.com.br\/portal\/wp-content\/uploads\/2023\/04\/Captura-de-tela-2023-04-03-181037.jpg\" alt=\"\" class=\"wp-image-190311\" loading=\"lazy\" title=\"\" srcset=\"https:\/\/www.novaconcursos.com.br\/portal\/wp-content\/uploads\/2023\/04\/Captura-de-tela-2023-04-03-181037-300x113.jpg 300w, https:\/\/www.novaconcursos.com.br\/portal\/wp-content\/uploads\/2023\/04\/Captura-de-tela-2023-04-03-181037.jpg 730w\" sizes=\"auto, (max-width: 480px) 100vw, (max-width: 768px) 100vw, (max-width: 1200px) 70vw, 768px\"><\/a><figcaption><\/figcaption><\/figure><p><\/p>\n\n\n\n<p>A \u00faltima corre\u00e7\u00e3o foi em rela\u00e7\u00e3o ao <strong>anexo de t\u00edtulos.<\/strong> Al\u00e9m do cargo de analista perfil tecnol\u00f3gico, tamb\u00e9m foi acrescentado o cargo de analista perfil interno.<\/p>\n\n\n\n<p><\/p>\n\n\n\n<h2 class=\"wp-block-heading\" id=\"concurso-bb-tecnologia-bbts-vagas-e-salrios\">Concurso BB Tecnologia (BBTS): Vagas e sal\u00e1rios<\/h2>\n\n\n\n<p>De acordo com o edital, ser\u00e3o ofertadas\u00a0<strong>138 vagas<\/strong>\u00a0distribu\u00eddas entre as seguintes carreiras:<\/p>\n\n\n\n<ul class=\"wp-block-list\"><li><strong>N\u00edvel M\u00e9dio<\/strong>\n<ul class=\"wp-block-list\"><li>T\u00e9cnico Perfil Atendimento: 75 vagas imediatas + CR<\/li>\n\n\n\n<li>T\u00e9cnico Perfil Interno: 22 vagas imediatas + CR<\/li>\n<\/ul><\/li>\n<\/ul><p><\/p>\n\n\n\n<ul class=\"wp-block-list\"><li><strong>N\u00edvel Superior<\/strong>\n<ul class=\"wp-block-list\"><li>Analista Perfil Tecnol\u00f3gico: 35 vagas + CR<\/li>\n\n\n\n<li>Analista Perfil Interno: 6 vagas + CR<\/li>\n<\/ul><\/li>\n<\/ul><p><\/p>\n\n\n\n<p>Os aprovados ser\u00e3o remunerados com os seguintes<strong>\u00a0sal\u00e1rios iniciais:<\/strong><\/p>\n\n\n\n<ul class=\"wp-block-list\"><li>T\u00e9cnico: R$ 2.184,73<\/li>\n\n\n\n<li>Analista: R$ 4.369,45<\/li>\n<\/ul><p><\/p>\n\n\n\n<p>Al\u00e9m do sal\u00e1rio, ainda far\u00e3o jus aos seguintes\u00a0<strong>benef\u00edcios:<\/strong><\/p>\n\n\n\n<ul class=\"wp-block-list\"><li>Aux\u00edlio-alimenta\u00e7\u00e3o e\/ou refei\u00e7\u00e3o no valor total mensal de R$ 807,25<\/li>\n\n\n\n<li>Cesta Alimenta\u00e7\u00e3o: R$ 267,97<\/li>\n\n\n\n<li>13\u00aa cesta refei\u00e7\u00e3o, no valor de R$ 807,25<\/li>\n\n\n\n<li>Vale Cultura<\/li>\n\n\n\n<li>Aux\u00edlio-creche, no valor m\u00e1ximo mensal de R$ 327,72 para cada filho com at\u00e9 12 meses de vida<\/li>\n\n\n\n<li>Aux\u00edlio escola, no valor m\u00e1ximo mensal de R$ 811,37 cada filho portador de defici\u00eancia<\/li>\n\n\n\n<li>Plano de Sa\u00fade com participa\u00e7\u00e3o no valor de 50% para o empregado e 50% para a Empresa<\/li>\n\n\n\n<li>Plano de Previd\u00eancia Complementar onde a Empresa efetua a contribui\u00e7\u00e3o correspondente a 100% da contribui\u00e7\u00e3o do empregado participante<\/li>\n\n\n\n<li>Vale-transporte<\/li>\n\n\n\n<li>Aux\u00edlio\n<ul class=\"wp-block-list\"><li>Medicamento<\/li>\n\n\n\n<li>Funeral<\/li>\n\n\n\n<li>Material \u00d3tico<\/li>\n\n\n\n<li>Odontol\u00f3gico<\/li>\n<\/ul><\/li>\n\n\n\n<li>Programa de Tutoria<\/li>\n\n\n\n<li>Seguro de Vida<\/li>\n\n\n\n<li>Licen\u00e7a\n<ul class=\"wp-block-list\"><li>Luto<\/li>\n\n\n\n<li>Maternidade Cidad\u00e3 onde a licen\u00e7a maternidade passa de 120 para 180 dias<\/li>\n\n\n\n<li>Paternidade Cidad\u00e3 onde a licen\u00e7a paternidade passa de 5 para 20 dias.<\/li>\n<\/ul><\/li>\n<\/ul><p><\/p>\n\n\n\n<h2 class=\"wp-block-heading\" id=\"quais-os-requisitos-para-investidura-nos-cargos\">Quais os requisitos para investidura nos cargos?<\/h2>\n\n\n\n<p>S\u00e3o requisitos b\u00e1sicos:<\/p>\n\n\n\n<ul class=\"wp-block-list\"><li>Ter nacionalidade brasileira; no caso de nacionalidade portuguesa, estar amparado pelo estatuto de igualdade entre brasileiros e portugueses;<\/li>\n\n\n\n<li>Ter idade m\u00ednima de 18 anos completos;<\/li>\n\n\n\n<li>Estar em pleno gozo dos direitos pol\u00edticos;<\/li>\n\n\n\n<li>Estar quite com as obriga\u00e7\u00f5es eleitorais e, se do sexo masculino, tamb\u00e9m com as obriga\u00e7\u00f5es militares;<\/li>\n\n\n\n<li>Firmar declara\u00e7\u00e3o de n\u00e3o estar cumprindo e nem ter sofrido, no exerc\u00edcio da fun\u00e7\u00e3o p\u00fablica, penalidade por pr\u00e1tica de improbidade administrativa, aplicada por qualquer \u00f3rg\u00e3o p\u00fablico ou entidade da esfera federal, estadual ou municipal;<\/li>\n\n\n\n<li>Apresentar declara\u00e7\u00e3o quanto ao exerc\u00edcio de outro(s) cargo(s), emprego(s) ou outra(s) fun\u00e7\u00e3o(\u00f5es) p\u00fablica(s) e sobre o recebimento de proventos decorrente de aposentadoria e pens\u00e3o;<\/li>\n<\/ul><p><\/p>\n\n\n\n<p><\/p>\n\n\n\n<h2 class=\"wp-block-heading\" id=\"quais-as-atribuies\">Quais as atribui\u00e7\u00f5es?<\/h2>\n\n\n\n<p>Entre as atividades a serem exercidas pelos aprovados no concurso BBTS, est\u00e3o as seguintes:<\/p>\n\n\n\n<p><strong>T\u00e9cnico \u2013 Perfil Atendimento<\/strong><\/p>\n\n\n\n<p>Execu\u00e7\u00e3o de atividades semi-estruturadas ou n\u00e3o-estruturadas com base na contextualiza\u00e7\u00e3o dos procedimentos operacionais e roteiros de trabalho, dentro ou fora da Companhia, com o emprego de dispositivos e equipamentos el\u00e9tricos, eletr\u00f4nicos, eletromec\u00e2nicos ou digitais; for\u00e7a f\u00edsica compat\u00edvel para manuseio e transporte de pe\u00e7as e equipamentos; capacidade de acessar espa\u00e7os restritos ou de dif\u00edcil acesso; disponibilidade de deslocamento para regi\u00f5es remotas e com acessibilidade restrita, inclusive acessos a edifica\u00e7\u00f5es com degraus e desn\u00edveis.<\/p>\n\n\n\n<p><strong>T\u00e9cnico \u2013 Perfil Interno<\/strong><\/p>\n\n\n\n<p>Execu\u00e7\u00e3o de atividades semi-estruturadas ou n\u00e3o-estruturadas com base na contextualiza\u00e7\u00e3o dos procedimentos operacionais e roteiros de trabalho, dentro ou fora da Companhia, com o emprego de dispositivos e equipamentos el\u00e9tricos, eletr\u00f4nicos, eletromec\u00e2nicos ou digitais.<\/p>\n\n\n\n<p><strong>Analista Perfil Tecnol\u00f3gico<\/strong><\/p>\n\n\n\n<p>Desenvolvimento de estudos e trabalhos incluindo pesquisas, diagn\u00f3sticos, ensaios, an\u00e1lises e afins e participa\u00e7\u00e3o em processos produtivos internos ou de campo e atividades administrativas.<\/p>\n\n\n\n<p><strong>Analista Perfil Interno<\/strong><\/p>\n\n\n\n<p>Desenvolvimento de estudos e trabalhos incluindo pesquisas, diagn\u00f3sticos, ensaios, an\u00e1lises e afins e participa\u00e7\u00e3o em processos produtivos internos ou de campo e atividades administrativas.<\/p>\n\n\n\n<h2 class=\"wp-block-heading\" id=\"concurso-bb-tecnologia-bbts-provas-e-etapas\">Concurso BB Tecnologia (BBTS): Provas e etapas<\/h2>\n\n\n\n<p>S\u00e3o etapas avaliativas:<\/p>\n\n\n\n<ul class=\"wp-block-list\"><li>Prova Escrita Objetiva, de car\u00e1ter eliminat\u00f3rio e classificat\u00f3rio, para todos os cargos;<\/li>\n\n\n\n<li>Prova Escrita Discursiva, de car\u00e1ter eliminat\u00f3rio e classificat\u00f3rio, para o cargo de Analista;<\/li>\n\n\n\n<li>Avalia\u00e7\u00e3o de T\u00edtulos, de car\u00e1ter classificat\u00f3rio, para o cargo de Analista.<\/li>\n<\/ul><p><\/p>\n\n\n\n<p>As provas objetiva e discursiva ser\u00e3o aplicadas no dia no dia\u00a0<strong>25 de junho de 2023<\/strong>, sendo:<\/p>\n\n\n\n<ul class=\"wp-block-list\"><li>Analista \u2013 turno da manh\u00e3: das 8h \u00e0s 12h30 (hor\u00e1rio de Bras\u00edlia);<\/li>\n\n\n\n<li>T\u00e9cnico \u2013 turno da tarde: das 15h \u00e0s 19h30 (hor\u00e1rio de Bras\u00edlia).<\/li>\n<\/ul><p><\/p>\n\n\n\n<p><\/p>\n\n\n\n<p>A prova objetiva ser\u00e1 composta de\u00a0<strong>70 quest\u00f5es<\/strong>\u00a0de m\u00faltipla escolha, com cinco alternativas cada e apenas uma resposta correta, acerca das seguintes disciplinas:<\/p>\n\n\n\n<ul class=\"wp-block-list\"><li><strong>Analista \u2013 Perfil Tecnol\u00f3gico<\/strong>\n<ul class=\"wp-block-list\"><li>Conhecimentos b\u00e1sicos:\n<ul class=\"wp-block-list\"><li>L\u00edngua Portuguesa;<\/li>\n\n\n\n<li>Racioc\u00ednio L\u00f3gico-Matem\u00e1tico;<\/li>\n\n\n\n<li>Matem\u00e1tica;<\/li>\n\n\n\n<li>No\u00e7\u00f5es de Estat\u00edstica;<\/li>\n\n\n\n<li>Conhecimentos Gerais;<\/li>\n<\/ul><\/li>\n\n\n\n<li>Conhecimentos espec\u00edficos:\n<ul class=\"wp-block-list\"><li>L\u00edngua Inglesa;<\/li>\n\n\n\n<li>Ci\u00eancia de Dados;<\/li>\n\n\n\n<li>Desenvolvimento de Sistemas;<\/li>\n\n\n\n<li>Banco de Dados;<\/li>\n\n\n\n<li>Infraestrutura Tecnol\u00f3gica;<\/li>\n\n\n\n<li>Seguran\u00e7a da Informa\u00e7\u00e3o.<\/li>\n<\/ul><\/li>\n<\/ul><\/li>\n<\/ul><p><\/p>\n\n\n\n<ul class=\"wp-block-list\"><li><strong>Analista \u2013 Perfil Interno<\/strong>\n<ul class=\"wp-block-list\"><li>Conhecimentos b\u00e1sicos:\n<ul class=\"wp-block-list\"><li>L\u00edngua Portuguesa;<\/li>\n\n\n\n<li>Racioc\u00ednio L\u00f3gico-Matem\u00e1tico;<\/li>\n\n\n\n<li>Matem\u00e1tica;<\/li>\n\n\n\n<li>No\u00e7\u00f5es de Estat\u00edstica;<\/li>\n\n\n\n<li>Conhecimentos Gerais;<\/li>\n<\/ul><\/li>\n\n\n\n<li>Conhecimentos espec\u00edficos:\n<ul class=\"wp-block-list\"><li>Administra\u00e7\u00e3o e Pol\u00edticas P\u00fablicas;<\/li>\n\n\n\n<li>Administra\u00e7\u00e3o Financeira e Or\u00e7ament\u00e1ria;<\/li>\n\n\n\n<li>No\u00e7\u00f5es de Economia;<\/li>\n\n\n\n<li>Gest\u00e3o Governamental;<\/li>\n\n\n\n<li>Controle e Gest\u00e3o;<\/li>\n\n\n\n<li>Auditoria Governamental.<\/li>\n<\/ul><\/li>\n<\/ul><\/li>\n<\/ul><p><\/p>\n\n\n\n<ul class=\"wp-block-list\"><li><strong>T\u00e9cnico \u2013 Perfil Atendimento<\/strong>\n<ul class=\"wp-block-list\"><li>Conhecimentos b\u00e1sicos:\n<ul class=\"wp-block-list\"><li>L\u00edngua Portuguesa;<\/li>\n\n\n\n<li>Racioc\u00ednio L\u00f3gico-Matem\u00e1tico;<\/li>\n\n\n\n<li>Conhecimentos Gerais;<\/li>\n<\/ul><\/li>\n\n\n\n<li>Conhecimentos espec\u00edficos;\n<ul class=\"wp-block-list\"><li>No\u00e7\u00f5es b\u00e1sicas de Eletricidade e Eletr\u00f4nica;<\/li>\n\n\n\n<li>Manuten\u00e7\u00e3o de Computadores;<\/li>\n\n\n\n<li>Arquitetura de Computadores;<\/li>\n\n\n\n<li>Equipamentos de Automa\u00e7\u00e3o Banc\u00e1ria;<\/li>\n\n\n\n<li>Normas Regulamentadoras.<\/li>\n<\/ul><\/li>\n<\/ul><\/li>\n<\/ul><p><\/p>\n\n\n\n<ul class=\"wp-block-list\"><li><strong>T\u00e9cnico \u2013 Perfil Interno<\/strong>\n<ul class=\"wp-block-list\"><li>Conhecimentos b\u00e1sicos:\n<ul class=\"wp-block-list\"><li>L\u00edngua Portuguesa;<\/li>\n\n\n\n<li>Racioc\u00ednio L\u00f3gico-Matem\u00e1tico;<\/li>\n\n\n\n<li>Conhecimentos Gerais;<\/li>\n<\/ul><\/li>\n\n\n\n<li>Conhecimentos espec\u00edficos:\n<ul class=\"wp-block-list\"><li>Inform\u00e1tica B\u00e1sica;<\/li>\n\n\n\n<li>No\u00e7\u00f5es de Administra\u00e7\u00e3o;<\/li>\n\n\n\n<li>No\u00e7\u00f5es de Arquivologia;<\/li>\n\n\n\n<li>Manuten\u00e7\u00e3o e Arquitetura de Computadores;<\/li>\n\n\n\n<li>Normas Regulamentadoras.<\/li>\n<\/ul><\/li>\n<\/ul><\/li>\n<\/ul><p><\/p>\n\n\n\n<p>J\u00e1 a<strong>\u00a0prova discursiva<\/strong>\u00a0consistir\u00e1 na elabora\u00e7\u00e3o de uma reda\u00e7\u00e3o a ser escrita em g\u00eanero dissertativo-argumentativo, com n\u00famero m\u00ednimo de 15 (quinze) e m\u00e1ximo de 20 linhas.<\/p>","protected":false},"excerpt":{"rendered":"<p>Aten\u00e7\u00e3o concurseiros! O edital do concurso BB Tecnologia (BBTS) foi retificado e sofreu altera\u00e7\u00f5es nos locais de prova, atribui\u00e7\u00f5es, n\u00famero de acertos para classifica\u00e7\u00e3o e anexo de t\u00edtulos. Confira! O primeiro item a ser alterado foi referente as provas, no subitem 9.6.16, que ao inv\u00e9s do candidato ter que acertar, no m\u00ednimo, 35 quest\u00f5es de [&hellip;]<\/p>\n","protected":false},"author":54679,"featured_media":172278,"comment_status":"closed","ping_status":"closed","sticky":false,"template":"","format":"standard","meta":{"_acf_changed":false,"footnotes":"","_wp_rev_ctl_limit":""},"categories":[228],"tags":[],"class_list":["post-190302","post","type-post","status-publish","format-standard","has-post-thumbnail","hentry","category-noticias"],"acf":[],"_links":{"self":[{"href":"https:\/\/www.novaconcursos.com.br\/portal\/wp-json\/wp\/v2\/posts\/190302","targetHints":{"allow":["GET"]}}],"collection":[{"href":"https:\/\/www.novaconcursos.com.br\/portal\/wp-json\/wp\/v2\/posts"}],"about":[{"href":"https:\/\/www.novaconcursos.com.br\/portal\/wp-json\/wp\/v2\/types\/post"}],"author":[{"embeddable":true,"href":"https:\/\/www.novaconcursos.com.br\/portal\/wp-json\/wp\/v2\/users\/54679"}],"replies":[{"embeddable":true,"href":"https:\/\/www.novaconcursos.com.br\/portal\/wp-json\/wp\/v2\/comments?post=190302"}],"version-history":[{"count":6,"href":"https:\/\/www.novaconcursos.com.br\/portal\/wp-json\/wp\/v2\/posts\/190302\/revisions"}],"predecessor-version":[{"id":274813,"href":"https:\/\/www.novaconcursos.com.br\/portal\/wp-json\/wp\/v2\/posts\/190302\/revisions\/274813"}],"wp:featuredmedia":[{"embeddable":true,"href":"https:\/\/www.novaconcursos.com.br\/portal\/wp-json\/wp\/v2\/media\/172278"}],"wp:attachment":[{"href":"https:\/\/www.novaconcursos.com.br\/portal\/wp-json\/wp\/v2\/media?parent=190302"}],"wp:term":[{"taxonomy":"category","embeddable":true,"href":"https:\/\/www.novaconcursos.com.br\/portal\/wp-json\/wp\/v2\/categories?post=190302"},{"taxonomy":"post_tag","embeddable":true,"href":"https:\/\/www.novaconcursos.com.br\/portal\/wp-json\/wp\/v2\/tags?post=190302"}],"curies":[{"name":"wp","href":"https:\/\/api.w.org\/{rel}","templated":true}]}}