{"id":191646,"date":"2023-04-19T10:27:54","date_gmt":"2023-04-19T13:27:54","guid":{"rendered":"https:\/\/www.novaconcursos.com.br\/portal\/?p=191646"},"modified":"2023-04-19T10:27:57","modified_gmt":"2023-04-19T13:27:57","slug":"concurso-serpro-saiu-o-edital-vagas-para-analista","status":"publish","type":"post","link":"https:\/\/www.novaconcursos.com.br\/portal\/noticias\/concurso-serpro-saiu-o-edital-vagas-para-analista\/","title":{"rendered":"Concurso Serpro: Saiu o edital. 602 vagas para Analista!"},"content":{"rendered":"<p>Foi publicado o edital do\u00a0<a href=\"https:\/\/www.novaconcursos.com.br\/portal\/concursos\/concurso-serpro\/\">concurso Serpro<\/a>\u00a0(Servi\u00e7o Federal de Processamento de Dados), com a oferta de <strong>602 vagas<\/strong>\u00a0para cargos de n\u00edvel superior na<strong> \u00e1rea de tecnologia<\/strong>. N\u00e3o perca as inscri\u00e7\u00f5es!<\/p>\n\n\n\n<p><strong>Resumo do edital<\/strong><\/p>\n\n\n\n<ul class=\"wp-block-list\"><li><strong>Vagas<\/strong>: 602 imediatas + CR<\/li>\n\n\n\n<li><strong>Taxa de inscri\u00e7\u00e3o<\/strong>:\u00a0R$ 100,00<\/li>\n\n\n\n<li><strong>Cargos<\/strong>: Analista, especializa\u00e7\u00e3o em Tecnologia<\/li>\n\n\n\n<li><strong>Escolaridade<\/strong>: N\u00edvel superior<\/li>\n\n\n\n<li><strong>Faixa de sal\u00e1rio<\/strong>: R$ 9.025,73<\/li>\n\n\n\n<li><strong>Banca:\u00a0<\/strong>Cebraspe<\/li>\n\n\n\n<li><strong>Inscri\u00e7\u00f5es<\/strong>: 24\/04\/2023 at\u00e9 02\/06\/2023<\/li>\n\n\n\n<li><strong>Prova<\/strong>: 23\/07\/2023<\/li>\n\n\n\n<li><a href=\"https:\/\/www.novaconcursos.com.br\/portal\/wp-content\/uploads\/2023\/04\/edital_serpro_2023.pdf\" target=\"_blank\" rel=\"noreferrer noopener\">Edital<\/a><\/li>\n<\/ul><p><\/p>\n\n\n\n<ul class=\"wp-block-list\"><li><strong>Confira:<\/strong> <a href=\"https:\/\/www.novaconcursos.com.br\/mapa-mental\/lingua-portuguesa-principais-topicos-pdf\">Mapas Mentais L\u00edngua Portuguesa \u2013 Principais T\u00f3picos Para Concursos (PDF)<\/a><\/li>\n\n\n\n<li><strong>Confira: <\/strong><a href=\"https:\/\/www.novaconcursos.com.br\/curso-online\/curso-lingua-portuguesa-prof-ariane-budke\">Curso de L\u00edngua Portuguesa \u2013 Prof\u00aa. Ariane Budke<\/a><\/li>\n<\/ul><p><\/p>\n\n\n\n<p>Estude para o concurso dos seus sonhos com o\u00a0<strong>M\u00e9todo<\/strong>\u00a0que j\u00e1 ajudou na\u00a0<strong>aprova\u00e7\u00e3o de mais de 70 mil alunos<\/strong>.\u00a0<a href=\"https:\/\/www.novaconcursos.com.br\/eventos\/assinatura\" target=\"_blank\" rel=\"noreferrer noopener\">Clique aqui<\/a>\u00a0e saiba mais!<\/p>\n\n\n\n<h2 class=\"wp-block-heading\" id=\"concurso-serpro-como-realizar-inscrio\">Concurso Serpro: como realizar inscri\u00e7\u00e3o?<\/h2>\n\n\n\n<p>Portanto, os interessados em uma das vagas do <a href=\"https:\/\/www.novaconcursos.com.br\/portal\/concursos-previstos\/nacional\">concurso<\/a> do Servi\u00e7o Federal de Processamento de Dados( Serpro), devem se <strong>atentar aos prazos<\/strong>.<\/p>\n\n\n\n<ul class=\"wp-block-list\"><li><strong>Confira:<\/strong> <a href=\"https:\/\/www.novaconcursos.com.br\/livro\/1000-questoes-gabaritadas-cebraspe\">Livro 1.000 Quest\u00f5es Gabaritadas da CEBRASPE<\/a><\/li>\n<\/ul><p><\/p>\n\n\n\n<p>Isso porque as inscri\u00e7\u00f5es come\u00e7am \u00e0s 10h do dia <strong>24 de abril <\/strong>e ficar\u00e3o abertas at\u00e9 \u00e0s 18h do dia<strong> 2 de junho<\/strong> de 2023.<\/p>\n\n\n\n<p>Al\u00e9m disso, elas devem ser feitas por meio do site da banca organizadora, o <a href=\"https:\/\/www.cebraspe.org.br\/concursos\/SERPRO_23\" target=\"_blank\" rel=\"noreferrer noopener\">Cebraspe<\/a>. A taxa de inscri\u00e7\u00e3o \u00e9 de<strong> R$ 100 <\/strong>e deve ser paga at\u00e9 <strong>23 de junho.<\/strong><\/p>\n\n\n\n<p>Lembrando que no ato da inscri\u00e7\u00e3o, ser\u00e1 preciso optar pela <strong>cidade de atua\u00e7\u00e3o<\/strong>, sendo elas:\u00a0Belo Horizonte (MG), Bel\u00e9m (PA), Bras\u00edlia (DF), Curitiba (PR), Florian\u00f3polis (SC), Fortaleza (CE), Porto Alegre (RS), Recife (PE), Salvador (BA), Rio de Janeiro (RJ) ou S\u00e3o Paulo (SP).<\/p>\n\n\n\n<h3 class=\"wp-block-heading\">Isen\u00e7\u00e3o da taxa<\/h3>\n\n\n\n<p>Entretanto, ser\u00e1 poss\u00edvel solicitar a isen\u00e7\u00e3o da taxa de inscri\u00e7\u00e3o, os que se encaixam nos requisitos, durante <strong>todo per\u00edodo de inscri\u00e7\u00f5es.<\/strong><\/p>\n\n\n\n<p>Ent\u00e3o, de acordo com o edital, poder\u00e3o solicitar os <strong>inscritos <\/strong>no Cadastro \u00danico do Governo Federal (Cad\u00danico) e <strong>doadores <\/strong>de medula \u00f3ssea. <\/p>\n\n\n\n<h2 class=\"wp-block-heading\" id=\"quais-as-vagas-cargos-e-salrios-do-concurso-serpro\">Quais as vagas, cargos e sal\u00e1rios do concurso Serpro?<\/h2>\n\n\n\n<p>Portanto, o <a href=\"https:\/\/www.novaconcursos.com.br\/portal\/concursos-abertos\/nacional\">concurso<\/a> do Servi\u00e7o Federal de Processamento de Dados (Serpro) foi publicado com a oferta de <strong>602 vagas imediatas.<\/strong><\/p>\n\n\n\n<p>Al\u00e9m disso, ser\u00e1 formado um <strong>cadastro reserva<\/strong> que poder\u00e1 ser usado durante toda a validade do certame, que \u00e9 de 2 anos inicialmente.<\/p>\n\n\n\n<p>As oportunidades, ent\u00e3o, s\u00e3o para o cargo de <strong>Analista<\/strong>, com especializa\u00e7\u00e3o em Tecnologia, que exige o n\u00edvel superior <strong>na \u00e1rea de Tecnologia<\/strong>.<\/p>\n\n\n\n<p>Ou ainda \u00e9 exigido\u00a0curso de gradua\u00e7\u00e3o em qualquer \u00e1rea, mais uma p\u00f3s-gradua\u00e7\u00e3o no segmento de Tecnologia, com carga hor\u00e1ria m\u00ednima de 360 horas.<\/p>\n\n\n\n<p>Posteriormente, os aprovados ganhar\u00e3o sal\u00e1rios iniciais de\u00a0<strong>R$9.025,73<\/strong>, valor este que \u00e9 de RS 7.848,46 do sal\u00e1rio e R$ 1.177,27 referentes \u00e0\u00a0gratifica\u00e7\u00e3o.<\/p>\n\n\n\n<p>Ademais, a jornada de de trabalho \u00e9 de <strong>40 horas semanais<\/strong>. Ainda h\u00e1 diversos <strong>benef\u00edcios <\/strong>aos quais os contratados ter\u00e3o direito; veja:<\/p>\n\n\n\n<ul class=\"wp-block-list\"><li>aux\u00edlio-alimenta\u00e7\u00e3o de R$1.125,84, com um custo de 8% do total pago<\/li>\n\n\n\n<li>plano de sa\u00fade<\/li>\n\n\n\n<li>plano de previd\u00eancia complementar<\/li>\n\n\n\n<li>aux\u00edlio-creche no valor de R$453,25<\/li>\n\n\n\n<li>aux\u00edlio a filho com defici\u00eancia de R$1.362,91<\/li>\n\n\n\n<li>entre outros<\/li>\n<\/ul><p><\/p>\n\n\n\n<h2 class=\"wp-block-heading\" id=\"como-e-quando-sero-as-provas-do-concurso-serpro\">Como e quando ser\u00e3o as provas do concurso Serpro?<\/h2>\n\n\n\n<p>Posteriormente, os inscritos no concurso ser\u00e3o avaliados por meio de provas objetivas e de conhecimentos aplicados.<\/p>\n\n\n\n<p>Assim, as objetivas ser\u00e3o aplicadas no dia <strong>23 de julho<\/strong>, enquanto a de conhecimentos acontecer\u00e1 entre os dias\u00a0<strong>26 e 27 de agosto<\/strong>.<\/p>\n\n\n\n<p>Portanto, as provas objetivas ser\u00e3o <strong>aplicadas nas capitais dos 26 estados<\/strong>, al\u00e9m do Distrito Federal. Os locais ser\u00e3o liberados dia 23 de julho.<\/p>\n\n\n\n<p>Assim, nela os candidatos ter\u00e3o at\u00e9 tr\u00eas horas e meia para responderem a <strong>120\u00a0quest\u00f5es.<\/strong> Confira abaixo a divis\u00e3o das <strong>disciplinas<\/strong>:<\/p>\n\n\n\n<ul class=\"wp-block-list\"><li>L\u00edngua Portuguesa (18 quest\u00f5es);<\/li>\n\n\n\n<li>L\u00edngua Inglesa (12);<\/li>\n\n\n\n<li>No\u00e7\u00f5es de Estat\u00edstica\/Probabilidade (cinco);<\/li>\n\n\n\n<li>Racioc\u00ednio L\u00f3gico (dez);<\/li>\n\n\n\n<li>Legisla\u00e7\u00e3o acerca de Privacidade e Prote\u00e7\u00e3o de Dados Pessoais (cinco); e<\/li>\n\n\n\n<li>Conhecimentos Espec\u00edficos (70).<\/li>\n<\/ul><p><\/p>\n\n\n\n<p>Para as provas de conhecimentos aplicados, ser\u00e3o aprovados e encaminhados os <strong>2.160\u00a0<\/strong>classificados na\u00a0ampla concorr\u00eancia, os\u00a0<strong>720 <\/strong>primeiros\u00a0com defici\u00eancia e os <strong>720 <\/strong>para as vagas reservadas aos negros.<\/p>\n\n\n\n<p>Ademais, os exames abrangem, por meio da avalia\u00e7\u00e3o do resultado, a execu\u00e7\u00e3o de tarefas esperadas para o cargo, como a an\u00e1lise e desenvolvimento de sistemas, conhecimentos sobre computa\u00e7\u00e3o, programa\u00e7\u00e3o de sistemas, entre outros.<\/p>\n\n\n\n<p>Por fim, \u00e9 importante destacar que o\u00a0<strong>resultado final do concurso est\u00e1 previsto para o dia 20 de novembro<\/strong>.<\/p>","protected":false},"excerpt":{"rendered":"<p>Foi publicado o edital do\u00a0concurso Serpro\u00a0(Servi\u00e7o Federal de Processamento de Dados), com a oferta de 602 vagas\u00a0para cargos de n\u00edvel superior na \u00e1rea de tecnologia. N\u00e3o perca as inscri\u00e7\u00f5es! Resumo do edital Estude para o concurso dos seus sonhos com o\u00a0M\u00e9todo\u00a0que j\u00e1 ajudou na\u00a0aprova\u00e7\u00e3o de mais de 70 mil alunos.\u00a0Clique aqui\u00a0e saiba mais! Concurso Serpro: [&hellip;]<\/p>\n","protected":false},"author":54671,"featured_media":180171,"comment_status":"closed","ping_status":"closed","sticky":false,"template":"","format":"standard","meta":{"_acf_changed":false,"footnotes":"","_wp_rev_ctl_limit":""},"categories":[228],"tags":[],"class_list":["post-191646","post","type-post","status-publish","format-standard","has-post-thumbnail","hentry","category-noticias"],"acf":[],"_links":{"self":[{"href":"https:\/\/www.novaconcursos.com.br\/portal\/wp-json\/wp\/v2\/posts\/191646","targetHints":{"allow":["GET"]}}],"collection":[{"href":"https:\/\/www.novaconcursos.com.br\/portal\/wp-json\/wp\/v2\/posts"}],"about":[{"href":"https:\/\/www.novaconcursos.com.br\/portal\/wp-json\/wp\/v2\/types\/post"}],"author":[{"embeddable":true,"href":"https:\/\/www.novaconcursos.com.br\/portal\/wp-json\/wp\/v2\/users\/54671"}],"replies":[{"embeddable":true,"href":"https:\/\/www.novaconcursos.com.br\/portal\/wp-json\/wp\/v2\/comments?post=191646"}],"version-history":[{"count":6,"href":"https:\/\/www.novaconcursos.com.br\/portal\/wp-json\/wp\/v2\/posts\/191646\/revisions"}],"predecessor-version":[{"id":191662,"href":"https:\/\/www.novaconcursos.com.br\/portal\/wp-json\/wp\/v2\/posts\/191646\/revisions\/191662"}],"wp:featuredmedia":[{"embeddable":true,"href":"https:\/\/www.novaconcursos.com.br\/portal\/wp-json\/wp\/v2\/media\/180171"}],"wp:attachment":[{"href":"https:\/\/www.novaconcursos.com.br\/portal\/wp-json\/wp\/v2\/media?parent=191646"}],"wp:term":[{"taxonomy":"category","embeddable":true,"href":"https:\/\/www.novaconcursos.com.br\/portal\/wp-json\/wp\/v2\/categories?post=191646"},{"taxonomy":"post_tag","embeddable":true,"href":"https:\/\/www.novaconcursos.com.br\/portal\/wp-json\/wp\/v2\/tags?post=191646"}],"curies":[{"name":"wp","href":"https:\/\/api.w.org\/{rel}","templated":true}]}}