{"id":192096,"date":"2023-04-25T12:25:37","date_gmt":"2023-04-25T15:25:37","guid":{"rendered":"https:\/\/www.novaconcursos.com.br\/portal\/?p=192096"},"modified":"2023-04-25T12:25:40","modified_gmt":"2023-04-25T15:25:40","slug":"concursos-federais-2023-8-mil-vagas-podem-ser-autorizadas-ate-julho","status":"publish","type":"post","link":"https:\/\/www.novaconcursos.com.br\/portal\/noticias\/concursos-federais-2023-8-mil-vagas-podem-ser-autorizadas-ate-julho\/","title":{"rendered":"Concursos federais 2023: 8 mil vagas podem ser autorizadas at\u00e9 julho!"},"content":{"rendered":"<p>Um pacote de\u00a0<a href=\"https:\/\/www.novaconcursos.com.br\/portal\/concursos-previstos\/nacional\/\">concursos federais<\/a>\u00a0devem ser autorizados at\u00e9 o <strong>m\u00eas de julho<\/strong>; segundo a previs\u00e3o, ser\u00e3o 8 mil vagas em <strong>v\u00e1rios \u00f3rg\u00e3os e carreiras<\/strong>. Veja detalhes!<\/p>\n\n\n\n<ul class=\"wp-block-list\"><li><strong>Confira: <\/strong><a href=\"https:\/\/www.novaconcursos.com.br\/livro\/caderno-1000-questoes-gabaritadas-caixa\">Caderno 1.000 Quest\u00f5es Gabaritadas para Caixa<\/a><\/li>\n\n\n\n<li><strong>Confira:<\/strong> <a href=\"https:\/\/www.novaconcursos.com.br\/livro\/1000-questoes-gabaritadas-ibama-tecnico-ambiental\">Caderno 1.000 Quest\u00f5es Gabaritadas IBAMA \u2013 T\u00e9cnico Ambiental<\/a><\/li>\n<\/ul><p><\/p>\n\n\n\n<p>Estude para o concurso dos seus sonhos com o\u00a0<strong>M\u00e9todo<\/strong>\u00a0que j\u00e1 ajudou na\u00a0<strong>aprova\u00e7\u00e3o de mais de 70 mil alunos<\/strong>.\u00a0<a href=\"https:\/\/www.novaconcursos.com.br\/eventos\/assinatura\" target=\"_blank\" rel=\"noreferrer noopener\">Clique aqui<\/a>\u00a0e saiba mais!<\/p>\n\n\n\n<h2 class=\"wp-block-heading\" id=\"concursos-federais-podero-ser-autorizados-at-julho\">Concursos federais poder\u00e3o ser autorizados at\u00e9 julho<\/h2>\n\n\n\n<p>Portanto, cerca de\u00a0<strong>8 mil vagas <\/strong>em <a href=\"https:\/\/www.novaconcursos.com.br\/portal\/concursos-abertos\/nacional\">concursos <\/a>federais\u00a0devem ser autorizadas at\u00e9 julho, para \u00e1reas priorit\u00e1rias e com maior necessidade de servidores.<\/p>\n\n\n\n<ul class=\"wp-block-list\"><li><strong>Confira:<\/strong> <a href=\"https:\/\/www.novaconcursos.com.br\/livro\/questoes-pedagogico-a\">Livro de Quest\u00f5es Pedag\u00f3gico<\/a><\/li>\n\n\n\n<li>Confira: <a href=\"https:\/\/www.novaconcursos.com.br\/livro\/1000-questoes-gabaritadas-ibge\">Caderno 1.000 Quest\u00f5es Gabaritadas IBGE<\/a> <\/li>\n<\/ul><p><\/p>\n\n\n\n<p>Assim, a <strong>informa\u00e7\u00e3o <\/strong>foi confirmada pelo assessor especial da ministra da Gest\u00e3o e Inova\u00e7\u00e3o em Servi\u00e7os P\u00fablicos (MGI), Esther Dweck.\u00a0<\/p>\n\n\n\n<p>O assessor, Jos\u00e9 Celso Cardoso J\u00fanior, participou de uma <strong>reuni\u00e3o <\/strong>que tratou sobre concursos p\u00fablicos e nomea\u00e7\u00f5es. Sua fala foi dada segunda-feira, 24 de abril.<\/p>\n\n\n\n<p>Portanto, segundo ele, ser\u00e3o priorizados os editais para a\u00a0<strong>\u00e1rea ambiental, agr\u00e1ria, da cultura e educa\u00e7\u00e3o, al\u00e9m das ag\u00eancias reguladoras<\/strong>. <\/p>\n\n\n\n<p>Al\u00e9m disso, o assessor especial destacou tamb\u00e9m o foco para os concursos p\u00fablicos em aberto, com a nomea\u00e7\u00e3o de excedentes.<\/p>\n\n\n\n<p>Assim, ele confirmou pedidos de chamadas para o INSS, Controladoria-Geral da Uni\u00e3o (CGU), Instituto Brasileiro do Meio Ambiente e dos Recursos Naturais Renov\u00e1veis (Ibama),\u00a0Instituto Chico Mendes de Conserva\u00e7\u00e3o da Biodiversidade (ICMBio), entre outros.\u00a0<\/p>\n\n\n\n<p><em>\u201cEsther j\u00e1 havia informado que, antes de cogitar a abertura de novos concursos, a prioridade seria pelo aproveitamento dos certames em aberto, como \u00e9 o caso da CGU e da Abin, com o chamamento de 25% dessas carreiras\u201d<\/em>, citou Rudinei\u00a0Marques, presidente do Fonacate.<\/p>\n\n\n\n<p>Anteriormente, a ministra do Meio Ambiente e Mudan\u00e7a do Clima, Marina Silva, havia adiantado que o governo deve autorizar a chamada de excedentes dos concursos Ibama e ICMBio, abertos em 2021. <\/p>\n\n\n\n<p><em>\u201cJ\u00e1 conseguimos junto ao Minist\u00e9rio da Gest\u00e3o o concurso para o Ibama, para\u00a0o ICMBio e para o Minist\u00e9rio do Meio Ambiente. E vamos emergencialmente\u00a0<strong>convocar aqueles que fizeram concurso p\u00fablico e estavam na reserva<\/strong>, de forma emergencial. Isso \u00e9 um grande refor\u00e7o para essa \u00e1rea que foi completamente exaurida\u201d<\/em>, disse Marina Silva.<\/p>\n\n\n\n<h2 class=\"wp-block-heading\" id=\"primeiro-pacote-de-concursos-federais-est-perto-de-autorizao\">Primeiro pacote de concursos federais est\u00e1 perto de autoriza\u00e7\u00e3o<\/h2>\n\n\n\n<p>Mesmo com as informa\u00e7\u00f5es desta semana, j\u00e1 se dava a entender que novos concursos federais seriam autorizados em breve.<\/p>\n\n\n\n<p>Isso porque a ministra da Gest\u00e3o e da Inova\u00e7\u00e3o em Servi\u00e7os P\u00fablicos (MGI), Esther Dweck, j\u00e1 havia revelado essa informa\u00e7\u00e3o.<\/p>\n\n\n\n<p>Vale destacar que a ministra \u00e9 a respons\u00e1vel por <strong>analisar e autorizar <\/strong>os pedidos de concursos, no governo de Luiz In\u00e1cio Lula da Silva. <\/p>\n\n\n\n<p>Primeiro, a ministra havia confirmado que o primeiro pacote de concursos seria anunciado at\u00e9 10 de abril, o que n\u00e3o aconteceu; apenas o concurso do MTCI recebeu aval.<\/p>\n\n\n\n<p>Assim, o Minist\u00e9rio da Ci\u00eancia e Tecnologia em Inova\u00e7\u00e3o tem autoriza\u00e7\u00e3o para preencher\u00a0814 vagas\u00a0de analista, tecnologista e pesquisador. <\/p>\n\n\n\n<p>Por outro lado, outra ministra, a do Planejamento e Or\u00e7amento, Simone Tebet,\u00a0confirmou autoriza\u00e7\u00f5es para o\u00a0IBGE\u00a0(Instituto Brasileiro de Geografia e Estat\u00edstica), Ipea (Instituto de Pesquisa Econ\u00f4mica Aplicada) e Receita Federal. <\/p>\n\n\n\n<blockquote class=\"wp-block-quote is-layout-flow wp-block-quote-is-layout-flow\">\n<p>\u201cVai ter concurso para o IBGE, concurso para o Ipea, concurso para auditores, concurso para a Receita\u201d, disse Tebet, no dia 13 de abril.<\/p>\n\n\n\n<h2 class=\"wp-block-heading\" id=\"quais-concursos-podem-ser-autorizados-em-2023\">Quais concursos podem ser autorizados em 2023?<\/h2>\n<\/blockquote>\n\n\n\n<p>Sendo assim, de acordo com as falas das ministras e tamb\u00e9m do assessor de uma delas, v\u00e1rios <a href=\"https:\/\/www.novaconcursos.com.br\/portal\/concursos-previstos\/nacional\">concursos <\/a><strong>poder\u00e3o ser abertos em 2023<\/strong>. Veja abaixo a lista deles:<\/p>\n\n\n\n<ul class=\"wp-block-list\"><li>Auditor fiscal do trabalho (AFT);<\/li>\n\n\n\n<li>\u00c1rea administrativa da Pol\u00edcia Federal;<\/li>\n\n\n\n<li>INSS;<\/li>\n\n\n\n<li>Banco Central;<\/li>\n\n\n\n<li>IBGE;<\/li>\n\n\n\n<li>Ibama;<\/li>\n\n\n\n<li>ICMBio;<\/li>\n\n\n\n<li>Comiss\u00e3o de Valores Mobili\u00e1rios (CVM);<\/li>\n\n\n\n<li>Ag\u00eancias Reguladoras.<\/li>\n\n\n\n<li>Funai <\/li>\n<\/ul><p><\/p>\n\n\n\n<p>Lembrando que a informa\u00e7\u00e3o acima \u00e9<strong> apenas uma previs\u00e3o<\/strong>, levando em considera\u00e7\u00e3o as \u00faltimas falas das pastas respons\u00e1veis por concursos no pa\u00eds.<\/p>\n\n\n\n<h2 class=\"wp-block-heading\" id=\"concursos-federais-reajuste-salarial-foi-proposto\">Concursos federais: Reajuste salarial foi proposto<\/h2>\n\n\n\n<p>Portanto, o governo federal confirmou, no fim da tarde da \u00faltima sexta-feira (10\/03), a proposta de reajuste salarial linear de<strong>\u00a09% para os servidores\u00a0<\/strong>p\u00fablicos federais aprovados em\u00a0concursos\u00a0.<\/p>\n\n\n\n<p>Vale destacar que esta foi a terceira rodada de negocia\u00e7\u00f5es, que ocorreu ainda \u00e0 tarde e o andamento das negocia\u00e7\u00f5es\u00a0j\u00e1 havia sido adiantado pelo F\u00f3rum Nacional Permanente de Carreiras T\u00edpicas de Estado (Fonacate).<\/p>\n\n\n\n<p>Al\u00e9m dos 9% no sal\u00e1rio linear para todos os servidores a partir de maio, o governo prop\u00f5e um acr\u00e9scimo de\u00a0<strong>R$ 200 no aux\u00edlio-alimenta\u00e7\u00e3o.<\/strong><\/p>\n\n\n\n<p>Assim, o valor do aux\u00edlio<strong>\u00a0passaria ent\u00e3o de R$ 458,00 para R$ 658,00<\/strong>, ou seja, um bom aumento.<\/p>\n\n\n\n<p>Segundo o Minist\u00e9rio da Gest\u00e3o e da Inova\u00e7\u00e3o em Servi\u00e7os P\u00fablicos, a proposta do governo tem impacto nos cofres de\u00a0<strong>R$ 11,2 bilh\u00f5es<\/strong>, j\u00e1 previsto no or\u00e7amento deste ano.<\/p>\n\n\n\n<h2 class=\"wp-block-heading\" id=\"-concursos-federais-iseno-de-taxa-para-doadores-de-sangue-e-\"> Concursos Federais: Isen\u00e7\u00e3o de taxa para doadores de sangue e medula \u00f3ssea<\/h2>\n\n\n\n<p>Sendo assim, um projeto de lei visa<strong>\u00a0conceder isen\u00e7\u00e3o<\/strong>\u00a0de taxa de inscri\u00e7\u00f5es em\u00a0concursos\u00a0federais pelo pa\u00eds para doadores de sangue, plaquetas e medula \u00f3ssea.<\/p>\n\n\n\n<p>Vale destacar que o projeto de lei 463\/2023 \u00e9 de\u00a0<strong>autoria\u00a0<\/strong>do deputado Fernando M\u00e1ximo (Uni\u00e3o RO) e foi apresentado na \u00faltima segunda-feira (13\/02).<\/p>\n\n\n\n<p>Portanto, o projeto agora deve seguir para\u00a0<strong>an\u00e1lise nas diversas comiss\u00f5es<\/strong>, antes de ser votada, em definitivo, no plen\u00e1rio da casa. <a href=\"https:\/\/www.novaconcursos.com.br\/portal\/noticias\/concursos-federais-isencao-de-taxa-para-doadores-de-sangue-e-medula-ossea\/\">Veja detalhes<\/a>!<\/p>\n\n\n\n<p>Entretanto, para obter o benef\u00edcio, ser\u00e1 preciso comprovar ao menos tr\u00eas doa\u00e7\u00f5es de sangue nos \u00faltimos 18 meses. Ou ent\u00e3o, apresentar uma doa\u00e7\u00e3o de plaquetas ou inscri\u00e7\u00e3o no banco de dados de doadores volunt\u00e1rios de medula \u00f3ssea.\u00a0\u00a0<\/p>","protected":false},"excerpt":{"rendered":"<p>Um pacote de\u00a0concursos federais\u00a0devem ser autorizados at\u00e9 o m\u00eas de julho; segundo a previs\u00e3o, ser\u00e3o 8 mil vagas em v\u00e1rios \u00f3rg\u00e3os e carreiras. Veja detalhes! Estude para o concurso dos seus sonhos com o\u00a0M\u00e9todo\u00a0que j\u00e1 ajudou na\u00a0aprova\u00e7\u00e3o de mais de 70 mil alunos.\u00a0Clique aqui\u00a0e saiba mais! Concursos federais poder\u00e3o ser autorizados at\u00e9 julho Portanto, cerca [&hellip;]<\/p>\n","protected":false},"author":54671,"featured_media":161743,"comment_status":"closed","ping_status":"closed","sticky":false,"template":"","format":"standard","meta":{"_acf_changed":false,"footnotes":"","_wp_rev_ctl_limit":""},"categories":[228],"tags":[],"class_list":["post-192096","post","type-post","status-publish","format-standard","has-post-thumbnail","hentry","category-noticias"],"acf":[],"_links":{"self":[{"href":"https:\/\/www.novaconcursos.com.br\/portal\/wp-json\/wp\/v2\/posts\/192096","targetHints":{"allow":["GET"]}}],"collection":[{"href":"https:\/\/www.novaconcursos.com.br\/portal\/wp-json\/wp\/v2\/posts"}],"about":[{"href":"https:\/\/www.novaconcursos.com.br\/portal\/wp-json\/wp\/v2\/types\/post"}],"author":[{"embeddable":true,"href":"https:\/\/www.novaconcursos.com.br\/portal\/wp-json\/wp\/v2\/users\/54671"}],"replies":[{"embeddable":true,"href":"https:\/\/www.novaconcursos.com.br\/portal\/wp-json\/wp\/v2\/comments?post=192096"}],"version-history":[{"count":4,"href":"https:\/\/www.novaconcursos.com.br\/portal\/wp-json\/wp\/v2\/posts\/192096\/revisions"}],"predecessor-version":[{"id":192111,"href":"https:\/\/www.novaconcursos.com.br\/portal\/wp-json\/wp\/v2\/posts\/192096\/revisions\/192111"}],"wp:featuredmedia":[{"embeddable":true,"href":"https:\/\/www.novaconcursos.com.br\/portal\/wp-json\/wp\/v2\/media\/161743"}],"wp:attachment":[{"href":"https:\/\/www.novaconcursos.com.br\/portal\/wp-json\/wp\/v2\/media?parent=192096"}],"wp:term":[{"taxonomy":"category","embeddable":true,"href":"https:\/\/www.novaconcursos.com.br\/portal\/wp-json\/wp\/v2\/categories?post=192096"},{"taxonomy":"post_tag","embeddable":true,"href":"https:\/\/www.novaconcursos.com.br\/portal\/wp-json\/wp\/v2\/tags?post=192096"}],"curies":[{"name":"wp","href":"https:\/\/api.w.org\/{rel}","templated":true}]}}