{"id":192424,"date":"2023-04-27T14:09:50","date_gmt":"2023-04-27T17:09:50","guid":{"rendered":"https:\/\/www.novaconcursos.com.br\/portal\/?p=192424"},"modified":"2023-04-27T14:09:52","modified_gmt":"2023-04-27T17:09:52","slug":"concursos-federais-aprovado-reajuste-salarial-de-9-aos-servidores","status":"publish","type":"post","link":"https:\/\/www.novaconcursos.com.br\/portal\/noticias\/concursos-federais-aprovado-reajuste-salarial-de-9-aos-servidores\/","title":{"rendered":"Concursos Federais: Aprovado reajuste salarial de 9% aos servidores!"},"content":{"rendered":"<p>\u00d3tima not\u00edcia, concurseiros! O Congresso aprovou o reajuste salarial de 9% para os servidores aprovados em\u00a0<a href=\"https:\/\/www.novaconcursos.com.br\/portal\/concursos-abertos\/nacional\">concursos federais<\/a> do\u00a0<strong>Poder Executivo Federal<\/strong>. Veja detalhes!<\/p>\n\n\n\n<ul class=\"wp-block-list\"><li><strong>Confira:<\/strong> <a href=\"https:\/\/www.novaconcursos.com.br\/apostila\/basico-concursos\">Apostila B\u00e1sico para Concursos<\/a><\/li>\n\n\n\n<li><strong>Confira: <\/strong><a href=\"https:\/\/www.novaconcursos.com.br\/livro\/1000-questoes-gabaritadas-conteudos-basicos-concursos\">Livro 1.000 Quest\u00f5es Gabaritadas de Conte\u00fados B\u00e1sicos para Concursos<\/a><\/li>\n<\/ul><p><\/p>\n\n\n\n<p>Estude para o concurso dos seus sonhos com o\u00a0<strong>M\u00e9todo<\/strong>\u00a0que j\u00e1 ajudou na\u00a0<strong>aprova\u00e7\u00e3o de mais de 70 mil alunos<\/strong>.\u00a0<a href=\"https:\/\/www.novaconcursos.com.br\/eventos\/assinatura\" target=\"_blank\" rel=\"noreferrer noopener\">Clique aqui<\/a>\u00a0e saiba mais!<\/p>\n\n\n\n<h2 class=\"wp-block-heading\" id=\"concursos-federais-congresso-aprova-reajuste-aos-servidores\">Concursos Federais: Congresso aprova reajuste aos servidores<\/h2>\n\n\n\n<p>Em sess\u00e3o conjunta do Congresso Nacional, senadores e deputados federais aprovaram, nesta quarta-feira (26\/4),\u00a0em vota\u00e7\u00e3o simb\u00f3lica o <strong>Projeto de Lei (PLN) 2\/2023. <\/strong><\/p>\n\n\n\n<p>Assim, o texto, enviado pelo Poder Executivo, autoriza o reajuste de servidores p\u00fablicos federais. Entretanto, o projeto agora vai <strong>\u00e0 san\u00e7\u00e3o presidencial.<\/strong>\u00a0<\/p>\n\n\n\n<p>Vale destacar que o reajuste foi <strong>negociado <\/strong>pelo Minist\u00e9rio da Gest\u00e3o e da Inova\u00e7\u00e3o em Servi\u00e7os P\u00fablicos na Mesa Permanente de Negocia\u00e7\u00e3o com os servidores. <\/p>\n\n\n\n<p>Ademais, o Minist\u00e9rio da Gest\u00e3o e as entidades representativas de servidores p\u00fablicos federais chegaram a um consenso e assinaram, no dia 24 de mar\u00e7o, o Termo de Acordo n\u00b0 1\/2023 sobre o reajuste\u00a0salarial da categoria. <\/p>\n\n\n\n<h3 class=\"wp-block-heading\">Como ser\u00e1 o aumento?<\/h3>\n\n\n\n<p>Assim, a proposta do governo aceita pelas entidades \u00e9 de 9% de aumento salarial linear para todos os servidores a partir de maio.<\/p>\n\n\n\n<p>Portanto, para ser pago dia 1\u00ba de junho. Al\u00e9m disso, um aumento de 43,6%, representando R$200 a mais no aux\u00edlio-alimenta\u00e7\u00e3o: passando de\u00a0R$ 458,00 para R$ 658,00.\u00a0<\/p>\n\n\n\n<p>Posteriormente, os efeitos financeiros come\u00e7am a valer a partir da folha do m\u00eas de abril, com pagamentos a partir de 1\u00ba de maio.\u00a0<\/p>\n\n\n\n<p><em>\u201cAgrade\u00e7o ao Congresso pela sensibilidade em aprovar o PLN 2\/2023 que autoriza\u00a0o\u00a0reajuste dos servidores federais.\u00a0Agora colocaremos em pr\u00e1tica o acordo fechado na Mesa de Negocia\u00e7\u00e3o, o\u00a0primeiro\u00a0desde 2016. \u00c9 a vit\u00f3ria dos servidores e compromisso do presidente Lula\u00a0em reconstruir o Estado\u201d,<\/em> afirmou a ministra Esther\u00a0Dweck.\u00a0<\/p>\n\n\n\n<h3 class=\"wp-block-heading\">Mesa de Negocia\u00e7\u00e3o\u00a0<\/h3>\n\n\n\n<p>O aumento salarial dos servidores p\u00fablicos federais foi consensuado por meio da Mesa de Negocia\u00e7\u00e3o Permanente, reaberta em 2023, ap\u00f3s ter sido interrompida em 2016. <\/p>\n\n\n\n<p>Com isso, o governo retomou o di\u00e1logo com os servidores p\u00fablicos e voltou a liderar a constru\u00e7\u00e3o de canais participativos, reconhecendo a valoriza\u00e7\u00e3o das rela\u00e7\u00f5es do trabalho como pressuposto para a democratiza\u00e7\u00e3o do Estado.\u00a0<\/p>\n\n\n\n<p>Vale destacar que foi o primeiro acordo para reajuste entre governo e servidores desde 2016.\u00a0<\/p>\n\n\n\n<p>Para a concess\u00e3o do aumento no aux\u00edlio alimenta\u00e7\u00e3o, o Minist\u00e9rio do Planejamento e Or\u00e7amento (MPO) realizou um remanejamento de despesa de pessoal para benef\u00edcios, sem que o valor total aumentasse. <\/p>\n\n\n\n<p>A altera\u00e7\u00e3o j\u00e1 foi realizada no Relat\u00f3rio de Avalia\u00e7\u00e3o de Receitas e Despesas Prim\u00e1rias da pasta. <\/p>\n\n\n\n<p>Para a concess\u00e3o do reajuste salarial linear de 9%, o governo enviou ao Congresso Nacional o Projeto de Lei,\u00a0aprovado por deputados e senadores\u00a0nesta\u00a0quarta-feira.\u00a0<\/p>\n\n\n\n<h2 class=\"wp-block-heading\" id=\"concursos-federais-2023-8-mil-vagas-podem-ser-autorizadas-at\">Concursos federais 2023: 8 mil vagas podem ser autorizadas at\u00e9 julho<\/h2>\n\n\n\n<p>Portanto, cerca de\u00a0<strong>8 mil vagas\u00a0<\/strong>em\u00a0<a href=\"https:\/\/www.novaconcursos.com.br\/portal\/concursos-previstos\/nacional\">concursos\u00a0<\/a>federais\u00a0devem ser autorizadas at\u00e9 julho, para \u00e1reas priorit\u00e1rias e com maior necessidade de servidores.<\/p>\n\n\n\n<p>Assim, a\u00a0<strong>informa\u00e7\u00e3o\u00a0<\/strong>foi confirmada pelo assessor especial da ministra da Gest\u00e3o e Inova\u00e7\u00e3o em Servi\u00e7os P\u00fablicos (MGI), Esther Dweck.\u00a0<\/p>\n\n\n\n<p>Portanto, segundo ele, ser\u00e3o priorizados os editais para a\u00a0<strong>\u00e1rea ambiental, agr\u00e1ria, da cultura e educa\u00e7\u00e3o, al\u00e9m das ag\u00eancias reguladoras<\/strong>.<\/p>\n\n\n\n<p>Al\u00e9m disso, o assessor especial destacou tamb\u00e9m o foco para os concursos p\u00fablicos em aberto, com a nomea\u00e7\u00e3o de excedentes.<\/p>\n\n\n\n<p>Assim, ele confirmou pedidos de chamadas para o INSS, Controladoria-Geral da Uni\u00e3o (CGU), Instituto Brasileiro do Meio Ambiente e dos Recursos Naturais Renov\u00e1veis (Ibama),\u00a0Instituto Chico Mendes de Conserva\u00e7\u00e3o da Biodiversidade (ICMBio), entre outros.\u00a0<\/p>\n\n\n\n<p><em>\u201cEsther j\u00e1 havia informado que, antes de cogitar a abertura de novos concursos, a prioridade seria pelo aproveitamento dos certames em aberto, como \u00e9 o caso da CGU e da Abin, com o chamamento de 25% dessas carreiras\u201d<\/em>, citou Rudinei\u00a0Marques, presidente do Fonacate.<\/p>\n\n\n\n<p>Sendo assim, de acordo com as falas das ministras e tamb\u00e9m do assessor de uma delas, v\u00e1rios\u00a0concursos <strong>poder\u00e3o ser abertos em 2023<\/strong>. Veja abaixo a lista deles:<\/p>\n\n\n\n<ul class=\"wp-block-list\"><li>Auditor fiscal do trabalho (AFT);<\/li>\n\n\n\n<li>\u00c1rea administrativa da Pol\u00edcia Federal;<\/li>\n\n\n\n<li>INSS;<\/li>\n\n\n\n<li>Banco Central;<\/li>\n\n\n\n<li>IBGE;<\/li>\n\n\n\n<li>Ibama;<\/li>\n\n\n\n<li>ICMBio;<\/li>\n\n\n\n<li>Comiss\u00e3o de Valores Mobili\u00e1rios (CVM);<\/li>\n\n\n\n<li>Ag\u00eancias Reguladoras.<\/li>\n\n\n\n<li>Funai<\/li>\n<\/ul><p><\/p>\n\n\n\n<p>Lembrando que a informa\u00e7\u00e3o acima \u00e9<strong>\u00a0apenas uma previs\u00e3o<\/strong>, levando em considera\u00e7\u00e3o as \u00faltimas falas das pastas respons\u00e1veis por concursos no pa\u00eds.<\/p>","protected":false},"excerpt":{"rendered":"<p>\u00d3tima not\u00edcia, concurseiros! O Congresso aprovou o reajuste salarial de 9% para os servidores aprovados em\u00a0concursos federais do\u00a0Poder Executivo Federal. Veja detalhes! Estude para o concurso dos seus sonhos com o\u00a0M\u00e9todo\u00a0que j\u00e1 ajudou na\u00a0aprova\u00e7\u00e3o de mais de 70 mil alunos.\u00a0Clique aqui\u00a0e saiba mais! Concursos Federais: Congresso aprova reajuste aos servidores Em sess\u00e3o conjunta do Congresso [&hellip;]<\/p>\n","protected":false},"author":54671,"featured_media":161743,"comment_status":"closed","ping_status":"closed","sticky":false,"template":"","format":"standard","meta":{"_acf_changed":false,"footnotes":"","_wp_rev_ctl_limit":""},"categories":[228],"tags":[],"class_list":["post-192424","post","type-post","status-publish","format-standard","has-post-thumbnail","hentry","category-noticias"],"acf":[],"_links":{"self":[{"href":"https:\/\/www.novaconcursos.com.br\/portal\/wp-json\/wp\/v2\/posts\/192424","targetHints":{"allow":["GET"]}}],"collection":[{"href":"https:\/\/www.novaconcursos.com.br\/portal\/wp-json\/wp\/v2\/posts"}],"about":[{"href":"https:\/\/www.novaconcursos.com.br\/portal\/wp-json\/wp\/v2\/types\/post"}],"author":[{"embeddable":true,"href":"https:\/\/www.novaconcursos.com.br\/portal\/wp-json\/wp\/v2\/users\/54671"}],"replies":[{"embeddable":true,"href":"https:\/\/www.novaconcursos.com.br\/portal\/wp-json\/wp\/v2\/comments?post=192424"}],"version-history":[{"count":4,"href":"https:\/\/www.novaconcursos.com.br\/portal\/wp-json\/wp\/v2\/posts\/192424\/revisions"}],"predecessor-version":[{"id":192429,"href":"https:\/\/www.novaconcursos.com.br\/portal\/wp-json\/wp\/v2\/posts\/192424\/revisions\/192429"}],"wp:featuredmedia":[{"embeddable":true,"href":"https:\/\/www.novaconcursos.com.br\/portal\/wp-json\/wp\/v2\/media\/161743"}],"wp:attachment":[{"href":"https:\/\/www.novaconcursos.com.br\/portal\/wp-json\/wp\/v2\/media?parent=192424"}],"wp:term":[{"taxonomy":"category","embeddable":true,"href":"https:\/\/www.novaconcursos.com.br\/portal\/wp-json\/wp\/v2\/categories?post=192424"},{"taxonomy":"post_tag","embeddable":true,"href":"https:\/\/www.novaconcursos.com.br\/portal\/wp-json\/wp\/v2\/tags?post=192424"}],"curies":[{"name":"wp","href":"https:\/\/api.w.org\/{rel}","templated":true}]}}