{"id":192756,"date":"2023-05-02T12:54:15","date_gmt":"2023-05-02T15:54:15","guid":{"rendered":"https:\/\/www.novaconcursos.com.br\/portal\/?p=192756"},"modified":"2023-05-02T12:54:19","modified_gmt":"2023-05-02T15:54:19","slug":"concurso-mec-selecao-estara-no-segundo-bloco-de-autorizacoes-informa-ministra","status":"publish","type":"post","link":"https:\/\/www.novaconcursos.com.br\/portal\/noticias\/concurso-mec-selecao-estara-no-segundo-bloco-de-autorizacoes-informa-ministra\/","title":{"rendered":"Concurso MEC: Sele\u00e7\u00e3o estar\u00e1 no segundo bloco de autoriza\u00e7\u00f5es, informa Ministra!"},"content":{"rendered":"<p>Um novo\u00a0<a href=\"https:\/\/www.novaconcursos.com.br\/portal\/concursos-abertos\/\">concurso MEC<\/a>\u00a0(Minist\u00e9rio da Educa\u00e7\u00e3o) deve ser publicado ainda esse ano. Mas, o Governo Federal deve anunciar o edital no <strong>segundo lote de autoriza\u00e7\u00f5es<\/strong>; entenda!<\/p>\n\n\n\n<ul class=\"wp-block-list\"><li><strong>Confira:<\/strong> <a href=\"https:\/\/www.novaconcursos.com.br\/livro\/1000-questoes-gabaritadas-conteudos-basicos-concursos\">Livro 1.000 Quest\u00f5es Gabaritadas de Conte\u00fados B\u00e1sicos para Concursos<\/a><\/li>\n\n\n\n<li><strong>Confira: <\/strong><a href=\"https:\/\/www.novaconcursos.com.br\/apostila\/carreiras-educacionais-professor\">Apostila Carreiras Educacionais 2022 \u2013 Professor<\/a><\/li>\n<\/ul><p><\/p>\n\n\n\n<p>Estude para o concurso dos seus sonhos com o\u00a0<strong>M\u00e9todo<\/strong>\u00a0que j\u00e1 ajudou na\u00a0<strong>aprova\u00e7\u00e3o de mais de 70 mil alunos<\/strong>.\u00a0<a href=\"https:\/\/www.novaconcursos.com.br\/eventos\/assinatura\" target=\"_blank\" rel=\"noreferrer noopener\">Clique aqui<\/a>\u00a0e saiba mais!<\/p>\n\n\n\n<h2 class=\"wp-block-heading\" id=\"concurso-mec-quando-sai-o-edital\">Concurso MEC: quando sai o edital?<\/h2>\n\n\n\n<p>Um novo\u00a0<a href=\"https:\/\/www.novaconcursos.com.br\/portal\/concursos-previstos\/nacional\">concurso <\/a>para o Minist\u00e9rio da Educa\u00e7\u00e3o pode sair ainda esse ano, mas, deve ficar para o <strong>segundo semestre.<\/strong><\/p>\n\n\n\n<p>Isso porque o Governo Federal deve anunciar o edital no segundo lote de autoriza\u00e7\u00f5es, segundo informa\u00e7\u00e3o revelada pela\u00a0ministra da Gest\u00e3o e Inova\u00e7\u00e3o em Servi\u00e7os P\u00fablicos, <strong>Esther Dweck<\/strong>.<\/p>\n\n\n\n<p>Isso porque a confirma\u00e7\u00e3o foi feita durante\u00a0<strong>entrevista <\/strong>ao Correio Braziliense, quando detalhou as \u00e1reas, algumas ofertas de vagas e previs\u00f5es.<\/p>\n\n\n\n<p>Al\u00e9m disso, a segunda leva de editais deve ter ainda documentos para o <strong>Minist\u00e9rio do Planejamento, do Trabalho <\/strong>e para efetivos do<strong> IBGE.<\/strong><\/p>\n\n\n\n<blockquote class=\"wp-block-quote is-layout-flow wp-block-quote-is-layout-flow\">\n<p><em>\u201cTem um concurso grande do IBGE (Instituto Brasileiro de Geografia e Estat\u00edstica que ainda estamos fechando e estou tentando fazer um pacote de minist\u00e9rios. No caso do MMA, vai sair sozinho porque Ibama e ICMBio est\u00e3o com concursos abertos agora. Assim, a gente deve priorizar o provimento. Os minist\u00e9rios de Educa\u00e7\u00e3o, do Planejamento e do Trabalho estar\u00e3o na segunda leva, inclusive o do IBGE\u201d<\/em>, disse a ministra.<\/p>\n\n\n\n<h3 class=\"wp-block-heading\">Previs\u00e3o de vagas<\/h3>\n\n\n\n<p>Anteriormente, a ministra j\u00e1 havia informado que o <strong>n\u00edvel superior<\/strong> seria ofertado, isso porque o \u00faltimo edital teve mais vagas para o <strong>n\u00edvel m\u00e9dio.<\/strong><\/p>\n\n\n\n<p>Entretanto, o Minist\u00e9rio da Educa\u00e7\u00e3o n\u00e3o confirmou <strong>quantas vagas <\/strong>ser\u00e3o solicitadas para o edital; mas, informou que ser\u00e3o para preencher os cargos vagos.<\/p>\n<\/blockquote>\n\n\n\n<blockquote class=\"wp-block-quote is-layout-flow wp-block-quote-is-layout-flow\">\n<p><em>\u201cO quantitativo de vagas e os cargos solicitados ser\u00e3o informados oportunamente ap\u00f3s o levantamento e autoriza\u00e7\u00e3o do Minist\u00e9rio da Gest\u00e3o e da Inova\u00e7\u00e3o em Servi\u00e7os P\u00fablicos \u2013 MGI. Da mesma forma, ainda n\u00e3o \u00e9 poss\u00edvel determinar, ou prever, a data de publica\u00e7\u00e3o de edital de uma poss\u00edvel autoriza\u00e7\u00e3o para a realiza\u00e7\u00e3o de concurso, tendo em vista os v\u00e1rios fatores envolvidos na realiza\u00e7\u00e3o desse tipo de evento\u201d<\/em>, disse o MEC.<\/p>\n<\/blockquote>\n\n\n\n<blockquote class=\"wp-block-quote is-layout-flow wp-block-quote-is-layout-flow\">\n<h3 class=\"wp-block-heading\">Dois concursos anunciados <\/h3>\n\n\n\n<p>Assim, vale destacar que a primeira leva de concursos j\u00e1 foi anunciada nesta dia 2 de abril, sendo para a <strong>Funai <\/strong>e para o <strong>Minist\u00e9rio do Meio Ambiente.<\/strong><\/p>\n\n\n\n<h2 class=\"wp-block-heading\" id=\"como-foi-o-ltimo-concurso-mec\">Como foi o \u00faltimo concurso MEC?<\/h2>\n\n\n\n<p>Posteriormente, o \u00faltimo concurso do Minist\u00e9rio da Educa\u00e7\u00e3o (MEC) foi realizado em 2009, ou seja, 14 anos atr\u00e1s. <\/p>\n\n\n\n<p>Assim, na ocasi\u00e3o, foram ofertadas\u00a0<strong>265 vagas<\/strong>\u00a0para o cargo de<strong>\u00a0Agente Administrativo<\/strong>, exig\u00eancia de n\u00edvel m\u00e9dio.<\/p>\n\n\n\n<p>Al\u00e9m disso, os aprovados foram submetidos a jornadas de trabalho de\u00a0<strong>40 horas semanais<\/strong>, com sal\u00e1rios iniciais no valor de R$ 1.901,47.<\/p>\n\n\n\n<p>Ademais, a banca organizadora foi o Cebraspe (Cespe) e avaliou os candidatos por meio de provas objetivas compostas de\u00a0<strong>120 quest\u00f5es<\/strong>, acerca das seguintes disciplinas:<\/p>\n\n\n\n<ul class=\"wp-block-list\"><li>Conhecimentos B\u00e1sicos: 70 quest\u00f5es\n<ul class=\"wp-block-list\"><li>L\u00edngua Portuguesa<\/li>\n\n\n\n<li>Atualidades<\/li>\n\n\n\n<li>No\u00e7\u00f5es de Inform\u00e1tica\u00a0 \u00a0\u00a0<\/li>\n<\/ul><\/li>\n\n\n\n<li>Conhecimentos Espec\u00edficos: 50 quest\u00f5es<\/li>\n<\/ul><\/blockquote>\n\n\n\n<p><\/p>\n\n\n\n<h3 class=\"wp-block-heading\">Quais as atribui\u00e7\u00f5es do cargo?<\/h3>\n\n\n\n<p>Portanto, \u00e9 importante que os interessados saibam as <strong>atribui\u00e7\u00f5es dos cargos<\/strong>. Assim, no \u00faltimo concurso os aprovados foram respons\u00e1veis por:<\/p>\n\n\n\n<ul class=\"wp-block-list\"><li>Realizar atividades de n\u00edvel m\u00e9dio, de natureza repetitiva, relacionadas com a elabora\u00e7\u00e3o de c\u00e1lculos aritm\u00e9ticos e estat\u00edsticos simples, em busca de dados e<br>informa\u00e7\u00f5es, envolvendo a necessidade de contatos com interessados e o p\u00fablico em geral e abrangendo: execu\u00e7\u00e3o, sob permanente supervis\u00e3o e orienta\u00e7\u00e3o direta, administrativa e t\u00e9cnica, de trabalhos de rotina administrativa relacionadas com quest\u00f5es referentes a pessoal, or\u00e7amento e material;<\/li>\n\n\n\n<li>Trabalhos auxiliares de classifica\u00e7\u00e3o, codifica\u00e7\u00e3o, cataloga\u00e7\u00e3o e arquivamento de pap\u00e9is e documentos; trabalhos auxiliares de atendimento ao p\u00fablico e \u00e0 clientela interessada em quest\u00f5es ligadas a unidades administrativas, burocr\u00e1ticas e hospitalares.<\/li>\n<\/ul>","protected":false},"excerpt":{"rendered":"<p>Um novo\u00a0concurso MEC\u00a0(Minist\u00e9rio da Educa\u00e7\u00e3o) deve ser publicado ainda esse ano. Mas, o Governo Federal deve anunciar o edital no segundo lote de autoriza\u00e7\u00f5es; entenda! Estude para o concurso dos seus sonhos com o\u00a0M\u00e9todo\u00a0que j\u00e1 ajudou na\u00a0aprova\u00e7\u00e3o de mais de 70 mil alunos.\u00a0Clique aqui\u00a0e saiba mais! Concurso MEC: quando sai o edital? Um novo\u00a0concurso para [&hellip;]<\/p>\n","protected":false},"author":54671,"featured_media":191997,"comment_status":"closed","ping_status":"closed","sticky":false,"template":"","format":"standard","meta":{"_acf_changed":false,"footnotes":"","_wp_rev_ctl_limit":""},"categories":[228],"tags":[],"class_list":["post-192756","post","type-post","status-publish","format-standard","has-post-thumbnail","hentry","category-noticias"],"acf":[],"_links":{"self":[{"href":"https:\/\/www.novaconcursos.com.br\/portal\/wp-json\/wp\/v2\/posts\/192756","targetHints":{"allow":["GET"]}}],"collection":[{"href":"https:\/\/www.novaconcursos.com.br\/portal\/wp-json\/wp\/v2\/posts"}],"about":[{"href":"https:\/\/www.novaconcursos.com.br\/portal\/wp-json\/wp\/v2\/types\/post"}],"author":[{"embeddable":true,"href":"https:\/\/www.novaconcursos.com.br\/portal\/wp-json\/wp\/v2\/users\/54671"}],"replies":[{"embeddable":true,"href":"https:\/\/www.novaconcursos.com.br\/portal\/wp-json\/wp\/v2\/comments?post=192756"}],"version-history":[{"count":6,"href":"https:\/\/www.novaconcursos.com.br\/portal\/wp-json\/wp\/v2\/posts\/192756\/revisions"}],"predecessor-version":[{"id":192768,"href":"https:\/\/www.novaconcursos.com.br\/portal\/wp-json\/wp\/v2\/posts\/192756\/revisions\/192768"}],"wp:featuredmedia":[{"embeddable":true,"href":"https:\/\/www.novaconcursos.com.br\/portal\/wp-json\/wp\/v2\/media\/191997"}],"wp:attachment":[{"href":"https:\/\/www.novaconcursos.com.br\/portal\/wp-json\/wp\/v2\/media?parent=192756"}],"wp:term":[{"taxonomy":"category","embeddable":true,"href":"https:\/\/www.novaconcursos.com.br\/portal\/wp-json\/wp\/v2\/categories?post=192756"},{"taxonomy":"post_tag","embeddable":true,"href":"https:\/\/www.novaconcursos.com.br\/portal\/wp-json\/wp\/v2\/tags?post=192756"}],"curies":[{"name":"wp","href":"https:\/\/api.w.org\/{rel}","templated":true}]}}