{"id":193267,"date":"2023-05-05T10:09:50","date_gmt":"2023-05-05T13:09:50","guid":{"rendered":"https:\/\/www.novaconcursos.com.br\/portal\/?p=193267"},"modified":"2025-05-06T17:07:41","modified_gmt":"2025-05-06T20:07:41","slug":"concursos-pm-e-bombeiros-pl-estabelece-limite-de-idade","status":"publish","type":"post","link":"https:\/\/www.novaconcursos.com.br\/portal\/noticias\/concursos-pm-e-bombeiros-pl-estabelece-limite-de-idade\/","title":{"rendered":"Concursos PM e Bombeiros: Aprovado PL que estabelece idade m\u00e1xima de ingresso!"},"content":{"rendered":"<p>A Comiss\u00e3o de Seguran\u00e7a P\u00fablica da C\u00e2mara dos Deputados aprovou o <a href=\"https:\/\/www.camara.leg.br\/proposicoesWeb\/fichadetramitacao?idProposicao=2242794\" target=\"_blank\" rel=\"noreferrer noopener\">Projeto de Lei 1469\/20<\/a>, que estabelece idade m\u00e1xima para ingresso nos concursos PM e Bombeiros. Confira!<\/p>\n\n\n\n<p>De acordo com o documento, a <strong>idade m\u00e1xima <\/strong>para os quadros de oficiais e pra\u00e7as ser\u00e1 de <strong>35 anos<\/strong>, j\u00e1 para oficiais m\u00e9dicos, de sa\u00fade ou de outras especializa\u00e7\u00f5es \u00e9 de <strong>40 anos.<\/strong><\/p>\n\n\n\n<blockquote class=\"wp-block-quote is-layout-flow wp-block-quote-is-layout-flow\">\n<p><em>\u201cA idade limite para in\u00edcio na carreira militar estadual \u00e9 justific\u00e1vel em virtude da natureza do cargo\u201d, <\/em>afirmou o relator.<\/p>\n<\/blockquote>\n\n\n\n<p><\/p>\n\n\n\n<p> O autor da proposta, deputado Guilherme Derrite tamb\u00e9m se manifestou dizendo que hoje n\u00e3o h\u00e1 padroniza\u00e7\u00e3o.<\/p>\n\n\n\n<blockquote class=\"wp-block-quote is-layout-flow wp-block-quote-is-layout-flow\">\n<p><em>\u201cNos estados verifica-se, nos editais de concursos p\u00fablicos, idade limite fixada a partir de crit\u00e9rios desarrazoados, desproporcionais e distantes da realidade da expectativa de vida dos brasileiros\u201d,<\/em> disse.<\/p>\n<\/blockquote>\n\n\n\n<p><\/p>\n\n\n\n<p>O texto insere dispositivos na Lei de Reorganiza\u00e7\u00e3o da Pol\u00edcia Militar e do Corpo de Bombeiros Militar (Decreto-Lei 667\/69). Atualmente, o projeto tramita em car\u00e1ter conclusivo e ainda ser\u00e1 analisado pela Comiss\u00e3o de Constitui\u00e7\u00e3o e Justi\u00e7a e de Cidadania.<\/p>\n\n\n\n<p>Estude para o concurso dos seus sonhos com o\u00a0<strong>M\u00e9todo<\/strong>\u00a0que j\u00e1 ajudou na\u00a0<strong>aprova\u00e7\u00e3o de mais de 70 mil alunos<\/strong>.\u00a0<a href=\"https:\/\/www.novaconcursos.com.br\/eventos\/assinatura?promo_creative=Clique+aqui&amp;promo_name=noticia&amp;promo_id=%2Fportal&amp;promo_position=corpo-texto\" target=\"_blank\" rel=\"noreferrer noopener\">Clique aqui<\/a>\u00a0e saiba mais!<\/p>\n\n\n\n<h2 class=\"wp-block-heading\" id=\"concursos-pm-e-bombeiros-abertos-e-previstos\">Concursos PM e Bombeiros: abertos e previstos!<\/h2>\n\n\n\n<p>O ano de 2023 est\u00e1 cheio de oportunidades. Confira algumas!<\/p>\n\n\n\n<p><strong>Concurso PM e Bombeiros PE<\/strong><\/p>\n\n\n\n<p>A secret\u00e1ria de Defesa Social, Carla Patr\u00edcia Cunha, informou que o novo\u00a0<a href=\"https:\/\/www.novaconcursos.com.br\/portal\/concursos-abertos\/pe\/\">concurso PM e Bombeiros PE<\/a>\u00a0ser\u00e1 anunciado em abril.\u00a0<\/p>\n\n\n\n<blockquote class=\"wp-block-quote is-layout-flow wp-block-quote-is-layout-flow\">\n<p><em>\u201cEsperamos que, agora em abril, possamos fazer o an\u00fancio de novos concursos com muitas vagas<\/em>\u00a0[\u2026]\u00a0<em>Ser\u00e3o muitas vagas abertas. Inicialmente, essas duas operativas ser\u00e3o priorizadas, porque sabemos que h\u00e1 uma defasagem significativa em rela\u00e7\u00e3o ao Brasil. Estamos em 17\u00ba lugar em rela\u00e7\u00e3o aos Estados brasileiros. Nossa meta \u00e9 ficar entre os 10 em n\u00famero de efetivo at\u00e9 o fim da gest\u00e3o e para isso precisaremos de concursos regulares\u201d,\u00a0<\/em>disse Carla Patr\u00edcia.<\/p>\n<\/blockquote>\n\n\n\n<p><\/p>\n\n\n\n<p>De acordo com ela, o governo de Pernambuco pretende abrir concursos a cada dois anos para a Seguran\u00e7a P\u00fablica.<\/p>\n\n\n\n<blockquote class=\"wp-block-quote is-layout-flow wp-block-quote-is-layout-flow\">\n<p><em>\u201cEstamos fazendo um planejamento junto com a Secretaria de Planejamento (Seplag) para que, pelo menos, de dois em dois anos\u00a0tenhamos concursos p\u00fablicos para as pol\u00edcias\u201d.<\/em><\/p>\n<\/blockquote>\n\n\n\n<p><\/p>\n\n\n\n<h2 class=\"wp-block-heading\" id=\"\"><\/h2>\n\n\n\n<p><strong>Concurso PM e Bombeiros PB<\/strong><\/p>\n\n\n\n<p>O\u00a0<strong>governador da Para\u00edba<\/strong>, Jo\u00e3o Azevedo confirmou um novo\u00a0<a href=\"https:\/\/www.novaconcursos.com.br\/portal\/concursos\/concurso-bombeiros-pb-oficiais\/\">concurso PM e Bombeiros PB<\/a>!<\/p>\n\n\n\n<p>A<strong>\u00a0informa\u00e7\u00e3o<\/strong>\u00a0foi divulgada durante entrevista a TC Arapuan.<\/p>\n\n\n\n<blockquote class=\"wp-block-quote is-layout-flow wp-block-quote-is-layout-flow\">\n<p><em>\u201cPrimeira pergunta, sim, inten\u00e7\u00e3o nossa \u00e9 que, em 2023, n\u00f3s fa\u00e7amos concurso para a Pol\u00edcia Militar e para o Corpo de Bombeiros. N\u00f3s estamos levantando exatamente essa demanda, mas deve ser algo em torno de mil vagas\u201d<\/em>, disse o governador.<\/p>\n<\/blockquote>\n\n\n\n<p><\/p>\n\n\n\n<p>Vale destacar que em junho de 2021, o governador j\u00e1 havia dito que o ingresso de\u00a0<strong>novos soldados<\/strong>\u00a0era um pedido dos comandantes das for\u00e7as de Seguran\u00e7a.<\/p>\n\n\n\n<p>A previs\u00e3o era que cerca de<strong>\u00a0mil oportunidades\u00a0<\/strong>fossem ofertadas.<\/p>\n\n\n\n<blockquote class=\"wp-block-quote is-layout-flow wp-block-quote-is-layout-flow\">\n<p><em>\u201cAinda n\u00e3o tem um n\u00famero de vagas, mas com certeza ser\u00e1 em torno de mil novas vagas\u201d,<\/em>\u00a0disse.<\/p>\n<\/blockquote>\n\n\n\n<p><\/p>\n\n\n\n<p>Dessa forma, \u00e9 poss\u00edvel que o edital seja<strong>\u00a0publicado em 2023.<\/strong><\/p>\n\n\n\n<h2 class=\"wp-block-heading\" id=\"\"><\/h2>\n\n\n\n<p><strong>Concurso PM e Bombeiros MS<\/strong><\/p>\n\n\n\n<p>Mais\u00a0<strong>dois editais\u00a0<\/strong>ser\u00e3o publicados em breve no Mato Grosso do Sul. Isso porque foram\u00a0<strong>institu\u00eddas\u00a0<\/strong>as comiss\u00f5es organizadoras dos concursos\u00a0<a href=\"https:\/\/www.novaconcursos.com.br\/portal\/concursos\/concurso-pm-mato-grosso-sul\/\">PM MS\u00a0<\/a>e\u00a0<a href=\"https:\/\/www.novaconcursos.com.br\/portal\/concursos\/concurso-bombeiros-ms\/\">Bombeiros MS<\/a>\u00a0.<\/p>\n\n\n\n<p>Est\u00e3o previstas <strong>520 vagas,\u00a0<\/strong>distribu\u00eddas entre os cargos de Soldados e Oficiais. J\u00e1 para o Corpo de Bombeiros o aval foi de <strong>260 vagas.<\/strong><\/p>\n\n\n\n<p>Assim, o pr\u00f3ximo passo \u00e9 a escolha da banca organizadora respons\u00e1vel pela publica\u00e7\u00e3o do edital. Assim que o contrato com a mesma for assinado, o edital \u00e9 iminente.<\/p>\n\n\n\n<p><strong>Concurso PM SP<\/strong><\/p>\n\n\n\n<p>Foi publicado no Di\u00e1rio Oficial do Estado de S\u00e3o Paulo a autoriza\u00e7\u00e3o do governador Tarc\u00edsio Freitas, para realiza\u00e7\u00e3o do novo\u00a0concurso PM SP\u00a0\u00a0(Pol\u00edcia Militar do Estado de S\u00e3o Paulo).\u00a0<\/p>\n\n\n\n<p>Ao todo, ser\u00e3o ofertadas<strong>\u00a05.600 vagas<\/strong>\u00a0para soldados e oficiais da PM de Barro Branco, sendo:<\/p>\n\n\n\n<ul class=\"wp-block-list\"><li>Soldado: 5.400 vagas<\/li>\n\n\n\n<li>Oficial: 200 vagas<\/li>\n<\/ul><p>De acordo com o documento, as vagas dever\u00e3o ser\u00a0<strong>preenchidas at\u00e9 2024<\/strong>. Uma vez autorizado, o pr\u00f3ximo passo \u00e9 a escolha da comiss\u00e3o, respons\u00e1vel pela defini\u00e7\u00e3o da banca organizadora para que o edital possa ser lan\u00e7ado.<\/p>\n\n\n\n<h2 class=\"wp-block-heading\" id=\"\"><\/h2>\n\n\n\n<p>Ainda n\u00e3o foi confirmado, mas \u00e9 poss\u00edvel que o aval seja\u00a0<strong>divido em dois editais<\/strong>\u00a0com 2.700 oportunidades, assim como aconteceu ano passado.<\/p>\n\n\n\n<p><em>\u201cFaz parte do compromisso de restabelecer efetivo. Tenho certeza que esse restabelecimento vai ser fundamental para o policiamento ostensico\u201d<\/em>, diz o governador. Saiba mais,\u00a0<a href=\"https:\/\/www.novaconcursos.com.br\/portal\/noticias\/concurso-pm-sp-autorizado-5600-vagas\/\">clicando aqui!<\/a><\/p>\n\n\n\n<p><\/p>\n\n\n\n<p><strong>Concurso PM DF<\/strong><\/p>\n\n\n\n<p>Est\u00e3o abertas as inscri\u00e7\u00f5es do\u00a0<a href=\"https:\/\/www.novaconcursos.com.br\/portal\/concursos\/concurso-pm-df\/\">concurso PMDF<\/a>\u00a0(Pol\u00edcia Militar do Distrito Federal) que est\u00e1 ofertando 46 vagas para Oficiais de Sa\u00fade e Capel\u00e3es. Saiba mais!<\/p>\n\n\n\n<p>Para se inscrever \u00e9 necess\u00e1rio acessar o site do\u00a0Instituto AOCP\u00a0, banca organizadora, at\u00e9 o dia\u00a0<strong>12 de junho de 2023<\/strong>\u00a0e preencher o formul\u00e1rio com os dados solicitados.<\/p>\n\n\n\n<p>Al\u00e9m disso, \u00e9 preciso efetuar o pagamento da\u00a0<strong>taxa de inscri\u00e7\u00e3o<\/strong>\u00a0no valor de R$ 135,00 para que a candidatura seja homologada.<\/p>\n\n\n\n<p>De acordo com o edital, ser\u00e3o ofertadas\u00a0<strong>46 vagas<\/strong>, sendo 45 oportunidades destinadas a profissionais de sa\u00fade nas \u00e1reas m\u00e9dica, odontol\u00f3gica e veterin\u00e1ria e 1 oportunidade destinada a capal\u00e3es.<\/p>\n\n\n\n<p>Durante o curso de forma\u00e7\u00e3o, os aprovados ser\u00e3o remunerados com\u00a0<strong>sal\u00e1rios iniciais\u00a0<\/strong>no valor de R$ 9.623,97. Ap\u00f3s o t\u00e9rmino do curso, a remunera\u00e7\u00e3o ser\u00e1 no valor de R$ 11.435,59, valor que j\u00e1 inclui o auxilio-alimenta\u00e7\u00e3o de R$ 850,00 por m\u00eas. Saiba mais, <a href=\"https:\/\/www.novaconcursos.com.br\/portal\/noticias\/concurso-pmdf-inscricoes-abertas-46-vagas\/\">aqui!<\/a><\/p>","protected":false},"excerpt":{"rendered":"<p>A Comiss\u00e3o de Seguran\u00e7a P\u00fablica da C\u00e2mara dos Deputados aprovou o Projeto de Lei 1469\/20, que estabelece idade m\u00e1xima para ingresso nos concursos PM e Bombeiros. Confira! De acordo com o documento, a idade m\u00e1xima para os quadros de oficiais e pra\u00e7as ser\u00e1 de 35 anos, j\u00e1 para oficiais m\u00e9dicos, de sa\u00fade ou de outras [&hellip;]<\/p>\n","protected":false},"author":54679,"featured_media":156720,"comment_status":"closed","ping_status":"closed","sticky":false,"template":"","format":"standard","meta":{"_acf_changed":false,"footnotes":"","_wp_rev_ctl_limit":""},"categories":[228],"tags":[],"class_list":["post-193267","post","type-post","status-publish","format-standard","has-post-thumbnail","hentry","category-noticias"],"acf":[],"_links":{"self":[{"href":"https:\/\/www.novaconcursos.com.br\/portal\/wp-json\/wp\/v2\/posts\/193267","targetHints":{"allow":["GET"]}}],"collection":[{"href":"https:\/\/www.novaconcursos.com.br\/portal\/wp-json\/wp\/v2\/posts"}],"about":[{"href":"https:\/\/www.novaconcursos.com.br\/portal\/wp-json\/wp\/v2\/types\/post"}],"author":[{"embeddable":true,"href":"https:\/\/www.novaconcursos.com.br\/portal\/wp-json\/wp\/v2\/users\/54679"}],"replies":[{"embeddable":true,"href":"https:\/\/www.novaconcursos.com.br\/portal\/wp-json\/wp\/v2\/comments?post=193267"}],"version-history":[{"count":6,"href":"https:\/\/www.novaconcursos.com.br\/portal\/wp-json\/wp\/v2\/posts\/193267\/revisions"}],"predecessor-version":[{"id":281863,"href":"https:\/\/www.novaconcursos.com.br\/portal\/wp-json\/wp\/v2\/posts\/193267\/revisions\/281863"}],"wp:featuredmedia":[{"embeddable":true,"href":"https:\/\/www.novaconcursos.com.br\/portal\/wp-json\/wp\/v2\/media\/156720"}],"wp:attachment":[{"href":"https:\/\/www.novaconcursos.com.br\/portal\/wp-json\/wp\/v2\/media?parent=193267"}],"wp:term":[{"taxonomy":"category","embeddable":true,"href":"https:\/\/www.novaconcursos.com.br\/portal\/wp-json\/wp\/v2\/categories?post=193267"},{"taxonomy":"post_tag","embeddable":true,"href":"https:\/\/www.novaconcursos.com.br\/portal\/wp-json\/wp\/v2\/tags?post=193267"}],"curies":[{"name":"wp","href":"https:\/\/api.w.org\/{rel}","templated":true}]}}